{"id":13093,"date":"2020-06-15T00:00:00","date_gmt":"2020-06-14T23:00:00","guid":{"rendered":"https:\/\/evora2.int.skilltech.pt\/susProjects\/wp_evora2_suite\/escavacoes-arqueologicas-nas-termas-romanas-de-evora-perspetivam-futura-musealizacao-do-espaco\/"},"modified":"2021-07-05T15:59:17","modified_gmt":"2021-07-05T14:59:17","slug":"escavacoes-arqueologicas-nas-termas-romanas-de-evora-perspetivam-futura-musealizacao-do-espaco","status":"publish","type":"post","link":"https:\/\/www.cm-evora.pt\/en\/escavacoes-arqueologicas-nas-termas-romanas-de-evora-perspetivam-futura-musealizacao-do-espaco\/","title":{"rendered":"Escava\u00e7\u00f5es arqueol\u00f3gicas nas Termas Romanas de \u00c9vora perspetivam futura musealiza\u00e7\u00e3o do espa\u00e7o"},"content":{"rendered":"<p> <\/p>\n<p style=\"text-align:justify\"><span class=\"ms-rteThemeForeColor-4-5\" style=\"font-size:12pt\">As Termas Romanas de \u00c9vora, situadas no edif\u00edcio dos Pa\u00e7os do Concelho (Pra\u00e7a de Sert\u00f3rio), est\u00e3o a ser alvo de escava\u00e7\u00f5es arqueol\u00f3gicas promovidas pelo Munic\u00edpio, como antec\u00e2mara para a estrutura\u00e7\u00e3o de um projeto de musealiza\u00e7\u00e3o deste legado patrimonial.<\/span><\/p>\n<p style=\"text-align:justify\"><span class=\"ms-rteThemeForeColor-4-5\" style=\"font-size:12pt\">Esta nova campanha iniciou-se em setembro de 2019, sob dire\u00e7\u00e3o cient\u00edfica de t\u00e9cnicos municipais e da Dire\u00e7\u00e3o Regional de Cultura, e tem contado com a colabora\u00e7\u00e3o permanente de contou com a colabora\u00e7\u00e3o de in\u00fameros estudantes de Arqueologia da Universidade de \u00c9vora.<\/span><\/p>\n<p style=\"text-align:justify\"><span class=\"ms-rteThemeForeColor-4-5\" style=\"font-size:12pt\">Os resultados obtidos at\u00e9 agora, ainda preliminares, revelaram novas informa\u00e7\u00f5es acerca deste espa\u00e7o, como \u00e9 o caso de uma nova sala, de forma semicircular, bem como vest\u00edgios que atestam v\u00e1rias reestrutura\u00e7\u00f5es do edif\u00edcio termal, espa\u00e7adas em cronologias que v\u00e3o do s\u00e9culo I d.C. (data fundacional) at\u00e9 ao s\u00e9c. IV, em contexto de ocupa\u00e7\u00e3o romana.<\/span><\/p>\n<p style=\"text-align:justify\"><span class=\"ms-rteThemeForeColor-4-5\" style=\"font-size:12pt\">Todo o trabalho realizado at\u00e9 agora tem sido alvo de registo fotogram\u00e9trico, proporcionando uma maior celeridade no acesso aos dados arqueol\u00f3gicos, bem como a abertura de possibilidades em termos de divulga\u00e7\u00e3o futura ao p\u00fablico. O esp\u00f3lio recolhido est\u00e1 neste momento em estudo e ficar\u00e1 em dep\u00f3sito na Reserva Arqueol\u00f3gica Municipal, tendo sido iniciadas dilig\u00eancias para o seu registo digital e musealiza\u00e7\u00e3o.<\/span><\/p>\n<p style=\"text-align:justify\"><span class=\"ms-rteThemeForeColor-4-5\" style=\"font-size:12pt\">Recorde-se que a primeira campanha de escava\u00e7\u00f5es realizadas no espa\u00e7o das antigas Termas Romanas de Liberalitas Iulia se sucedeu nos primeiros anos da d\u00e9cada de 90 do s\u00e9culo XX. O espa\u00e7o ent\u00e3o descoberto, e hoje visit\u00e1vel nos Pa\u00e7os do Concelho, \u00e9 constitu\u00eddo por um <\/span><em class=\"ms-rteThemeForeColor-4-5\" style=\"font-size:12pt\">Laconicum <\/em><span class=\"ms-rteThemeForeColor-4-5\" style=\"font-size:12pt\">(zona de banhos quentes) e um <\/span><em class=\"ms-rteThemeForeColor-4-5\" style=\"font-size:12pt\">Praefurnium <\/em><span class=\"ms-rteThemeForeColor-4-5\" style=\"font-size:12pt\">(zona onde se situavam as fornalhas). Subsequentes campanhas vieram a desvendar a exist\u00eancia no antigo complexo de uma <\/span><em class=\"ms-rteThemeForeColor-4-5\" style=\"font-size:12pt\">Natatio <\/em><span class=\"ms-rteThemeForeColor-4-5\" style=\"font-size:12pt\">(piscina), e outras salas subsidi\u00e1rias, perfazendo uma estrutura que poderia ascender aos quase 2500m<\/span><sup class=\"ms-rteThemeForeColor-4-5\" style=\"font-size:10pt\">2<\/sup><span class=\"ms-rteThemeForeColor-4-5\" style=\"font-size:12pt\">.<\/span><\/p>\n<p><\/p>\n<p> <\/p>","protected":false},"excerpt":{"rendered":"<p>As Termas Romanas de \u00c9vora, situadas no edif\u00edcio dos Pa\u00e7os do Concelho (Pra\u00e7a de Sert\u00f3rio), est\u00e3o a ser alvo de escava\u00e7\u00f5es arqueol\u00f3gicas promovidas pelo Munic\u00edpio, como antec\u00e2mara para a estrutura\u00e7\u00e3o de um projeto de musealiza\u00e7\u00e3o deste legado patrimonial. Esta nova campanha iniciou-se em setembro de 2019, sob dire\u00e7\u00e3o cient\u00edfica de t\u00e9cnicos municipais e da Dire\u00e7\u00e3o [&hellip;]<\/p>\n","protected":false},"author":1,"featured_media":13092,"comment_status":"closed","ping_status":"closed","sticky":false,"template":"","format":"standard","meta":{"_acf_changed":false,"footnotes":""},"categories":[2110],"tags":[],"class_list":["post-13093","post","type-post","status-publish","format-standard","has-post-thumbnail","hentry","category-noticias"],"acf":{"imagens":[13092],"destaq_image":13092,"titulo_docs_seccao":"Documentos","documentos":""},"_links":{"self":[{"href":"https:\/\/www.cm-evora.pt\/en\/wp-json\/wp\/v2\/posts\/13093","targetHints":{"allow":["GET"]}}],"collection":[{"href":"https:\/\/www.cm-evora.pt\/en\/wp-json\/wp\/v2\/posts"}],"about":[{"href":"https:\/\/www.cm-evora.pt\/en\/wp-json\/wp\/v2\/types\/post"}],"author":[{"embeddable":true,"href":"https:\/\/www.cm-evora.pt\/en\/wp-json\/wp\/v2\/users\/1"}],"replies":[{"embeddable":true,"href":"https:\/\/www.cm-evora.pt\/en\/wp-json\/wp\/v2\/comments?post=13093"}],"version-history":[{"count":1,"href":"https:\/\/www.cm-evora.pt\/en\/wp-json\/wp\/v2\/posts\/13093\/revisions"}],"predecessor-version":[{"id":24436,"href":"https:\/\/www.cm-evora.pt\/en\/wp-json\/wp\/v2\/posts\/13093\/revisions\/24436"}],"acf:attachment":[{"embeddable":true,"href":"https:\/\/www.cm-evora.pt\/en\/wp-json\/wp\/v2\/media\/13092"}],"wp:featuredmedia":[{"embeddable":true,"href":"https:\/\/www.cm-evora.pt\/en\/wp-json\/wp\/v2\/media\/13092"}],"wp:attachment":[{"href":"https:\/\/www.cm-evora.pt\/en\/wp-json\/wp\/v2\/media?parent=13093"}],"wp:term":[{"taxonomy":"category","embeddable":true,"href":"https:\/\/www.cm-evora.pt\/en\/wp-json\/wp\/v2\/categories?post=13093"},{"taxonomy":"post_tag","embeddable":true,"href":"https:\/\/www.cm-evora.pt\/en\/wp-json\/wp\/v2\/tags?post=13093"}],"curies":[{"name":"wp","href":"https:\/\/api.w.org\/{rel}","templated":true}]}}