{"id":13123,"date":"2020-06-08T00:00:00","date_gmt":"2020-06-07T23:00:00","guid":{"rendered":"https:\/\/evora2.int.skilltech.pt\/susProjects\/wp_evora2_suite\/presidente-da-camara-de-evora-e-ministra-da-cultura-visitaram-obras-de-reabilitacao-do-teatro-garcia-de-resende\/"},"modified":"2021-07-05T15:57:27","modified_gmt":"2021-07-05T14:57:27","slug":"presidente-da-camara-de-evora-e-ministra-da-cultura-visitaram-obras-de-reabilitacao-do-teatro-garcia-de-resende","status":"publish","type":"post","link":"https:\/\/www.cm-evora.pt\/en\/presidente-da-camara-de-evora-e-ministra-da-cultura-visitaram-obras-de-reabilitacao-do-teatro-garcia-de-resende\/","title":{"rendered":"Presidente da C\u00e2mara de \u00c9vora e Ministra da Cultura visitaram obras de reabilita\u00e7\u00e3o do Teatro Garcia de Resende"},"content":{"rendered":"<p> <\/p>\n<p style=\"text-align:justify\"><strong class=\"ms-rteThemeForeColor-4-5\" style=\"font-size:12pt\">O Presidente da C\u00e2mara Municipal de \u00c9vora, Carlos Pinto de S\u00e1, e o Vereador da Cultura, Eduardo Luciano, receberam e acompanharam, esta tarde, a Ministra da Cultura, Gra\u00e7a Fonseca, numa visita \u00e0s obras de reabilita\u00e7\u00e3o funcional que a Autarquia tem em curso no Teatro Garcia de Resende (TGR). &nbsp;<\/strong><\/p>\n<p style=\"text-align:justify\"><span class=\"ms-rteThemeForeColor-4-5\" style=\"font-size:12pt\">&#8220;Estas obras constituem um marco para a cidade e quer\u00edamos que a ministra tivesse a perce\u00e7\u00e3o do esfor\u00e7o que o munic\u00edpio est\u00e1 a fazer no sentido de preservar, reabilitar e dignificar este edif\u00edcio emblem\u00e1tico&#8221;, disse Carlos Pinto de S\u00e1 no final da visita. J\u00e1 a governante sublinhou a import\u00e2ncia da reabertura dos equipamentos culturais em per\u00edodo de desconfinamento da pandemia e mostrou satisfa\u00e7\u00e3o com a interven\u00e7\u00e3o em curso no TGR. <\/span><\/p>\n<p style=\"text-align:justify\"><span class=\"ms-rteThemeForeColor-4-5\" style=\"font-size:12pt\">Recorde-se que as obras que decorrem no interior do Teatro visam interven\u00e7\u00f5es de fundo relacionadas com a seguran\u00e7a, funcionalidade e conforto: seguran\u00e7a contra inc\u00eandios, estabilidade, rede de \u00e1gua e esgotos, eletricidade, ventila\u00e7\u00e3o, etc. O projeto obriga \u00e0 utiliza\u00e7\u00e3o, sempre que poss\u00edvel, do tipo de materiais j\u00e1 existentes e enquadra as novas solu\u00e7\u00f5es de forma a n\u00e3o afetar as condi\u00e7\u00f5es originais de ac\u00fastica, bem como o funcionamento da mec\u00e2nica e cena. Esta fase, de carater\u00edsticas t\u00e9cnicas mais sens\u00edveis, dever\u00e1 prolongar-se pelo per\u00edodo de 15 meses. Em simult\u00e2neo decorrem os trabalhos de arranjo urban\u00edstico dos espa\u00e7os exteriores do edif\u00edcio do Teatro Garcia de Resende, que inclui a reabilita\u00e7\u00e3o do parque de estacionamento. Estas interven\u00e7\u00f5es realizam-se no \u00e2mbito do PEDU &#8211; Plano Estrat\u00e9gico de Desenvolvimento Urbano, e inserem-se na estrat\u00e9gia municipal de regenera\u00e7\u00e3o urbana e revitaliza\u00e7\u00e3o do Centro Hist\u00f3rico de \u00c9vora. O valor total do investimento ronda os 2 milh\u00f5es de euros.<\/span><\/p>\n<p style=\"text-align:justify\"><span class=\"ms-rteThemeForeColor-4-5\" style=\"font-size:12pt\">Durante esta visita a Ministra da Cultura foi confrontada com dois protestos. \u00c0 chegada, foi o grupo de forcados de \u00c9vora que pediu condi\u00e7\u00f5es para o rein\u00edcio das touradas. \u00c0 sa\u00edda, v\u00e1rias dezenas de artistas e agentes culturais do concelho exigiram apoios suplementares para uma das \u00e1reas mais atingidas pelas consequ\u00eancias da pandemia, com o cancelamento de in\u00fameros espet\u00e1culos. Em resposta, Gra\u00e7a Fonseca lembrou aos jornalistas que foram divulgados apoios no valor de 3 milh\u00f5es de euros para apoio adicional aos artistas e aquisi\u00e7\u00e3o de equipamentos individuais para os espa\u00e7os culturais. <\/span><\/p>\n<p style=\"text-align:justify\"><span class=\"ms-rteThemeForeColor-4-5\" style=\"font-size:12pt\">Sobre este assunto, Carlos Pinto de S\u00e1 frisou ser necess\u00e1rio encontrar uma solu\u00e7\u00e3o para os apoios \u00e0s artes &#8220;porque h\u00e1 pessoas que est\u00e3o no limite.&#8221; Jos\u00e9 Russo, diretor do CENDREV &#8211; Centro Dram\u00e1tico de \u00c9vora, sublinhou que esta manifesta\u00e7\u00e3o traduziu a &#8220;indigna\u00e7\u00e3o dos artistas que est\u00e3o a passar dificuldades e a definhar, estando a ess\u00eancia do problema na falta de dinheiro para o setor art\u00edstico.&#8221;<\/span><\/p>\n<p style=\"text-align:justify\"><span class=\"ms-rteThemeForeColor-4-5\" style=\"font-size:12pt\"><br \/><\/span><\/p>\n<p style=\"text-align:justify\"><font color=\"#181818\"><span style=\"font-size:16px\"><span style=\"text-decoration:underline\">Fotos<\/span>:&nbsp;<a href=\"https:\/\/www.cm-evora.pt\/wp-content\/uploads\/2020\/07\/PresidentedaCmaradevoraeMinistradaCulturavisitaramobrasdereabilitaodoTeatroGarciadeResende_F_0_1594215608.jpeg\" target=\"_blank\" rel=\"noopener\"><img decoding=\"async\" class=\"ms-asset-icon ms-rtePosition-4\" src=\"https:\/\/www.cm-evora.pt\/wp-content\/uploads\/2020\/07\/PresidentedaCmaradevoraeMinistradaCulturavisitaramobrasdereabilitaodoTeatroGarciadeResende_F_1_1594215614.gif\" alt=\"\">Foto 01.jpg<\/a>&nbsp;|&nbsp;<a href=\"https:\/\/www.cm-evora.pt\/wp-content\/uploads\/2020\/07\/PresidentedaCmaradevoraeMinistradaCulturavisitaramobrasdereabilitaodoTeatroGarciadeResende_F_2_1594215614.jpeg\" target=\"_blank\" rel=\"noopener\"><img decoding=\"async\" class=\"ms-asset-icon ms-rtePosition-4\" src=\"https:\/\/www.cm-evora.pt\/wp-content\/uploads\/2020\/07\/PresidentedaCmaradevoraeMinistradaCulturavisitaramobrasdereabilitaodoTeatroGarciadeResende_F_1_1594215614.gif\" alt=\"\">Foto 02.jpg<\/a>&nbsp;|&nbsp;<a href=\"https:\/\/www.cm-evora.pt\/wp-content\/uploads\/2020\/07\/PresidentedaCmaradevoraeMinistradaCulturavisitaramobrasdereabilitaodoTeatroGarciadeResende_F_3_1594215621.jpeg\" target=\"_blank\" rel=\"noopener\"><img decoding=\"async\" class=\"ms-asset-icon ms-rtePosition-4\" src=\"https:\/\/www.cm-evora.pt\/wp-content\/uploads\/2020\/07\/PresidentedaCmaradevoraeMinistradaCulturavisitaramobrasdereabilitaodoTeatroGarciadeResende_F_1_1594215614.gif\" alt=\"\">Foto 03.jpg<\/a>&nbsp;|&nbsp;<a href=\"https:\/\/www.cm-evora.pt\/wp-content\/uploads\/2020\/07\/PresidentedaCmaradevoraeMinistradaCulturavisitaramobrasdereabilitaodoTeatroGarciadeResende_F_4_1594215626.jpeg\" target=\"_blank\" rel=\"noopener\"><img decoding=\"async\" class=\"ms-asset-icon ms-rtePosition-4\" src=\"https:\/\/www.cm-evora.pt\/wp-content\/uploads\/2020\/07\/PresidentedaCmaradevoraeMinistradaCulturavisitaramobrasdereabilitaodoTeatroGarciadeResende_F_1_1594215614.gif\" alt=\"\">Foto 04.JPG<\/a><\/span><\/font><\/p>\n<p> <\/p>","protected":false},"excerpt":{"rendered":"<p>O Presidente da C\u00e2mara Municipal de \u00c9vora, Carlos Pinto de S\u00e1, e o Vereador da Cultura, Eduardo Luciano, receberam e acompanharam, esta tarde, a Ministra da Cultura, Gra\u00e7a Fonseca, numa visita \u00e0s obras de reabilita\u00e7\u00e3o funcional que a Autarquia tem em curso no Teatro Garcia de Resende (TGR). &nbsp; &#8220;Estas obras constituem um marco para [&hellip;]<\/p>\n","protected":false},"author":1,"featured_media":13117,"comment_status":"closed","ping_status":"closed","sticky":false,"template":"","format":"standard","meta":{"_acf_changed":false,"footnotes":""},"categories":[2110],"tags":[],"class_list":["post-13123","post","type-post","status-publish","format-standard","has-post-thumbnail","hentry","category-noticias"],"acf":{"imagens":[13117,13118,13119,13120,13121,13122],"destaq_image":13117,"titulo_docs_seccao":"Documentos","documentos":""},"_links":{"self":[{"href":"https:\/\/www.cm-evora.pt\/en\/wp-json\/wp\/v2\/posts\/13123","targetHints":{"allow":["GET"]}}],"collection":[{"href":"https:\/\/www.cm-evora.pt\/en\/wp-json\/wp\/v2\/posts"}],"about":[{"href":"https:\/\/www.cm-evora.pt\/en\/wp-json\/wp\/v2\/types\/post"}],"author":[{"embeddable":true,"href":"https:\/\/www.cm-evora.pt\/en\/wp-json\/wp\/v2\/users\/1"}],"replies":[{"embeddable":true,"href":"https:\/\/www.cm-evora.pt\/en\/wp-json\/wp\/v2\/comments?post=13123"}],"version-history":[{"count":1,"href":"https:\/\/www.cm-evora.pt\/en\/wp-json\/wp\/v2\/posts\/13123\/revisions"}],"predecessor-version":[{"id":24431,"href":"https:\/\/www.cm-evora.pt\/en\/wp-json\/wp\/v2\/posts\/13123\/revisions\/24431"}],"acf:attachment":[{"embeddable":true,"href":"https:\/\/www.cm-evora.pt\/en\/wp-json\/wp\/v2\/media\/13122"},{"embeddable":true,"href":"https:\/\/www.cm-evora.pt\/en\/wp-json\/wp\/v2\/media\/13121"},{"embeddable":true,"href":"https:\/\/www.cm-evora.pt\/en\/wp-json\/wp\/v2\/media\/13120"},{"embeddable":true,"href":"https:\/\/www.cm-evora.pt\/en\/wp-json\/wp\/v2\/media\/13119"},{"embeddable":true,"href":"https:\/\/www.cm-evora.pt\/en\/wp-json\/wp\/v2\/media\/13118"},{"embeddable":true,"href":"https:\/\/www.cm-evora.pt\/en\/wp-json\/wp\/v2\/media\/13117"}],"wp:featuredmedia":[{"embeddable":true,"href":"https:\/\/www.cm-evora.pt\/en\/wp-json\/wp\/v2\/media\/13117"}],"wp:attachment":[{"href":"https:\/\/www.cm-evora.pt\/en\/wp-json\/wp\/v2\/media?parent=13123"}],"wp:term":[{"taxonomy":"category","embeddable":true,"href":"https:\/\/www.cm-evora.pt\/en\/wp-json\/wp\/v2\/categories?post=13123"},{"taxonomy":"post_tag","embeddable":true,"href":"https:\/\/www.cm-evora.pt\/en\/wp-json\/wp\/v2\/tags?post=13123"}],"curies":[{"name":"wp","href":"https:\/\/api.w.org\/{rel}","templated":true}]}}