{"id":13129,"date":"2020-06-04T00:00:00","date_gmt":"2020-06-03T23:00:00","guid":{"rendered":"https:\/\/evora2.int.skilltech.pt\/susProjects\/wp_evora2_suite\/tomada-de-posicao\/"},"modified":"2021-07-05T15:55:13","modified_gmt":"2021-07-05T14:55:13","slug":"tomada-de-posicao","status":"publish","type":"post","link":"https:\/\/www.cm-evora.pt\/en\/tomada-de-posicao\/","title":{"rendered":"Tomada de posi\u00e7\u00e3o"},"content":{"rendered":"<p><\/p>\n<h2>C\u00e2mara Municipal de \u00c9vora apela \u00e0 reabertura das Extens\u00f5es de Sa\u00fade das Freguesias Rurais do Concelho<\/h2>\n<p style=\"text-align:justify\"><strong class=\"ms-rteThemeForeColor-4-5\" style=\"font-size:12pt\">Uma tomada de posi\u00e7\u00e3o dos Eleitos da CDU que apela \u00e0 reabertura das Extens\u00f5es de Sa\u00fade das Freguesias Rurais do Concelho &#8211; dada a atual fase de desconfinamento \u2013 foi aprovada por unanimidade na reuni\u00e3o p\u00fablica de 3 de Junho.<\/strong><\/p>\n<p style=\"text-align:justify\"><span class=\"ms-rteThemeForeColor-4-5\" style=\"font-size:12pt\">Esta tomada de posi\u00e7\u00e3o relembra que no quadro das medidas de preven\u00e7\u00e3o e combate \u00e0 propaga\u00e7\u00e3o da epidemia COVID-19 decretadas pelo governo, foram, em Mar\u00e7o, encerradas as extens\u00f5es de sa\u00fade das Freguesias Rurais do Concelho de \u00c9vora.<\/span><\/p>\n<p style=\"text-align:justify\"><span class=\"ms-rteThemeForeColor-4-5\" style=\"font-size:12pt\">Tendo em conta o contexto em que a popula\u00e7\u00e3o esteve sujeita a medidas de confinamento, em particular os chamados &#8220;grupos de risco&#8221;, e a s\u00e9rias restri\u00e7\u00f5es \u00e0 circula\u00e7\u00e3o, considera a C\u00e2mara Municipal de \u00c9vora (CME) que o encerramento destes servi\u00e7os p\u00fablicos se configurou como uma verdadeira suspens\u00e3o do acesso \u00e0 sa\u00fade para muitos cidad\u00e3os residentes nestas freguesias.<\/span><\/p>\n<p style=\"text-align:justify\"><span class=\"ms-rteThemeForeColor-4-5\" style=\"font-size:12pt\">Desta forma, num momento em que o Pa\u00eds retoma progressivamente a sua atividade econ\u00f3mica e social, a CME considera que o acesso a cuidados de sa\u00fade de proximidade n\u00e3o pode ser posto em causa e apela \u00e0s entidades competentes pela urgente reabertura de todas as extens\u00f5es de sa\u00fade que foram encerradas, bem como pelo refor\u00e7o dos seus meios.<\/span><\/p>\n<p> <\/p>","protected":false},"excerpt":{"rendered":"<p>C\u00e2mara Municipal de \u00c9vora apela \u00e0 reabertura das Extens\u00f5es de Sa\u00fade das Freguesias Rurais do Concelho<\/p>\n","protected":false},"author":1,"featured_media":13128,"comment_status":"closed","ping_status":"closed","sticky":false,"template":"","format":"standard","meta":{"_acf_changed":false,"footnotes":""},"categories":[2110],"tags":[],"class_list":["post-13129","post","type-post","status-publish","format-standard","has-post-thumbnail","hentry","category-noticias"],"acf":{"imagens":[13128],"destaq_image":13128,"titulo_docs_seccao":"Documentos","documentos":""},"_links":{"self":[{"href":"https:\/\/www.cm-evora.pt\/en\/wp-json\/wp\/v2\/posts\/13129","targetHints":{"allow":["GET"]}}],"collection":[{"href":"https:\/\/www.cm-evora.pt\/en\/wp-json\/wp\/v2\/posts"}],"about":[{"href":"https:\/\/www.cm-evora.pt\/en\/wp-json\/wp\/v2\/types\/post"}],"author":[{"embeddable":true,"href":"https:\/\/www.cm-evora.pt\/en\/wp-json\/wp\/v2\/users\/1"}],"replies":[{"embeddable":true,"href":"https:\/\/www.cm-evora.pt\/en\/wp-json\/wp\/v2\/comments?post=13129"}],"version-history":[{"count":1,"href":"https:\/\/www.cm-evora.pt\/en\/wp-json\/wp\/v2\/posts\/13129\/revisions"}],"predecessor-version":[{"id":24428,"href":"https:\/\/www.cm-evora.pt\/en\/wp-json\/wp\/v2\/posts\/13129\/revisions\/24428"}],"acf:attachment":[{"embeddable":true,"href":"https:\/\/www.cm-evora.pt\/en\/wp-json\/wp\/v2\/media\/13128"}],"wp:featuredmedia":[{"embeddable":true,"href":"https:\/\/www.cm-evora.pt\/en\/wp-json\/wp\/v2\/media\/13128"}],"wp:attachment":[{"href":"https:\/\/www.cm-evora.pt\/en\/wp-json\/wp\/v2\/media?parent=13129"}],"wp:term":[{"taxonomy":"category","embeddable":true,"href":"https:\/\/www.cm-evora.pt\/en\/wp-json\/wp\/v2\/categories?post=13129"},{"taxonomy":"post_tag","embeddable":true,"href":"https:\/\/www.cm-evora.pt\/en\/wp-json\/wp\/v2\/tags?post=13129"}],"curies":[{"name":"wp","href":"https:\/\/api.w.org\/{rel}","templated":true}]}}