{"id":13213,"date":"2020-05-11T00:00:00","date_gmt":"2020-05-10T23:00:00","guid":{"rendered":"https:\/\/evora2.int.skilltech.pt\/susProjects\/wp_evora2_suite\/estacionamento-tarifado-no-centro-historico\/"},"modified":"2021-07-05T15:38:50","modified_gmt":"2021-07-05T14:38:50","slug":"estacionamento-tarifado-no-centro-historico","status":"publish","type":"post","link":"https:\/\/www.cm-evora.pt\/en\/estacionamento-tarifado-no-centro-historico\/","title":{"rendered":"Estacionamento tarifado no Centro Hist\u00f3rico"},"content":{"rendered":"<p> <\/p>\n<p style=\"font-size:14.0154px;text-align:justify\"><span class=\"ms-rteThemeForeColor-4-5\" style=\"font-size:14.0168px\"><strong style=\"font-size:14.0182px\">Emiss\u00e3o de Selos de Residente a partir de 11 de maio e retoma da fiscaliza\u00e7\u00e3o no dia 18. Munic\u00edpio disponibiliza&nbsp;<\/strong><strong style=\"font-size:14.0182px\"><em style=\"font-size:14.0196px\">app&nbsp;<\/em><\/strong><strong style=\"font-size:14.0182px\">para pagamento do estacionamento na via p\u00fablica atrav\u00e9s de&nbsp;<\/strong><strong style=\"font-size:14.0182px\"><em style=\"font-size:14.0196px\">smartphone<\/em><\/strong><strong style=\"font-size:14.0182px\">.<\/strong><\/span><\/p>\n<p style=\"font-size:14.0154px;text-align:justify\"><span class=\"ms-rteThemeForeColor-4-5\" style=\"font-size:14.0168px\">Com o Pa\u00eds a regressar progressivamente \u00e0 atividade e o consequente aumento da circula\u00e7\u00e3o de ve\u00edculos, ser\u00e1 retomada a fiscaliza\u00e7\u00e3o do estacionamento tarifado no Centro Hist\u00f3rico a partir do pr\u00f3ximo dia 18 de maio, segunda-feira. Todas as quest\u00f5es relacionadas com a emiss\u00e3o de selos de residente poder\u00e3o ser tratadas na Divis\u00e3o de Ambiente e Mobilidade, na Rua da Rep\u00fablica (antiga Rodovi\u00e1ria) a partir desta segunda-feira, 11 de maio.<\/span><\/p>\n<p style=\"font-size:14.0154px;text-align:justify\"><span class=\"ms-rteThemeForeColor-4-5\" style=\"font-size:14.0168px\"><span style=\"font-size:14.0182px\">Com o regresso da fiscaliza\u00e7\u00e3o do estacionamento tarifado, o Munic\u00edpio disponibiliza a app&nbsp;<\/span><em style=\"font-size:14.0182px\">iParque<\/em><span style=\"font-size:14.0182px\">, uma plataforma que facilita o pagamento do estacionamento na via p\u00fablica atrav\u00e9s do&nbsp;<\/span><em style=\"font-size:14.0182px\">smartphone<\/em><span style=\"font-size:14.0182px\">. Esta aplica\u00e7\u00e3o permite que qualquer condutor a partir do seu&nbsp;<\/span><em style=\"font-size:14.0182px\">smartphone&nbsp;<\/em><span style=\"font-size:14.0182px\">possa, evitando o manuseamento de dinheiro e com a maior comodidade poss\u00edvel, pagar o montante relativo ao estacionamento da sua viatura por um determinado per\u00edodo de tempo, sem se deslocar ao parqu\u00edmetro.<\/span><\/span><\/p>\n<p style=\"font-size:14.0154px;text-align:justify\"><span class=\"ms-rteThemeForeColor-4-5\" style=\"font-size:14.0168px\">A aplica\u00e7\u00e3o de pagamento de estacionamento pode ser descarregada gratuitamente para dispositivos m\u00f3veis iPhone\/iPad ou com sistema Android.<\/span><\/p>\n<p style=\"font-size:14.0154px;text-align:justify\"><span class=\"ms-rteThemeForeColor-4-5\" style=\"font-size:14.0168px\">Recorde-se que, devido \u00e0s medidas decorrentes do Estado de Emerg\u00eancia para fazer face \u00e0 pandemia de COVID-19, a C\u00e2mara Municipal de \u00c9vora decidiu, no passado dia 20 de mar\u00e7o, suspender a fiscaliza\u00e7\u00e3o do estacionamento tarifado. A Fiscaliza\u00e7\u00e3o Municipal continuou durante este per\u00edodo a atuar, focando-se essencialmente na garantia de funcionamento dos servi\u00e7os essenciais, como a reserva de circula\u00e7\u00e3o, paragem e estacionamento de ambul\u00e2ncias e outros ve\u00edculos priorit\u00e1rios.<\/span><\/p>\n<p style=\"font-size:14.0154px;text-align:justify\"><span class=\"ms-rteThemeForeColor-4-5\" style=\"font-size:14.0168px\">Mais informa\u00e7\u00f5es em&nbsp;<\/span><a href=\"http:\/\/www.cm-evora.pt\/pt\/servicos\/transito\/Paginas\/list.aspx\" target=\"_blank\" style=\"font-size:14.0168px\" rel=\"noopener noreferrer\"><span class=\"ms-rteForeColor-8\" style=\"font-size:14.0182px\">http:\/\/www.cm-evora.pt\/pt\/servicos\/transito\/Paginas\/list.aspx<\/span><\/a><\/p>\n<p><\/p>\n<p> <\/p>","protected":false},"excerpt":{"rendered":"<p>Emiss\u00e3o de Selos de Residente a partir de 11 de maio e retoma da fiscaliza\u00e7\u00e3o no dia 18. Munic\u00edpio disponibiliza&nbsp;app&nbsp;para pagamento do estacionamento na via p\u00fablica atrav\u00e9s de&nbsp;smartphone. Com o Pa\u00eds a regressar progressivamente \u00e0 atividade e o consequente aumento da circula\u00e7\u00e3o de ve\u00edculos, ser\u00e1 retomada a fiscaliza\u00e7\u00e3o do estacionamento tarifado no Centro Hist\u00f3rico a [&hellip;]<\/p>\n","protected":false},"author":1,"featured_media":13212,"comment_status":"closed","ping_status":"closed","sticky":false,"template":"","format":"standard","meta":{"_acf_changed":false,"footnotes":""},"categories":[2110],"tags":[],"class_list":["post-13213","post","type-post","status-publish","format-standard","has-post-thumbnail","hentry","category-noticias"],"acf":{"imagens":"","destaq_image":13212,"titulo_docs_seccao":"Documentos","documentos":""},"_links":{"self":[{"href":"https:\/\/www.cm-evora.pt\/en\/wp-json\/wp\/v2\/posts\/13213","targetHints":{"allow":["GET"]}}],"collection":[{"href":"https:\/\/www.cm-evora.pt\/en\/wp-json\/wp\/v2\/posts"}],"about":[{"href":"https:\/\/www.cm-evora.pt\/en\/wp-json\/wp\/v2\/types\/post"}],"author":[{"embeddable":true,"href":"https:\/\/www.cm-evora.pt\/en\/wp-json\/wp\/v2\/users\/1"}],"replies":[{"embeddable":true,"href":"https:\/\/www.cm-evora.pt\/en\/wp-json\/wp\/v2\/comments?post=13213"}],"version-history":[{"count":2,"href":"https:\/\/www.cm-evora.pt\/en\/wp-json\/wp\/v2\/posts\/13213\/revisions"}],"predecessor-version":[{"id":24404,"href":"https:\/\/www.cm-evora.pt\/en\/wp-json\/wp\/v2\/posts\/13213\/revisions\/24404"}],"wp:featuredmedia":[{"embeddable":true,"href":"https:\/\/www.cm-evora.pt\/en\/wp-json\/wp\/v2\/media\/13212"}],"wp:attachment":[{"href":"https:\/\/www.cm-evora.pt\/en\/wp-json\/wp\/v2\/media?parent=13213"}],"wp:term":[{"taxonomy":"category","embeddable":true,"href":"https:\/\/www.cm-evora.pt\/en\/wp-json\/wp\/v2\/categories?post=13213"},{"taxonomy":"post_tag","embeddable":true,"href":"https:\/\/www.cm-evora.pt\/en\/wp-json\/wp\/v2\/tags?post=13213"}],"curies":[{"name":"wp","href":"https:\/\/api.w.org\/{rel}","templated":true}]}}