{"id":13218,"date":"2020-05-11T00:00:00","date_gmt":"2020-05-10T23:00:00","guid":{"rendered":"https:\/\/evora2.int.skilltech.pt\/susProjects\/wp_evora2_suite\/china-nidongfang-art-museum-oferece-mascaras-a-evora\/"},"modified":"2021-07-05T15:37:28","modified_gmt":"2021-07-05T14:37:28","slug":"china-nidongfang-art-museum-oferece-mascaras-a-evora","status":"publish","type":"post","link":"https:\/\/www.cm-evora.pt\/en\/china-nidongfang-art-museum-oferece-mascaras-a-evora\/","title":{"rendered":"China Nidongfang Art Museum oferece m\u00e1scaras a \u00c9vora"},"content":{"rendered":"<p> <\/p>\n<p style=\"text-align:justify\">\u200b<span class=\"ms-rteThemeForeColor-4-5\" style=\"font-size:14.0252px\">\u200b<\/span><strong class=\"ms-rteThemeForeColor-4-5\" style=\"font-size:12pt\">Lian Zhang, Diretor da Associa\u00e7\u00e3o Portuguesa de Imprensa (Apimprensa), e Diretor do jornal da comunidade chinesa em Portugal, na companhia de Jos\u00e9 Miguel Pi\u00e7arra, do grupo Di\u00e1rio do Sul, deslocou-se na passada sexta-feira aos Pa\u00e7os do Concelho e ofereceu \u00e0 C\u00e2mara Municipal de \u00c9vora 5000 m\u00e1scaras de prote\u00e7\u00e3o atrav\u00e9s do China Nidongfang Art Museum. O Presidente da C\u00e2mara Municipal de \u00c9vora, Carlos Pinto de S\u00e1, agradeceu em nome da popula\u00e7\u00e3o e garantiu que as mesmas ter\u00e3o o melhor encaminhamento.<\/strong><\/p>\n<p style=\"text-align:justify\"><span class=\"ms-rteThemeForeColor-4-5\" style=\"font-size:12pt\"><span style=\"text-decoration:underline\">Fotos<\/span>:&nbsp;<a href=\"https:\/\/www.cm-evora.pt\/wp-content\/uploads\/2020\/07\/ChinaNidongfangArtMuseumoferecemscarasavora_F_0_1594215738.jpeg\"><img decoding=\"async\" class=\"ms-asset-icon ms-rtePosition-4\" src=\"https:\/\/www.cm-evora.pt\/wp-content\/uploads\/2020\/07\/ChinaNidongfangArtMuseumoferecemscarasavora_F_1_1594215739.gif\" alt=\"\">Foto&nbsp;01.jpg<\/a>&nbsp;|&nbsp;<a href=\"https:\/\/www.cm-evora.pt\/wp-content\/uploads\/2020\/07\/ChinaNidongfangArtMuseumoferecemscarasavora_F_2_1594215739.jpeg\"><img decoding=\"async\" class=\"ms-asset-icon ms-rtePosition-4\" src=\"https:\/\/www.cm-evora.pt\/wp-content\/uploads\/2020\/07\/ChinaNidongfangArtMuseumoferecemscarasavora_F_1_1594215739.gif\" alt=\"\">Foto&nbsp;02.jpg<\/a><\/span><\/p>\n<dl class=\"info-list\">\n<p>\u200b<\/p>\n<p style=\"font-size:13.0203px\"><span class=\"ms-rteThemeForeColor-4-5\" style=\"font-size:12pt\"><span style=\"font-size:16.0016px\">#evorasomostodos #fiqueemcasa<\/span><\/span><br style=\"font-size:13.0216px\"><\/p>\n<p style=\"font-size:13.0203px\"><span class=\"ms-rteThemeForeColor-4-5\" style=\"font-size:12pt\"><span style=\"font-size:16.0016px\"><br style=\"font-size:16.0032px\"><\/span><\/span><\/p>\n<div style=\"font-size:13.0203px\">\n<div style=\"font-size:13.0203px\">\n<p style=\"font-size:13.0281px;text-align:center\"><span style=\"font-size:13.0203px\">\u200b<\/span><a href=\"http:\/\/www.cm-evora.pt\/pt\/site-municipio\/atividademunicipio\/Covid-19\/Paginas\/list.aspx\" target=\"_blank\" title=\"http:\/\/www.cm-evora.pt\/pt\/site-municipio\/atividademunicipio\/Covid-19\/Paginas\/list.aspx\" style=\"font-size:14.0182px;, arial, helvetica, sans-serif;font-style:italic\" rel=\"noopener noreferrer\"><span class=\"ms-rteForeColor-8\" style=\"font-size:12pt\">Covid-\u200b19 &#8211; Informa\u00e7\u00e3o Municipal\u200b\u200b<\/span><\/a><br style=\"font-size:13.0294px\"><\/p>\n<\/div>\n<\/div>\n<p><a href=\"http:\/\/www.cm-evora.pt\/pt\/site-municipio\/atividademunicipio\/%C3%89vora-Somos-Todos\/Paginas\/list.aspx\" target=\"_blank\" title=\"http:\/\/www.cm-evora.pt\/pt\/site-municipio\/atividademunicipio\/%C3%89vora-Somos-Todos\/Paginas\/list.aspx\" style=\"font-size:13.0203px\" rel=\"noopener noreferrer\"><\/p>\n<p style=\"font-size:13.0216px;text-align:center\"><span class=\"ms-rteForeColor-8\" style=\"font-size:12pt\"><span style=\"font-size:16.0016px\"><em style=\"font-size:16.0032px\">\u00c9vora Somos Todos<\/em><\/span><\/span><\/p>\n<p><\/a><\/p>\n<p><\/p>\n<\/dl>\n<p><\/p>","protected":false},"excerpt":{"rendered":"<p>\u200b\u200bLian Zhang, Diretor da Associa\u00e7\u00e3o Portuguesa de Imprensa (Apimprensa), e Diretor do jornal da comunidade chinesa em Portugal, na companhia de Jos\u00e9 Miguel Pi\u00e7arra, do grupo Di\u00e1rio do Sul, deslocou-se na passada sexta-feira aos Pa\u00e7os do Concelho e ofereceu \u00e0 C\u00e2mara Municipal de \u00c9vora 5000 m\u00e1scaras de prote\u00e7\u00e3o atrav\u00e9s do China Nidongfang Art Museum. O [&hellip;]<\/p>\n","protected":false},"author":1,"featured_media":13214,"comment_status":"closed","ping_status":"closed","sticky":false,"template":"","format":"standard","meta":{"_acf_changed":false,"footnotes":""},"categories":[2110],"tags":[],"class_list":["post-13218","post","type-post","status-publish","format-standard","has-post-thumbnail","hentry","category-noticias"],"acf":{"imagens":"","destaq_image":13214,"titulo_docs_seccao":"Documentos","documentos":""},"_links":{"self":[{"href":"https:\/\/www.cm-evora.pt\/en\/wp-json\/wp\/v2\/posts\/13218","targetHints":{"allow":["GET"]}}],"collection":[{"href":"https:\/\/www.cm-evora.pt\/en\/wp-json\/wp\/v2\/posts"}],"about":[{"href":"https:\/\/www.cm-evora.pt\/en\/wp-json\/wp\/v2\/types\/post"}],"author":[{"embeddable":true,"href":"https:\/\/www.cm-evora.pt\/en\/wp-json\/wp\/v2\/users\/1"}],"replies":[{"embeddable":true,"href":"https:\/\/www.cm-evora.pt\/en\/wp-json\/wp\/v2\/comments?post=13218"}],"version-history":[{"count":2,"href":"https:\/\/www.cm-evora.pt\/en\/wp-json\/wp\/v2\/posts\/13218\/revisions"}],"predecessor-version":[{"id":24403,"href":"https:\/\/www.cm-evora.pt\/en\/wp-json\/wp\/v2\/posts\/13218\/revisions\/24403"}],"wp:featuredmedia":[{"embeddable":true,"href":"https:\/\/www.cm-evora.pt\/en\/wp-json\/wp\/v2\/media\/13214"}],"wp:attachment":[{"href":"https:\/\/www.cm-evora.pt\/en\/wp-json\/wp\/v2\/media?parent=13218"}],"wp:term":[{"taxonomy":"category","embeddable":true,"href":"https:\/\/www.cm-evora.pt\/en\/wp-json\/wp\/v2\/categories?post=13218"},{"taxonomy":"post_tag","embeddable":true,"href":"https:\/\/www.cm-evora.pt\/en\/wp-json\/wp\/v2\/tags?post=13218"}],"curies":[{"name":"wp","href":"https:\/\/api.w.org\/{rel}","templated":true}]}}