{"id":13247,"date":"2020-05-04T00:00:00","date_gmt":"2020-05-03T23:00:00","guid":{"rendered":"https:\/\/evora2.int.skilltech.pt\/susProjects\/wp_evora2_suite\/comissao-municipal-de-defesa-da-floresta-contraincendios-prepara-trabalho-de-prevencao\/"},"modified":"2021-07-05T15:24:02","modified_gmt":"2021-07-05T14:24:02","slug":"comissao-municipal-de-defesa-da-floresta-contraincendios-prepara-trabalho-de-prevencao","status":"publish","type":"post","link":"https:\/\/www.cm-evora.pt\/en\/comissao-municipal-de-defesa-da-floresta-contraincendios-prepara-trabalho-de-prevencao\/","title":{"rendered":"Comiss\u00e3o Municipal de Defesa da Floresta Contrainc\u00eandios prepara trabalho de preven\u00e7\u00e3o"},"content":{"rendered":"<p> <\/p>\n<div style=\"text-align:justify\"><span class=\"ms-rteThemeForeColor-4-5\" style=\"font-size:12pt\"><strong>O Plano Operacional Municipal 2020 que prepara, anualmente, o Plano Municipal de Defesa da Floresta Contrainc\u00eandios (PMDFCI) e a respetiva Cartografia de Apoio \u00e0 Decis\u00e3o 2020, foi um dos pontos aprovados por unanimidade na reuni\u00e3o extraordin\u00e1ria da Comiss\u00e3o Municipal de Defesa da Floresta de \u00c9vora (CMDFE), que decorreu no dia 30 de abril, nos Pa\u00e7os do Concelho de \u00c9vora.<\/strong><\/span><\/div>\n<div style=\"text-align:justify\"><span class=\"ms-rteThemeForeColor-4-5\" style=\"font-size:12pt\"><br \/><\/span><\/div>\n<div style=\"text-align:justify\"><span class=\"ms-rteThemeForeColor-4-5\" style=\"font-size:12pt\">A reuni\u00e3o \u2013 realizada por videoconfer\u00eancia e presidida pelo Vereador do pelouro da Prote\u00e7\u00e3o Civil e Presidente da Comiss\u00e3o Municipal de Defesa da Floresta de \u00c9vora, Alexandre Varela -, incluiu ainda na ordem de trabalhos a discuss\u00e3o e aprova\u00e7\u00e3o de proposta de altera\u00e7\u00e3o ao Regimento da CMDF \u00c9vora, a ratifica\u00e7\u00e3o da vota\u00e7\u00e3o elaborada por email sobre emiss\u00e3o de parecer sobre edifica\u00e7\u00e3o em espa\u00e7o Rural &#8211; Ferragial da Vinha e Figueiras (ambos os pontos aprovados por unanimidade) e o relat\u00f3rio de execu\u00e7\u00e3o do PMDFCI referente ao ano de 2019, este somente para conhecimento.<\/span><\/div>\n<div style=\"text-align:justify\"><span class=\"ms-rteThemeForeColor-4-5\" style=\"font-size:12pt\"><br \/><\/span><\/div>\n<div style=\"text-align:justify\"><span class=\"ms-rteThemeForeColor-4-5\" style=\"font-size:12pt\">O Plano Operacional Municipal (POM) prepara a cada ano o PMDFCI, identificando o dispositivo operacional para as a\u00e7\u00f5es de vigil\u00e2ncia, dete\u00e7\u00e3o, fiscaliza\u00e7\u00e3o, primeira interven\u00e7\u00e3o, combate, rescaldo e vigil\u00e2ncia p\u00f3s inc\u00eandio para o Munic\u00edpio de \u00c9vora. Pretende-se que o POM permita uma melhor tomada de decis\u00e3o, contribuindo para uma resposta mais atempada e eficaz de todos os intervenientes na Defesa da Floresta contrainc\u00eandios (DFCI) no concelho de \u00c9vora.<\/span><\/div>\n<div style=\"text-align:justify\"><span class=\"ms-rteThemeForeColor-4-5\" style=\"font-size:12pt\"><br \/><\/span><\/div>\n<div style=\"text-align:justify\"><span class=\"ms-rteThemeForeColor-4-5\" style=\"font-size:12pt\">Constituem objetivos deste plano: garantir a seguran\u00e7a de pessoas e bens; melhorar o sistema de vigil\u00e2ncia e dete\u00e7\u00e3o de inc\u00eandios florestais; garantir uma resposta r\u00e1pida, eficaz e coordenada dos meios e reduzir a \u00e1rea ardida e o n\u00famero de ocorr\u00eancias.<\/span><\/div>\n<div style=\"text-align:justify\"><span class=\"ms-rteThemeForeColor-4-5\" style=\"font-size:12pt\"><br \/><\/span><\/div>\n<div style=\"text-align:justify\"><span class=\"ms-rteThemeForeColor-4-5\" style=\"font-size:12pt\">A representa\u00e7\u00e3o cartogr\u00e1fica das redes DFCI \u00e9 uma importante ferramenta de apoio \u00e0 decis\u00e3o nas a\u00e7\u00f5es de primeira interven\u00e7\u00e3o, combate e rescaldo, procurando desta forma aumentar os n\u00edveis de seguran\u00e7a dos intervenientes. A constru\u00e7\u00e3o de uma base cartogr\u00e1fica simples que integra os elementos mais importantes na DFCI e abrange todo o Concelho, constitui-se como um elemento fundamental para uma leitura mais correta das condi\u00e7\u00f5es e elementos que se encontram no terreno.<\/span><\/div>\n<div style=\"text-align:justify\"><span class=\"ms-rteThemeForeColor-4-5\" style=\"font-size:12pt\"><br \/><\/span><\/div>\n<div style=\"text-align:justify\"><span class=\"ms-rteThemeForeColor-4-5\" style=\"font-size:12pt\"><span>A Infraestruturas de Portugal (IP), a EDP e o Munic\u00edpio de \u00c9vora est\u00e3o a proceder \u00e0 limpeza de \u00e1reas de gest\u00e3o combust\u00edvel nas faixas sob sua responsabilidade, sendo que todos reconhecem as dificuldades do atual contexto COVID-19, em que as equipas operacionais foram substancialmente reduzidas e alguns dos habituais prestadores de servi\u00e7os nesta \u00e1rea apresentam muitas dificuldades de funcionamento em virtude das limita\u00e7\u00f5es de alojamento e restaura\u00e7\u00e3o.<\/span><span style=\"font-size:12pt\"><\/span><\/span><\/div>\n<p> <\/p>","protected":false},"excerpt":{"rendered":"<p>O Plano Operacional Municipal 2020 que prepara, anualmente, o Plano Municipal de Defesa da Floresta Contrainc\u00eandios (PMDFCI) e a respetiva Cartografia de Apoio \u00e0 Decis\u00e3o 2020, foi um dos pontos aprovados por unanimidade na reuni\u00e3o extraordin\u00e1ria da Comiss\u00e3o Municipal de Defesa da Floresta de \u00c9vora (CMDFE), que decorreu no dia 30 de abril, nos Pa\u00e7os [&hellip;]<\/p>\n","protected":false},"author":1,"featured_media":13246,"comment_status":"closed","ping_status":"closed","sticky":false,"template":"","format":"standard","meta":{"_acf_changed":false,"footnotes":""},"categories":[2110],"tags":[],"class_list":["post-13247","post","type-post","status-publish","format-standard","has-post-thumbnail","hentry","category-noticias"],"acf":{"imagens":[13246],"destaq_image":13246,"titulo_docs_seccao":"Documentos","documentos":""},"_links":{"self":[{"href":"https:\/\/www.cm-evora.pt\/en\/wp-json\/wp\/v2\/posts\/13247","targetHints":{"allow":["GET"]}}],"collection":[{"href":"https:\/\/www.cm-evora.pt\/en\/wp-json\/wp\/v2\/posts"}],"about":[{"href":"https:\/\/www.cm-evora.pt\/en\/wp-json\/wp\/v2\/types\/post"}],"author":[{"embeddable":true,"href":"https:\/\/www.cm-evora.pt\/en\/wp-json\/wp\/v2\/users\/1"}],"replies":[{"embeddable":true,"href":"https:\/\/www.cm-evora.pt\/en\/wp-json\/wp\/v2\/comments?post=13247"}],"version-history":[{"count":1,"href":"https:\/\/www.cm-evora.pt\/en\/wp-json\/wp\/v2\/posts\/13247\/revisions"}],"predecessor-version":[{"id":24385,"href":"https:\/\/www.cm-evora.pt\/en\/wp-json\/wp\/v2\/posts\/13247\/revisions\/24385"}],"acf:attachment":[{"embeddable":true,"href":"https:\/\/www.cm-evora.pt\/en\/wp-json\/wp\/v2\/media\/13246"}],"wp:featuredmedia":[{"embeddable":true,"href":"https:\/\/www.cm-evora.pt\/en\/wp-json\/wp\/v2\/media\/13246"}],"wp:attachment":[{"href":"https:\/\/www.cm-evora.pt\/en\/wp-json\/wp\/v2\/media?parent=13247"}],"wp:term":[{"taxonomy":"category","embeddable":true,"href":"https:\/\/www.cm-evora.pt\/en\/wp-json\/wp\/v2\/categories?post=13247"},{"taxonomy":"post_tag","embeddable":true,"href":"https:\/\/www.cm-evora.pt\/en\/wp-json\/wp\/v2\/tags?post=13247"}],"curies":[{"name":"wp","href":"https:\/\/api.w.org\/{rel}","templated":true}]}}