{"id":13298,"date":"2020-04-22T00:00:00","date_gmt":"2020-04-21T23:00:00","guid":{"rendered":"https:\/\/evora2.int.skilltech.pt\/susProjects\/wp_evora2_suite\/informacao-interrupcao-de-fornecimento-de-agua-bairro-da-vista-alegre\/"},"modified":"2020-04-22T00:00:00","modified_gmt":"2020-04-21T23:00:00","slug":"informacao-interrupcao-de-fornecimento-de-agua-bairro-da-vista-alegre","status":"publish","type":"post","link":"https:\/\/www.cm-evora.pt\/en\/informacao-interrupcao-de-fornecimento-de-agua-bairro-da-vista-alegre\/","title":{"rendered":"INFORMA\u00c7\u00c3O &#8211; INTERRUP\u00c7\u00c3O DE FORNECIMENTO DE \u00c1GUA &#8211; Bairro da Vista Alegre"},"content":{"rendered":"\n<p style=\"text-align:center\">\u200b<img decoding=\"async\" src=\"https:\/\/www.cm-evora.pt\/wp-content\/uploads\/2020\/07\/INFORMAOINTERRUPODEFORNECIMENTODEGUABairrodaVistaAlegre_F_0_1594215805.jpeg\" alt=\"di\u00e1rio do sul - info20200422.jpg\" style=\"margin:5px;width:615px\"><\/p>\n","protected":false},"excerpt":{"rendered":"<p>\u200b<\/p>\n","protected":false},"author":1,"featured_media":13297,"comment_status":"closed","ping_status":"closed","sticky":false,"template":"","format":"standard","meta":{"_acf_changed":false,"footnotes":""},"categories":[1],"tags":[],"class_list":["post-13298","post","type-post","status-publish","format-standard","has-post-thumbnail","hentry","category-sem-categoria"],"acf":{"imagens":[13297],"destaq_image":13297,"titulo_docs_seccao":"Documentos","documentos":[]},"_links":{"self":[{"href":"https:\/\/www.cm-evora.pt\/en\/wp-json\/wp\/v2\/posts\/13298","targetHints":{"allow":["GET"]}}],"collection":[{"href":"https:\/\/www.cm-evora.pt\/en\/wp-json\/wp\/v2\/posts"}],"about":[{"href":"https:\/\/www.cm-evora.pt\/en\/wp-json\/wp\/v2\/types\/post"}],"author":[{"embeddable":true,"href":"https:\/\/www.cm-evora.pt\/en\/wp-json\/wp\/v2\/users\/1"}],"replies":[{"embeddable":true,"href":"https:\/\/www.cm-evora.pt\/en\/wp-json\/wp\/v2\/comments?post=13298"}],"version-history":[{"count":0,"href":"https:\/\/www.cm-evora.pt\/en\/wp-json\/wp\/v2\/posts\/13298\/revisions"}],"acf:attachment":[{"embeddable":true,"href":"https:\/\/www.cm-evora.pt\/en\/wp-json\/wp\/v2\/media\/13297"}],"wp:featuredmedia":[{"embeddable":true,"href":"https:\/\/www.cm-evora.pt\/en\/wp-json\/wp\/v2\/media\/13297"}],"wp:attachment":[{"href":"https:\/\/www.cm-evora.pt\/en\/wp-json\/wp\/v2\/media?parent=13298"}],"wp:term":[{"taxonomy":"category","embeddable":true,"href":"https:\/\/www.cm-evora.pt\/en\/wp-json\/wp\/v2\/categories?post=13298"},{"taxonomy":"post_tag","embeddable":true,"href":"https:\/\/www.cm-evora.pt\/en\/wp-json\/wp\/v2\/tags?post=13298"}],"curies":[{"name":"wp","href":"https:\/\/api.w.org\/{rel}","templated":true}]}}