{"id":13299,"date":"2020-04-22T00:00:00","date_gmt":"2020-04-21T23:00:00","guid":{"rendered":"https:\/\/evora2.int.skilltech.pt\/susProjects\/wp_evora2_suite\/rotura-na-conduta-obriga-a-corte-no-abastecimento-de-agua-na-freguesia-do-bacelo\/"},"modified":"2021-07-05T15:14:04","modified_gmt":"2021-07-05T14:14:04","slug":"rotura-na-conduta-obriga-a-corte-no-abastecimento-de-agua-na-freguesia-do-bacelo","status":"publish","type":"post","link":"https:\/\/www.cm-evora.pt\/en\/rotura-na-conduta-obriga-a-corte-no-abastecimento-de-agua-na-freguesia-do-bacelo\/","title":{"rendered":"ROTURA NA CONDUTA OBRIGA A CORTE NO ABASTECIMENTO DE \u00c1GUA NA FREGUESIA DO BACELO"},"content":{"rendered":"<p> <\/p>\n<p style=\"text-align:justify\"><strong class=\"ms-rteThemeForeColor-4-5\" style=\"font-size:12pt\">Devido a um incidente no decurso da obra de constru\u00e7\u00e3o da via pedonal de liga\u00e7\u00e3o \u00e0 Zona Norte, ocorreu uma rotura na conduta que abastece de \u00e1gua a Freguesia do Bacelo.<\/strong><\/p>\n<p style=\"text-align:justify\"><span class=\"ms-rteThemeForeColor-4-5\" style=\"font-size:12pt\">Para que seja poss\u00edvel proceder aos trabalhos de repara\u00e7\u00e3o, foi necess\u00e1rio cortar o abastecimento de \u00e1gua, o que est\u00e1 a afetar a popula\u00e7\u00e3o desta freguesia. <\/span><\/p>\n<p style=\"text-align:justify\"><span class=\"ms-rteThemeForeColor-4-5\" style=\"font-size:12pt\">Os Servi\u00e7os Municipais est\u00e3o a trabalhar com todos os meios de modo a reduzir ao m\u00ednimo os transtornos causados. Prev\u00ea-se que o abastecimento possa ser restabelecido perto das 17h de hoje.<br \/><\/span><\/p>\n<p><\/p>\n<p> <\/p>","protected":false},"excerpt":{"rendered":"<p>Devido a um incidente no decurso da obra de constru\u00e7\u00e3o da via pedonal de liga\u00e7\u00e3o \u00e0 Zona Norte, ocorreu uma rotura na conduta que abastece de \u00e1gua a Freguesia do Bacelo. Para que seja poss\u00edvel proceder aos trabalhos de repara\u00e7\u00e3o, foi necess\u00e1rio cortar o abastecimento de \u00e1gua, o que est\u00e1 a afetar a popula\u00e7\u00e3o desta [&hellip;]<\/p>\n","protected":false},"author":1,"featured_media":0,"comment_status":"closed","ping_status":"closed","sticky":false,"template":"","format":"standard","meta":{"_acf_changed":false,"footnotes":""},"categories":[2110],"tags":[],"class_list":["post-13299","post","type-post","status-publish","format-standard","hentry","category-noticias"],"acf":{"imagens":"","destaq_image":20667,"titulo_docs_seccao":"Documentos","documentos":""},"_links":{"self":[{"href":"https:\/\/www.cm-evora.pt\/en\/wp-json\/wp\/v2\/posts\/13299","targetHints":{"allow":["GET"]}}],"collection":[{"href":"https:\/\/www.cm-evora.pt\/en\/wp-json\/wp\/v2\/posts"}],"about":[{"href":"https:\/\/www.cm-evora.pt\/en\/wp-json\/wp\/v2\/types\/post"}],"author":[{"embeddable":true,"href":"https:\/\/www.cm-evora.pt\/en\/wp-json\/wp\/v2\/users\/1"}],"replies":[{"embeddable":true,"href":"https:\/\/www.cm-evora.pt\/en\/wp-json\/wp\/v2\/comments?post=13299"}],"version-history":[{"count":1,"href":"https:\/\/www.cm-evora.pt\/en\/wp-json\/wp\/v2\/posts\/13299\/revisions"}],"predecessor-version":[{"id":24375,"href":"https:\/\/www.cm-evora.pt\/en\/wp-json\/wp\/v2\/posts\/13299\/revisions\/24375"}],"wp:attachment":[{"href":"https:\/\/www.cm-evora.pt\/en\/wp-json\/wp\/v2\/media?parent=13299"}],"wp:term":[{"taxonomy":"category","embeddable":true,"href":"https:\/\/www.cm-evora.pt\/en\/wp-json\/wp\/v2\/categories?post=13299"},{"taxonomy":"post_tag","embeddable":true,"href":"https:\/\/www.cm-evora.pt\/en\/wp-json\/wp\/v2\/tags?post=13299"}],"curies":[{"name":"wp","href":"https:\/\/api.w.org\/{rel}","templated":true}]}}