{"id":13315,"date":"2020-04-21T00:00:00","date_gmt":"2020-04-20T23:00:00","guid":{"rendered":"https:\/\/evora2.int.skilltech.pt\/susProjects\/wp_evora2_suite\/camara-municipal-de-evora-constroi-via-de-ligacao-entre-o-pite-e-a-rotunda-do-bairro-de-almeirim\/"},"modified":"2021-07-05T15:12:33","modified_gmt":"2021-07-05T14:12:33","slug":"camara-municipal-de-evora-constroi-via-de-ligacao-entre-o-pite-e-a-rotunda-do-bairro-de-almeirim","status":"publish","type":"post","link":"https:\/\/www.cm-evora.pt\/en\/camara-municipal-de-evora-constroi-via-de-ligacao-entre-o-pite-e-a-rotunda-do-bairro-de-almeirim\/","title":{"rendered":"C\u00e2mara Municipal de \u00c9vora constr\u00f3i via de liga\u00e7\u00e3o entre o PIT\u00c9 e a Rotunda do Bairro de Almeirim"},"content":{"rendered":"<p> <\/p>\n<p style=\"text-align:justify\"><strong class=\"ms-rteThemeForeColor-4-5\" style=\"font-size:12pt\">Foi ontem assinado, nos Pa\u00e7os do Concelho, o contrato de adjudica\u00e7\u00e3o da empreitada de constru\u00e7\u00e3o do tro\u00e7o vi\u00e1rio que ir\u00e1 ligar o Parque Industrial e Tecnol\u00f3gico de \u00c9vora (PIT\u00c9) \u00e0 rotunda do Bairro de Almeirim.<\/strong><\/p>\n<p style=\"text-align:justify\"><span class=\"ms-rteThemeForeColor-4-5\" style=\"font-size:12pt\">Trata-se de uma obra importante na medida em que ir\u00e1 abrir uma segunda via de acesso ao PIT\u00c9, permitindo assim maior fluidez e consequente descongestionamento do intenso tr\u00e1fego autom\u00f3vel resultante do movimento pendular de milhares de viaturas que, diariamente, entram e saem pelo \u00fanico acesso at\u00e9 agora existente.<\/span><\/p>\n<p style=\"text-align:justify\"><span class=\"ms-rteThemeForeColor-4-5\" style=\"font-size:12pt\">A obra cujo contrato de adjudica\u00e7\u00e3o foi hoje assinado tornar\u00e1 ainda poss\u00edvel um acesso mais r\u00e1pido e direto ao Parque de Ind\u00fastria Aeron\u00e1utica, ligando funcionalmente estas duas unidades de acolhimento empresarial. Por outro lado, a abertura desta via de liga\u00e7\u00e3o, na extens\u00e3o de cerca de 500 metros, ir\u00e1 criar condi\u00e7\u00f5es \u00e0 C\u00e2mara Municipal para iniciar a segunda fase de expans\u00e3o do PIT\u00c9, j\u00e1 que a via a ser constru\u00edda permitir\u00e1 libertar terreno infraestruturado para a cria\u00e7\u00e3o de mais seis lotes.<\/span><\/p>\n<p style=\"text-align:justify\"><span class=\"ms-rteThemeForeColor-4-5\" style=\"font-size:12pt\">O ato de assinatura teve lugar no Sal\u00e3o Nobre dos Pa\u00e7os do Concelho e teve como intervenientes o Presidente da C\u00e2mara Municipal de \u00c9vora, Carlos Pinto de S\u00e1, e a Administradora da empresa Constru\u00e7\u00f5es Pragosa SA, Maria da Piedade Pragosa. A obra agora adjudicada representa um investimento de quase 645 mil euros e dever\u00e1 decorrer pelo prazo de 180 dias, contados a partir da data da consigna\u00e7\u00e3o.<\/span><\/p>\n<p style=\"text-align:justify\"><span class=\"ms-rteThemeForeColor-4-5\" style=\"font-size:12pt\"><span style=\"text-decoration:underline\"><\/span><span style=\"text-decoration:underline\">Fotos<\/span>:&nbsp;<a href=\"https:\/\/www.cm-evora.pt\/wp-content\/uploads\/2020\/07\/CmaraMunicipaldevoraconstriviadeligaoentreoPITeaRotundadoBairrodeAlmeirim_F_0_1594215816.jpeg\"><img decoding=\"async\" class=\"ms-asset-icon ms-rtePosition-4\" src=\"https:\/\/www.cm-evora.pt\/wp-content\/uploads\/2020\/07\/CmaraMunicipaldevoraconstriviadeligaoentreoPITeaRotundadoBairrodeAlmeirim_F_1_1594215817.gif\" alt=\"\">Foto 1.jpg<\/a>&nbsp;|&nbsp;<a href=\"https:\/\/www.cm-evora.pt\/wp-content\/uploads\/2020\/07\/CmaraMunicipaldevoraconstriviadeligaoentreoPITeaRotundadoBairrodeAlmeirim_F_2_1594215817.jpeg\"><img decoding=\"async\" class=\"ms-asset-icon ms-rtePosition-4\" src=\"https:\/\/www.cm-evora.pt\/wp-content\/uploads\/2020\/07\/CmaraMunicipaldevoraconstriviadeligaoentreoPITeaRotundadoBairrodeAlmeirim_F_1_1594215817.gif\" alt=\"\">Foto 2.jpg<\/a>&nbsp;|&nbsp;<a href=\"https:\/\/www.cm-evora.pt\/wp-content\/uploads\/2020\/07\/CmaraMunicipaldevoraconstriviadeligaoentreoPITeaRotundadoBairrodeAlmeirim_F_3_1594215819.jpeg\"><img decoding=\"async\" class=\"ms-asset-icon ms-rtePosition-4\" src=\"https:\/\/www.cm-evora.pt\/wp-content\/uploads\/2020\/07\/CmaraMunicipaldevoraconstriviadeligaoentreoPITeaRotundadoBairrodeAlmeirim_F_1_1594215817.gif\" alt=\"\">Foto 3.jpg<\/a>&nbsp;|&nbsp;<a href=\"https:\/\/www.cm-evora.pt\/wp-content\/uploads\/2020\/07\/CmaraMunicipaldevoraconstriviadeligaoentreoPITeaRotundadoBairrodeAlmeirim_F_4_1594215820.jpeg\"><img decoding=\"async\" class=\"ms-asset-icon ms-rtePosition-4\" src=\"https:\/\/www.cm-evora.pt\/wp-content\/uploads\/2020\/07\/CmaraMunicipaldevoraconstriviadeligaoentreoPITeaRotundadoBairrodeAlmeirim_F_1_1594215817.gif\" alt=\"\">Liga\u00e7\u00e3o Pit\u00e9 &#8211; Bairro Almeirm.jpg<\/a><\/span><\/p>\n<p> <\/p>","protected":false},"excerpt":{"rendered":"<p>Foi ontem assinado, nos Pa\u00e7os do Concelho, o contrato de adjudica\u00e7\u00e3o da empreitada de constru\u00e7\u00e3o do tro\u00e7o vi\u00e1rio que ir\u00e1 ligar o Parque Industrial e Tecnol\u00f3gico de \u00c9vora (PIT\u00c9) \u00e0 rotunda do Bairro de Almeirim. Trata-se de uma obra importante na medida em que ir\u00e1 abrir uma segunda via de acesso ao PIT\u00c9, permitindo assim [&hellip;]<\/p>\n","protected":false},"author":1,"featured_media":13309,"comment_status":"closed","ping_status":"closed","sticky":false,"template":"","format":"standard","meta":{"_acf_changed":false,"footnotes":""},"categories":[2110],"tags":[],"class_list":["post-13315","post","type-post","status-publish","format-standard","has-post-thumbnail","hentry","category-noticias"],"acf":{"imagens":[13309,13310,13311,13312,13313,13314],"destaq_image":13309,"titulo_docs_seccao":"Documentos","documentos":""},"_links":{"self":[{"href":"https:\/\/www.cm-evora.pt\/en\/wp-json\/wp\/v2\/posts\/13315","targetHints":{"allow":["GET"]}}],"collection":[{"href":"https:\/\/www.cm-evora.pt\/en\/wp-json\/wp\/v2\/posts"}],"about":[{"href":"https:\/\/www.cm-evora.pt\/en\/wp-json\/wp\/v2\/types\/post"}],"author":[{"embeddable":true,"href":"https:\/\/www.cm-evora.pt\/en\/wp-json\/wp\/v2\/users\/1"}],"replies":[{"embeddable":true,"href":"https:\/\/www.cm-evora.pt\/en\/wp-json\/wp\/v2\/comments?post=13315"}],"version-history":[{"count":2,"href":"https:\/\/www.cm-evora.pt\/en\/wp-json\/wp\/v2\/posts\/13315\/revisions"}],"predecessor-version":[{"id":24373,"href":"https:\/\/www.cm-evora.pt\/en\/wp-json\/wp\/v2\/posts\/13315\/revisions\/24373"}],"acf:attachment":[{"embeddable":true,"href":"https:\/\/www.cm-evora.pt\/en\/wp-json\/wp\/v2\/media\/13314"},{"embeddable":true,"href":"https:\/\/www.cm-evora.pt\/en\/wp-json\/wp\/v2\/media\/13313"},{"embeddable":true,"href":"https:\/\/www.cm-evora.pt\/en\/wp-json\/wp\/v2\/media\/13312"},{"embeddable":true,"href":"https:\/\/www.cm-evora.pt\/en\/wp-json\/wp\/v2\/media\/13311"},{"embeddable":true,"href":"https:\/\/www.cm-evora.pt\/en\/wp-json\/wp\/v2\/media\/13310"},{"embeddable":true,"href":"https:\/\/www.cm-evora.pt\/en\/wp-json\/wp\/v2\/media\/13309"}],"wp:featuredmedia":[{"embeddable":true,"href":"https:\/\/www.cm-evora.pt\/en\/wp-json\/wp\/v2\/media\/13309"}],"wp:attachment":[{"href":"https:\/\/www.cm-evora.pt\/en\/wp-json\/wp\/v2\/media?parent=13315"}],"wp:term":[{"taxonomy":"category","embeddable":true,"href":"https:\/\/www.cm-evora.pt\/en\/wp-json\/wp\/v2\/categories?post=13315"},{"taxonomy":"post_tag","embeddable":true,"href":"https:\/\/www.cm-evora.pt\/en\/wp-json\/wp\/v2\/tags?post=13315"}],"curies":[{"name":"wp","href":"https:\/\/api.w.org\/{rel}","templated":true}]}}