{"id":13345,"date":"2020-04-16T00:00:00","date_gmt":"2020-04-15T23:00:00","guid":{"rendered":"https:\/\/evora2.int.skilltech.pt\/susProjects\/wp_evora2_suite\/evora-recebeu-da-cimac-equipamentos-de-protecao-individual\/"},"modified":"2021-07-05T15:01:40","modified_gmt":"2021-07-05T14:01:40","slug":"evora-recebeu-da-cimac-equipamentos-de-protecao-individual","status":"publish","type":"post","link":"https:\/\/www.cm-evora.pt\/en\/evora-recebeu-da-cimac-equipamentos-de-protecao-individual\/","title":{"rendered":"\u00c9vora recebeu da CIMAC Equipamentos de Prote\u00e7\u00e3o Individual"},"content":{"rendered":"<p> <\/p>\n<p style=\"font-size:14.0238px;text-align:justify\"><strong class=\"ms-rteThemeForeColor-4-5\" style=\"font-size:12pt\">A&nbsp;CIMAC \u2013 Comunidade Intermunicipal do Alentejo Central entregou, esta quarta-feira, formalmente, os Equipamentos de Prote\u00e7\u00e3o Individual (EPI) adquiridos em conjunto com os munic\u00edpios do Alentejo Central, de que \u00c9vora faz parte, destinados n\u00e3o s\u00f3 aos pr\u00f3prios munic\u00edpios, como tamb\u00e9m \u00e0s Institui\u00e7\u00f5es Particulares de Solidariedade Social (IPSS) de cada concelho.<\/strong><\/p>\n<p style=\"font-size:14.0238px;text-align:justify\"><span class=\"ms-rteThemeForeColor-4-5\" style=\"font-size:12pt\">O Presidente da C\u00e2mara Municipal de \u00c9vora, Carlos Pinto de S\u00e1, que \u00e9 igualmente vice-presidente da CIMAC, quis valorizar a rece\u00e7\u00e3o deste material com a sua presen\u00e7a nas instala\u00e7\u00f5es da CIMAC, destacando o impacto que, doravante, a utiliza\u00e7\u00e3o deste material ter\u00e1 no combate \u00e0 prolifera\u00e7\u00e3o da pandemia da Covid-19.<\/span><\/p>\n<p style=\"font-size:14.0238px;text-align:justify\"><span class=\"ms-rteThemeForeColor-4-5\" style=\"font-size:12pt\">Do material j\u00e1 entregue constam toucas de uso \u00fanico (4 mil e 500 unidades), \u00f3culos de prote\u00e7\u00e3o (600), batas (4 mil), m\u00e1scaras cir\u00fargicas (45 mil), respiradores FFP2 (15 mil), prote\u00e7\u00f5es de cal\u00e7ado (3 mil) e m\u00e1scaras com viseira integrada (50).<\/span><\/p>\n<p style=\"font-size:14.0238px;text-align:justify\"><span class=\"ms-rteThemeForeColor-4-5\" style=\"font-size:12pt\">Est\u00e1 prevista ainda a chegada de mais material, designadamente luvas de uso \u00fanico n\u00e3o esterilizadas, luvas de uso \u00fanico esterilizadas, aventais descart\u00e1veis, term\u00f3metros infravermelhos para medi\u00e7\u00e3o de temperatura corporal e aparelhos medidores de tens\u00e3o arterial.<\/span><\/p>\n<p style=\"font-size:14.0238px;text-align:justify\"><span class=\"ms-rteThemeForeColor-4-5\" style=\"font-size:12pt\">Recorde-se que entre os 14 munic\u00edpios do Alentejo Central e alguns particulares, foi reunido um apoio de cerca de 300 mil euros destinado \u00e0 aquisi\u00e7\u00e3o de seis ventiladores para o Hospital do Esp\u00edrito Santo de \u00c9vora e Equipamento de Prote\u00e7\u00e3o Individual.<\/span><\/p>\n<p style=\"font-size:14.0238px;text-align:justify\"><span class=\"ms-rteThemeForeColor-4-5\" style=\"font-size:12pt\">A CIMAC e os seus munic\u00edpios associados ir\u00e3o manter os esfor\u00e7os necess\u00e1rios para lidar com esta crise pand\u00e9mica, tendo sempre como prioridade a seguran\u00e7a da popula\u00e7\u00e3o, em particular de todos aqueles que se encontram na &#8220;linha da frente&#8221; no combate ao Covid-19.<\/span><\/p>\n<dl class=\"info-list\">\n<p>\u200b<\/p>\n<div style=\"font-size:13.0203px\">\n<div style=\"font-size:13.0216px;text-align:justify\"><span class=\"ms-rteThemeForeColor-4-5\" style=\"font-size:12pt\"><span style=\"font-size:16.0016px\">\u00c9vora Somos Todos.<\/span><\/span><\/div>\n<div style=\"font-size:13.0216px;text-align:justify\"><span class=\"ms-rteThemeForeColor-4-5\" style=\"font-size:12pt\"><br style=\"font-size:16.0016px\"><\/span><\/div>\n<div style=\"font-size:13.0216px;text-align:justify\"><span class=\"ms-rteThemeForeColor-4-5\" style=\"font-size:12pt\"><span style=\"font-size:16.0016px\">#evorasomostodos<\/span><\/span><\/div>\n<div style=\"font-size:13.0216px;text-align:justify\"><span class=\"ms-rteThemeForeColor-4-5\" style=\"font-size:12pt\"><br style=\"font-size:16.0016px\"><\/span><\/div>\n<div style=\"font-size:13.0216px;text-align:justify\"><span class=\"ms-rteThemeForeColor-4-5\" style=\"font-size:12pt\"><span style=\"font-size:16.0016px\">#fiqueemcasa<\/span><\/span><\/div>\n<p><br style=\"font-size:13.0216px\"><\/div>\n<div style=\"font-size:13.0203px\">\n<p style=\"font-size:13.0281px;text-align:center\"><span style=\"font-size:13.0203px\">\u200b<\/span><a href=\"\/pt\/site-municipio\/atividademunicipio\/Covid-19\/Paginas\/list.aspx\" target=\"_blank\" title=\"http:\/\/www.cm-evora.pt\/pt\/site-municipio\/atividademunicipio\/Covid-19\/Paginas\/list.aspx\" style=\"font-size:14.0182px;, arial, helvetica, sans-serif;font-style:italic\" rel=\"noopener noreferrer\"><span class=\"ms-rteForeColor-8\" style=\"font-size:12pt\">Covid-\u200b19 &#8211; Informa\u00e7\u00e3o Municipal\u200b\u200b<\/span><\/a><br style=\"font-size:13.0294px\"><\/p>\n<p><a href=\"\/pt\/site-municipio\/atividademunicipio\/%c3%89vora-Somos-Todos\/Paginas\/list.aspx\" target=\"_blank\" title=\"http:\/\/www.cm-evora.pt\/pt\/site-municipio\/atividademunicipio\/%C3%89vora-Somos-Todos\/Paginas\/list.aspx\" style=\"font-size:13.0281px;text-align:center\" rel=\"noopener noreferrer\"><\/p>\n<p style=\"font-size:13.0294px\"><span class=\"ms-rteForeColor-8\" style=\"font-size:12pt\"><span style=\"font-size:16.0016px\"><em style=\"font-size:16.0032px\">\u00c9vora Somos Todos<\/em><\/span><\/span><\/p>\n<p><\/a><\/div>\n<p><\/p>\n<\/dl>\n<p><\/p>","protected":false},"excerpt":{"rendered":"<p>A&nbsp;CIMAC \u2013 Comunidade Intermunicipal do Alentejo Central entregou, esta quarta-feira, formalmente, os Equipamentos de Prote\u00e7\u00e3o Individual (EPI) adquiridos em conjunto com os munic\u00edpios do Alentejo Central, de que \u00c9vora faz parte, destinados n\u00e3o s\u00f3 aos pr\u00f3prios munic\u00edpios, como tamb\u00e9m \u00e0s Institui\u00e7\u00f5es Particulares de Solidariedade Social (IPSS) de cada concelho. O Presidente da C\u00e2mara Municipal de [&hellip;]<\/p>\n","protected":false},"author":1,"featured_media":13344,"comment_status":"closed","ping_status":"closed","sticky":false,"template":"","format":"standard","meta":{"_acf_changed":false,"footnotes":""},"categories":[2110],"tags":[],"class_list":["post-13345","post","type-post","status-publish","format-standard","has-post-thumbnail","hentry","category-noticias"],"acf":{"imagens":"","destaq_image":13344,"titulo_docs_seccao":"Documentos","documentos":""},"_links":{"self":[{"href":"https:\/\/www.cm-evora.pt\/en\/wp-json\/wp\/v2\/posts\/13345","targetHints":{"allow":["GET"]}}],"collection":[{"href":"https:\/\/www.cm-evora.pt\/en\/wp-json\/wp\/v2\/posts"}],"about":[{"href":"https:\/\/www.cm-evora.pt\/en\/wp-json\/wp\/v2\/types\/post"}],"author":[{"embeddable":true,"href":"https:\/\/www.cm-evora.pt\/en\/wp-json\/wp\/v2\/users\/1"}],"replies":[{"embeddable":true,"href":"https:\/\/www.cm-evora.pt\/en\/wp-json\/wp\/v2\/comments?post=13345"}],"version-history":[{"count":2,"href":"https:\/\/www.cm-evora.pt\/en\/wp-json\/wp\/v2\/posts\/13345\/revisions"}],"predecessor-version":[{"id":24362,"href":"https:\/\/www.cm-evora.pt\/en\/wp-json\/wp\/v2\/posts\/13345\/revisions\/24362"}],"wp:featuredmedia":[{"embeddable":true,"href":"https:\/\/www.cm-evora.pt\/en\/wp-json\/wp\/v2\/media\/13344"}],"wp:attachment":[{"href":"https:\/\/www.cm-evora.pt\/en\/wp-json\/wp\/v2\/media?parent=13345"}],"wp:term":[{"taxonomy":"category","embeddable":true,"href":"https:\/\/www.cm-evora.pt\/en\/wp-json\/wp\/v2\/categories?post=13345"},{"taxonomy":"post_tag","embeddable":true,"href":"https:\/\/www.cm-evora.pt\/en\/wp-json\/wp\/v2\/tags?post=13345"}],"curies":[{"name":"wp","href":"https:\/\/api.w.org\/{rel}","templated":true}]}}