{"id":13356,"date":"2020-04-15T00:00:00","date_gmt":"2020-04-14T23:00:00","guid":{"rendered":"https:\/\/evora2.int.skilltech.pt\/susProjects\/wp_evora2_suite\/malagueira-camara-municipal-e-habevora-reabilitam-habitacoes-para-atrair-populacao-jovem\/"},"modified":"2021-07-05T14:59:56","modified_gmt":"2021-07-05T13:59:56","slug":"malagueira-camara-municipal-e-habevora-reabilitam-habitacoes-para-atrair-populacao-jovem","status":"publish","type":"post","link":"https:\/\/www.cm-evora.pt\/en\/malagueira-camara-municipal-e-habevora-reabilitam-habitacoes-para-atrair-populacao-jovem\/","title":{"rendered":"Malagueira: C\u00e2mara Municipal e Hab\u00e9vora reabilitam habita\u00e7\u00f5es para atrair popula\u00e7\u00e3o jovem"},"content":{"rendered":"<p> <\/p>\n<div style=\"text-align:justify\"><\/div>\n<p style=\"text-align:justify\"><strong class=\"ms-rteThemeForeColor-4-5\" style=\"font-size:12pt\">A obra de &#8220;Reabilita\u00e7\u00e3o de duas habita\u00e7\u00f5es, na Rua das Duas \u00c1rvores, n\u00ba 1 e 3, Bairro da Malagueira&#8221; recebeu hoje a visita do Presidente do Munic\u00edpio de \u00c9vora e da Vereadora respons\u00e1vel pelo Pelouro da Interven\u00e7\u00e3o Social.<\/strong><\/p>\n<p style=\"text-align:justify\"><span class=\"ms-rteThemeForeColor-4-5\" style=\"font-size:12pt\">Esta interven\u00e7\u00e3o, promovida pela empresa municipal Hab\u00e9vora, tem apoio dos fundos europeus (Alentejo 2020) e visa requalificar duas habita\u00e7\u00f5es de tipologia T5 destinadas ao alojamento estudantil a pre\u00e7os compat\u00edveis.<\/span><\/p>\n<p style=\"text-align:justify\"><span class=\"ms-rteThemeForeColor-4-5\" style=\"font-size:12pt\">O Presidente da autarquia, Carlos Pinto de S\u00e1, frisou que estas s\u00e3o as primeiras de v\u00e1rias habita\u00e7\u00f5es a recuperar para este fim, estando a sua conclus\u00e3o prevista para o final do Ver\u00e3o, com os novos moradores a chegarem em outubro. O autarca adiantou tamb\u00e9m que o espa\u00e7o envolvente a estes fogos, abandonados h\u00e1 mais de 12 anos, ser\u00e1 igualmente renovado. A empreitada, no valor de pouco mais de 141 mil euros, tem um prazo de execu\u00e7\u00e3o de 180 dias.<\/span><\/p>\n<p style=\"text-align:justify\"><span class=\"ms-rteThemeForeColor-4-5\" style=\"font-size:12pt\">Recorde-se que a Hab\u00e9vora \u2013 Gest\u00e3o Habitacional Unipessoal Limitada, E.M., \u00e9 uma empresa municipal p\u00fablica, criada pela autarquia eborense em 2004, com o objetivo de promover a habita\u00e7\u00e3o social no concelho e a gest\u00e3o social, patrimonial e financeira dos pr\u00e9dios da empresa. Pode conhecer mais sobre esta em <\/span><a href=\"http:\/\/www.habevora.pt\/\" target=\"_blank\" title=\"http:\/\/www.habevora.pt\" rel=\"noopener\"><span class=\"ms-rteForeColor-8\" style=\"font-size:12pt\">http:\/\/www.habevora.pt<\/span><\/a><span class=\"ms-rteThemeForeColor-4-5\" style=\"font-size:12pt\">.<\/span><\/p>\n<p style=\"text-align:justify\"><span class=\"ms-rteThemeForeColor-4-5\" style=\"font-size:12pt\"><br \/><\/span><\/p>\n<p style=\"text-align:justify\"><span class=\"ms-rteThemeForeColor-4-5\" style=\"font-size:12pt\"><span style=\"text-decoration:underline\">Fotos<\/span>:&nbsp;<a href=\"https:\/\/www.cm-evora.pt\/wp-content\/uploads\/2020\/07\/MalagueiraCmaraMunicipaleHabvorareabilitamhabitaesparaatrairpopulaojovem_F_0_1594215855.jpeg\"><img decoding=\"async\" class=\"ms-asset-icon ms-rtePosition-4\" src=\"https:\/\/www.cm-evora.pt\/wp-content\/uploads\/2020\/07\/MalagueiraCmaraMunicipaleHabvorareabilitamhabitaesparaatrairpopulaojovem_F_1_1594215856.gif\" alt=\"\">Foto 1.jpg<\/a>&nbsp;|&nbsp;<a href=\"https:\/\/www.cm-evora.pt\/wp-content\/uploads\/2020\/07\/MalagueiraCmaraMunicipaleHabvorareabilitamhabitaesparaatrairpopulaojovem_F_2_1594215856.jpeg\"><img decoding=\"async\" class=\"ms-asset-icon ms-rtePosition-4\" src=\"https:\/\/www.cm-evora.pt\/wp-content\/uploads\/2020\/07\/MalagueiraCmaraMunicipaleHabvorareabilitamhabitaesparaatrairpopulaojovem_F_1_1594215856.gif\" alt=\"\">Foto 2.jpg<\/a>&nbsp;|&nbsp;<a href=\"https:\/\/www.cm-evora.pt\/wp-content\/uploads\/2020\/07\/MalagueiraCmaraMunicipaleHabvorareabilitamhabitaesparaatrairpopulaojovem_F_3_1594215857.jpeg\"><img decoding=\"async\" class=\"ms-asset-icon ms-rtePosition-4\" src=\"https:\/\/www.cm-evora.pt\/wp-content\/uploads\/2020\/07\/MalagueiraCmaraMunicipaleHabvorareabilitamhabitaesparaatrairpopulaojovem_F_1_1594215856.gif\" alt=\"\">Foto 3.jpg<\/a>&nbsp;|&nbsp;<a href=\"https:\/\/www.cm-evora.pt\/wp-content\/uploads\/2020\/07\/MalagueiraCmaraMunicipaleHabvorareabilitamhabitaesparaatrairpopulaojovem_F_4_1594215857.jpeg\"><img decoding=\"async\" class=\"ms-asset-icon ms-rtePosition-4\" src=\"https:\/\/www.cm-evora.pt\/wp-content\/uploads\/2020\/07\/MalagueiraCmaraMunicipaleHabvorareabilitamhabitaesparaatrairpopulaojovem_F_1_1594215856.gif\" alt=\"\">Foto 4.jpg<\/a><\/span><\/p>\n<p> <\/p>","protected":false},"excerpt":{"rendered":"<p>A obra de &#8220;Reabilita\u00e7\u00e3o de duas habita\u00e7\u00f5es, na Rua das Duas \u00c1rvores, n\u00ba 1 e 3, Bairro da Malagueira&#8221; recebeu hoje a visita do Presidente do Munic\u00edpio de \u00c9vora e da Vereadora respons\u00e1vel pelo Pelouro da Interven\u00e7\u00e3o Social. Esta interven\u00e7\u00e3o, promovida pela empresa municipal Hab\u00e9vora, tem apoio dos fundos europeus (Alentejo 2020) e visa requalificar [&hellip;]<\/p>\n","protected":false},"author":1,"featured_media":13350,"comment_status":"closed","ping_status":"closed","sticky":false,"template":"","format":"standard","meta":{"_acf_changed":false,"footnotes":""},"categories":[2110],"tags":[],"class_list":["post-13356","post","type-post","status-publish","format-standard","has-post-thumbnail","hentry","category-noticias"],"acf":{"imagens":[13350,13351,13352,13353,13354,13355],"destaq_image":13350,"titulo_docs_seccao":"Documentos","documentos":""},"_links":{"self":[{"href":"https:\/\/www.cm-evora.pt\/en\/wp-json\/wp\/v2\/posts\/13356","targetHints":{"allow":["GET"]}}],"collection":[{"href":"https:\/\/www.cm-evora.pt\/en\/wp-json\/wp\/v2\/posts"}],"about":[{"href":"https:\/\/www.cm-evora.pt\/en\/wp-json\/wp\/v2\/types\/post"}],"author":[{"embeddable":true,"href":"https:\/\/www.cm-evora.pt\/en\/wp-json\/wp\/v2\/users\/1"}],"replies":[{"embeddable":true,"href":"https:\/\/www.cm-evora.pt\/en\/wp-json\/wp\/v2\/comments?post=13356"}],"version-history":[{"count":1,"href":"https:\/\/www.cm-evora.pt\/en\/wp-json\/wp\/v2\/posts\/13356\/revisions"}],"predecessor-version":[{"id":24359,"href":"https:\/\/www.cm-evora.pt\/en\/wp-json\/wp\/v2\/posts\/13356\/revisions\/24359"}],"acf:attachment":[{"embeddable":true,"href":"https:\/\/www.cm-evora.pt\/en\/wp-json\/wp\/v2\/media\/13355"},{"embeddable":true,"href":"https:\/\/www.cm-evora.pt\/en\/wp-json\/wp\/v2\/media\/13354"},{"embeddable":true,"href":"https:\/\/www.cm-evora.pt\/en\/wp-json\/wp\/v2\/media\/13353"},{"embeddable":true,"href":"https:\/\/www.cm-evora.pt\/en\/wp-json\/wp\/v2\/media\/13352"},{"embeddable":true,"href":"https:\/\/www.cm-evora.pt\/en\/wp-json\/wp\/v2\/media\/13351"},{"embeddable":true,"href":"https:\/\/www.cm-evora.pt\/en\/wp-json\/wp\/v2\/media\/13350"}],"wp:featuredmedia":[{"embeddable":true,"href":"https:\/\/www.cm-evora.pt\/en\/wp-json\/wp\/v2\/media\/13350"}],"wp:attachment":[{"href":"https:\/\/www.cm-evora.pt\/en\/wp-json\/wp\/v2\/media?parent=13356"}],"wp:term":[{"taxonomy":"category","embeddable":true,"href":"https:\/\/www.cm-evora.pt\/en\/wp-json\/wp\/v2\/categories?post=13356"},{"taxonomy":"post_tag","embeddable":true,"href":"https:\/\/www.cm-evora.pt\/en\/wp-json\/wp\/v2\/tags?post=13356"}],"curies":[{"name":"wp","href":"https:\/\/api.w.org\/{rel}","templated":true}]}}