{"id":13382,"date":"2020-04-08T00:00:00","date_gmt":"2020-04-07T23:00:00","guid":{"rendered":"https:\/\/evora2.int.skilltech.pt\/susProjects\/wp_evora2_suite\/ue-disponibiliza-residencia-universitaria-a-profissionais-de-saude\/"},"modified":"2021-07-05T14:55:55","modified_gmt":"2021-07-05T13:55:55","slug":"ue-disponibiliza-residencia-universitaria-a-profissionais-de-saude","status":"publish","type":"post","link":"https:\/\/www.cm-evora.pt\/en\/ue-disponibiliza-residencia-universitaria-a-profissionais-de-saude\/","title":{"rendered":"U\u00c9 disponibiliza resid\u00eancia universit\u00e1ria a profissionais de sa\u00fade"},"content":{"rendered":"<p> <\/p>\n<p style=\"font-size:14.0154px;text-align:justify\"><span class=\"ms-rteThemeForeColor-4-5\" style=\"font-size:12pt\">A Universidade de \u00c9vora (U\u00c9) vai disponibilizar uma resid\u00eancia universit\u00e1ria para os profissionais que est\u00e3o na linha da frente no combate \u00e0 pandemia COVID-19.<\/span><\/p>\n<p style=\"font-size:14.0154px;text-align:justify\"><span class=\"ms-rteThemeForeColor-4-5\" style=\"font-size:12pt\">Situada na zona do Centro Hist\u00f3rico da cidade de \u00c9vora, a cerca de 150 metros do Hospital do Esp\u00edrito Santo, a resid\u00eancia Portas de Moura est\u00e1 a partir de hoje preparada para receber profissionais de Sa\u00fade, agentes das For\u00e7as de Seguran\u00e7a e da Prote\u00e7\u00e3o Civil.<\/span><\/p>\n<p style=\"font-size:14.0154px;text-align:justify\"><span class=\"ms-rteThemeForeColor-4-5\" style=\"font-size:12pt\">Ausenda de C\u00e1ceres Balbino, Vice-Reitora da U\u00c9 que tutela a \u00e1rea da A\u00e7\u00e3o Social, sublinha que &#8220;para al\u00e9m de outras medidas decidimos ceder uma das nossas resid\u00eancias para este fim pois sabemos que muitos dos profissionais n\u00e3o regressam \u00e0s suas casas para proteger as suas fam\u00edlias e conter a contamina\u00e7\u00e3o&#8221;.<\/span><\/p>\n<p style=\"font-size:14.0154px;text-align:justify\"><span class=\"ms-rteThemeForeColor-4-5\" style=\"font-size:12pt\">Esta resid\u00eancia, acrescenta a Vice-Reitora, &#8220;oferece a estes profissionais o conforto necess\u00e1rio para minimizar o impacto de estar longe de casa&#8221;. A resid\u00eancia disp\u00f5e de 21 camas, cozinha equipada, sala de estudo e sala de estar, TV e acesso a Internet sem fios.<br style=\"font-size:16.0016px\"><\/span><\/p>\n<p style=\"font-size:14.0154px;text-align:justify\"><span class=\"ms-rteThemeForeColor-4-5\" style=\"font-size:12pt\">Entre as medidas j\u00e1 anunciadas recorde-se que Universidade de \u00c9vora vai realizar testes \u00e0 COVID-19 com vista a contribuir para o aumento da capacidade de resposta do Sistema Nacional de Sa\u00fade. Estima-se a realiza\u00e7\u00e3o de at\u00e9 300 testes por dia para apoiar, por um lado, o Hospital do Esp\u00edrito Santo, em \u00c9vora, e por outro, institui\u00e7\u00f5es de apoio a idosos da regi\u00e3o, envolvendo v\u00e1rias Unidades de Investiga\u00e7\u00e3o da U\u00c9 e, neste \u00faltimo caso, tamb\u00e9m a Escola de Enfermagem S\u00e3o Jo\u00e3o de Deus, que ir\u00e1 efetuar a recolha das amostras.<\/span><\/p>\n<p style=\"font-size:14.0154px;text-align:justify\">&nbsp;<\/p>\n<p style=\"font-size:14.0154px;text-align:justify\"><span class=\"ms-rteThemeForeColor-4-5\" style=\"font-size:12pt\"><strong style=\"font-size:16.0016px\">\u00c9vora Somos Todos.<\/strong><\/span><\/p>\n<dl class=\"info-list\">\n<p style=\"font-size:13.0203px;text-align:justify\"><span class=\"ms-rteThemeForeColor-4-5\" style=\"font-size:12pt\">#evorasomostodos<\/span><\/p>\n<p style=\"font-size:13.0203px;text-align:justify\"><span style=\"font-size:16.0016px;color:#181818\">#fiqueemcasa<\/span><\/p>\n<p style=\"font-size:13.0203px;text-align:justify\"><span class=\"ms-rteThemeForeColor-4-5\" style=\"font-size:12pt\"><span style=\"font-size:16.0016px\"><br style=\"font-size:16.0032px\"><\/span><\/span><\/p>\n<p style=\"font-size:13.0281px;text-align:center\"><a href=\"\/pt\/site-municipio\/atividademunicipio\/Covid-19\/Paginas\/list.aspx\" target=\"_blank\" title=\"http:\/\/www.cm-evora.pt\/pt\/site-municipio\/atividademunicipio\/Covid-19\/Paginas\/list.aspx\" style=\"font-size:14.0182px;, arial, helvetica, sans-serif;font-style:italic\" rel=\"noopener\"><span class=\"ms-rteForeColor-8\" style=\"font-size:12pt\">Covid-\u200b19 &#8211; Informa\u00e7\u00e3o Municipal\u200b\u200b<\/span><\/a><\/p>\n<p><a href=\"\/pt\/site-municipio\/atividademunicipio\/%c3%89vora-Somos-Todos\/Paginas\/list.aspx\" target=\"_blank\" title=\"http:\/\/www.cm-evora.pt\/pt\/site-municipio\/atividademunicipio\/%C3%89vora-Somos-Todos\/Paginas\/list.aspx\" style=\"font-size:13.0281px;text-align:center\" rel=\"noopener\"><\/p>\n<p style=\"font-size:13.0294px\"><span class=\"ms-rteForeColor-8\" style=\"font-size:12pt\"><span style=\"font-size:16.0016px\"><em style=\"font-size:16.0032px\">\u00c9vora Somos Todos<\/em><\/span><\/span><\/p>\n<p><\/a><\/p>\n<p><\/p>\n<\/dl>\n<p><\/p>","protected":false},"excerpt":{"rendered":"<p>A Universidade de \u00c9vora (U\u00c9) vai disponibilizar uma resid\u00eancia universit\u00e1ria para os profissionais que est\u00e3o na linha da frente no combate \u00e0 pandemia COVID-19. Situada na zona do Centro Hist\u00f3rico da cidade de \u00c9vora, a cerca de 150 metros do Hospital do Esp\u00edrito Santo, a resid\u00eancia Portas de Moura est\u00e1 a partir de hoje preparada [&hellip;]<\/p>\n","protected":false},"author":1,"featured_media":13381,"comment_status":"closed","ping_status":"closed","sticky":false,"template":"","format":"standard","meta":{"_acf_changed":false,"footnotes":""},"categories":[2110],"tags":[],"class_list":["post-13382","post","type-post","status-publish","format-standard","has-post-thumbnail","hentry","category-noticias"],"acf":{"imagens":[13381],"destaq_image":13381,"titulo_docs_seccao":"Documentos","documentos":""},"_links":{"self":[{"href":"https:\/\/www.cm-evora.pt\/en\/wp-json\/wp\/v2\/posts\/13382","targetHints":{"allow":["GET"]}}],"collection":[{"href":"https:\/\/www.cm-evora.pt\/en\/wp-json\/wp\/v2\/posts"}],"about":[{"href":"https:\/\/www.cm-evora.pt\/en\/wp-json\/wp\/v2\/types\/post"}],"author":[{"embeddable":true,"href":"https:\/\/www.cm-evora.pt\/en\/wp-json\/wp\/v2\/users\/1"}],"replies":[{"embeddable":true,"href":"https:\/\/www.cm-evora.pt\/en\/wp-json\/wp\/v2\/comments?post=13382"}],"version-history":[{"count":1,"href":"https:\/\/www.cm-evora.pt\/en\/wp-json\/wp\/v2\/posts\/13382\/revisions"}],"predecessor-version":[{"id":24353,"href":"https:\/\/www.cm-evora.pt\/en\/wp-json\/wp\/v2\/posts\/13382\/revisions\/24353"}],"acf:attachment":[{"embeddable":true,"href":"https:\/\/www.cm-evora.pt\/en\/wp-json\/wp\/v2\/media\/13381"}],"wp:featuredmedia":[{"embeddable":true,"href":"https:\/\/www.cm-evora.pt\/en\/wp-json\/wp\/v2\/media\/13381"}],"wp:attachment":[{"href":"https:\/\/www.cm-evora.pt\/en\/wp-json\/wp\/v2\/media?parent=13382"}],"wp:term":[{"taxonomy":"category","embeddable":true,"href":"https:\/\/www.cm-evora.pt\/en\/wp-json\/wp\/v2\/categories?post=13382"},{"taxonomy":"post_tag","embeddable":true,"href":"https:\/\/www.cm-evora.pt\/en\/wp-json\/wp\/v2\/tags?post=13382"}],"curies":[{"name":"wp","href":"https:\/\/api.w.org\/{rel}","templated":true}]}}