{"id":13396,"date":"2020-04-03T00:00:00","date_gmt":"2020-04-02T23:00:00","guid":{"rendered":"https:\/\/evora2.int.skilltech.pt\/susProjects\/wp_evora2_suite\/evoratech-destaca-se-na-onda-de-solidariedade-e-recebe-o-apoio-da-camara-municipal\/"},"modified":"2021-07-05T14:52:36","modified_gmt":"2021-07-05T13:52:36","slug":"evoratech-destaca-se-na-onda-de-solidariedade-e-recebe-o-apoio-da-camara-municipal","status":"publish","type":"post","link":"https:\/\/www.cm-evora.pt\/en\/evoratech-destaca-se-na-onda-de-solidariedade-e-recebe-o-apoio-da-camara-municipal\/","title":{"rendered":"EVORATECH destaca-se na onda de solidariedade e recebe o apoio da C\u00e2mara Municipal"},"content":{"rendered":"<p><\/p>\n<h2>Pandemia Covid-19<\/h2>\n<\/p>\n<p style=\"font-size:14.0238px;text-align:justify\"><span class=\"ms-rteThemeForeColor-4-5\" style=\"font-size:12pt\"><strong style=\"font-size:16.0016px\">O Presidente da C\u00e2mara Municipal de \u00c9vora, Carlos Pinto de S\u00e1, visitou as instala\u00e7\u00f5es da EVORATECH, infraestrutura da C\u00e2mara Municipal de \u00c9vora&nbsp;<\/strong><strong style=\"font-size:16.0016px\">gerida pela ADRAL \u2013 Ag\u00eancia de Desenvolvimento Regional do Alentejo.<\/strong><strong style=\"font-size:16.0016px\">&nbsp;<\/strong><strong style=\"font-size:16.0016px\">Carlos Pinto de S\u00e1 fez quest\u00e3o de<\/strong><strong style=\"font-size:16.0016px\">&nbsp;transmitir pessoalmente o apoio da Autarquia \u00e0 iniciativa da Incubadora de Empresas de Base Tecnol\u00f3gica de \u00c9vora, que se destacou pela entrega de mais de 800 viseiras de prote\u00e7\u00e3o individual, produzidas em apenas uma semana. Mais 2 mil unidades estar\u00e3o prontas para entrega nos pr\u00f3ximos dias.<\/strong><\/span><\/p>\n<p style=\"font-size:14.0238px;text-align:justify\"><span class=\"ms-rteThemeForeColor-4-5\" style=\"font-size:12pt\">Os t\u00e9cnicos do Fablab (Laborat\u00f3rio de Fabrica\u00e7\u00e3o) da \u00c9voratech, reconhecendo possuir a capacidade e os meios t\u00e9cnicos adequados, tomaram a iniciativa de produzir viseiras de prote\u00e7\u00e3o individual com o objetivo de equipar as diversas institui\u00e7\u00f5es que est\u00e3o na linha da frente no combate \u00e0 pandemia COVID-19. Esta iniciativa, que foi poss\u00edvel gra\u00e7as \u00e0 parceria com a Eboraelaser e a Stand Digital &#8211; Publicidade, Lda., j\u00e1 permitiu a entrega deste equipamento, a t\u00edtulo gratuito, a hospitais, for\u00e7as de seguran\u00e7a, servi\u00e7os operacionais da C\u00e2mara Municipal, lares de idosos, bombeiros volunt\u00e1rios e unidades de sa\u00fade ao n\u00edvel regional e nacional.<\/span><\/p>\n<p style=\"font-size:14.0238px;text-align:justify\"><span class=\"ms-rteThemeForeColor-4-5\" style=\"font-size:12pt\">Na visita \u00e0s instala\u00e7\u00f5es, o Presidente da CME congratulou os respons\u00e1veis, transmitindo em nome da Autarquia toda a disponibilidade para apoiar a iniciativa: &#8220;A vossa ideia de produzir estas viseiras de prote\u00e7\u00e3o \u00e9 um excelente exemplo de solidariedade e um importante contributo na luta que todos travamos contra esta pandemia&#8221;.<\/span><\/p>\n<p style=\"font-size:14.0238px;text-align:justify\"><span class=\"ms-rteThemeForeColor-4-5\" style=\"font-size:12pt\">Daniel Janeiro, Coordenador do EVORATECH e Jo\u00e3o Marreiros, respons\u00e1vel pelo Fablab, referiram ter sido determinante o apoio em donativos recebidos por parte de empresas, nomeadamente na oferta de placas de acr\u00edlico, a mat\u00e9ria-prima base das viseiras de prote\u00e7\u00e3o. &#8220;J\u00e1 entreg\u00e1mos 800 viseiras em menos de uma semana gra\u00e7as \u00e0s ofertas que recebemos, e ainda temos material para produzir mais 2 mil unidades nos pr\u00f3ximos dias&#8221;, afirmaram estes respons\u00e1veis.<\/span><\/p>\n<p style=\"font-size:14.0238px;text-align:justify\"><span class=\"ms-rteThemeForeColor-4-5\" style=\"font-size:12pt\"><br style=\"font-size:16.0016px\"><\/span><\/p>\n<p style=\"font-size:14.0238px;text-align:justify\"><span class=\"ms-rteThemeForeColor-4-5\" style=\"font-size:12pt\"><span style=\"font-size:16.0016px\">Fotos<\/span>:&nbsp;<a href=\"https:\/\/www.cm-evora.pt\/wp-content\/uploads\/2020\/07\/EVORATECHdestacasenaondadesolidariedadeerecebeoapoiodaCmaraMunicipal_F_0_1594215893.jpeg\" style=\"font-size:16.0016px\"><img decoding=\"async\" class=\"ms-asset-icon ms-rtePosition-4\" src=\"https:\/\/www.cm-evora.pt\/wp-content\/uploads\/2020\/07\/EVORATECHdestacasenaondadesolidariedadeerecebeoapoiodaCmaraMunicipal_F_1_1594215895.gif\" alt=\"\" style=\"font-size:16.0032px;margin:5px\">Foto 1.jpg<\/a>&nbsp;|&nbsp;<a href=\"https:\/\/www.cm-evora.pt\/wp-content\/uploads\/2020\/07\/EVORATECHdestacasenaondadesolidariedadeerecebeoapoiodaCmaraMunicipal_F_2_1594215895.jpeg\" style=\"font-size:16.0016px\"><img decoding=\"async\" class=\"ms-asset-icon ms-rtePosition-4\" src=\"https:\/\/www.cm-evora.pt\/wp-content\/uploads\/2020\/07\/EVORATECHdestacasenaondadesolidariedadeerecebeoapoiodaCmaraMunicipal_F_1_1594215895.gif\" alt=\"\" style=\"font-size:16.0032px;margin:5px\">Foto 2.jpg<\/a>&nbsp;|&nbsp;<a href=\"https:\/\/www.cm-evora.pt\/wp-content\/uploads\/2020\/07\/EVORATECHdestacasenaondadesolidariedadeerecebeoapoiodaCmaraMunicipal_F_3_1594215898.jpeg\" style=\"font-size:16.0016px\"><img decoding=\"async\" class=\"ms-asset-icon ms-rtePosition-4\" src=\"https:\/\/www.cm-evora.pt\/wp-content\/uploads\/2020\/07\/EVORATECHdestacasenaondadesolidariedadeerecebeoapoiodaCmaraMunicipal_F_1_1594215895.gif\" alt=\"\" style=\"font-size:16.0032px;margin:5px\">Foto 3.jpg<\/a>&nbsp;|&nbsp;<a href=\"https:\/\/www.cm-evora.pt\/wp-content\/uploads\/2020\/07\/EVORATECHdestacasenaondadesolidariedadeerecebeoapoiodaCmaraMunicipal_F_4_1594215900.jpeg\" style=\"font-size:16.0016px\"><img decoding=\"async\" class=\"ms-asset-icon ms-rtePosition-4\" src=\"https:\/\/www.cm-evora.pt\/wp-content\/uploads\/2020\/07\/EVORATECHdestacasenaondadesolidariedadeerecebeoapoiodaCmaraMunicipal_F_1_1594215895.gif\" alt=\"\" style=\"font-size:16.0032px;margin:5px\">Foto 4.jpg<\/a>&nbsp;|&nbsp;<a href=\"https:\/\/www.cm-evora.pt\/wp-content\/uploads\/2020\/07\/EVORATECHdestacasenaondadesolidariedadeerecebeoapoiodaCmaraMunicipal_F_5_1594215901.jpeg\" style=\"font-size:16.0016px\"><img decoding=\"async\" class=\"ms-asset-icon ms-rtePosition-4\" src=\"https:\/\/www.cm-evora.pt\/wp-content\/uploads\/2020\/07\/EVORATECHdestacasenaondadesolidariedadeerecebeoapoiodaCmaraMunicipal_F_1_1594215895.gif\" alt=\"\" style=\"font-size:16.0032px;margin:5px\">Foto 5.jpg<\/a>&nbsp;|&nbsp;<a href=\"https:\/\/www.cm-evora.pt\/wp-content\/uploads\/2020\/07\/EVORATECHdestacasenaondadesolidariedadeerecebeoapoiodaCmaraMunicipal_F_6_1594215905.jpeg\" style=\"font-size:16.0016px\"><img decoding=\"async\" class=\"ms-asset-icon ms-rtePosition-4\" src=\"https:\/\/www.cm-evora.pt\/wp-content\/uploads\/2020\/07\/EVORATECHdestacasenaondadesolidariedadeerecebeoapoiodaCmaraMunicipal_F_1_1594215895.gif\" alt=\"\" style=\"font-size:16.0032px;margin:5px\">Foto 6.jpg<\/a>&nbsp;|&nbsp;<a href=\"https:\/\/www.cm-evora.pt\/wp-content\/uploads\/2020\/07\/EVORATECHdestacasenaondadesolidariedadeerecebeoapoiodaCmaraMunicipal_F_7_1594215906.jpeg\" style=\"font-size:16.0016px\"><img decoding=\"async\" class=\"ms-asset-icon ms-rtePosition-4\" src=\"https:\/\/www.cm-evora.pt\/wp-content\/uploads\/2020\/07\/EVORATECHdestacasenaondadesolidariedadeerecebeoapoiodaCmaraMunicipal_F_1_1594215895.gif\" alt=\"\" style=\"font-size:16.0032px;margin:5px\">Foto 7.jpg<\/a><\/span><\/p>\n<p>\u200b\u200b<\/p>\n<p> <\/p>","protected":false},"excerpt":{"rendered":"<p>Pandemia Covid-19<\/p>\n","protected":false},"author":1,"featured_media":13387,"comment_status":"closed","ping_status":"closed","sticky":false,"template":"","format":"standard","meta":{"_acf_changed":false,"footnotes":""},"categories":[2110],"tags":[],"class_list":["post-13396","post","type-post","status-publish","format-standard","has-post-thumbnail","hentry","category-noticias"],"acf":{"imagens":"","destaq_image":13387,"titulo_docs_seccao":"Documentos","documentos":""},"_links":{"self":[{"href":"https:\/\/www.cm-evora.pt\/en\/wp-json\/wp\/v2\/posts\/13396","targetHints":{"allow":["GET"]}}],"collection":[{"href":"https:\/\/www.cm-evora.pt\/en\/wp-json\/wp\/v2\/posts"}],"about":[{"href":"https:\/\/www.cm-evora.pt\/en\/wp-json\/wp\/v2\/types\/post"}],"author":[{"embeddable":true,"href":"https:\/\/www.cm-evora.pt\/en\/wp-json\/wp\/v2\/users\/1"}],"replies":[{"embeddable":true,"href":"https:\/\/www.cm-evora.pt\/en\/wp-json\/wp\/v2\/comments?post=13396"}],"version-history":[{"count":3,"href":"https:\/\/www.cm-evora.pt\/en\/wp-json\/wp\/v2\/posts\/13396\/revisions"}],"predecessor-version":[{"id":24350,"href":"https:\/\/www.cm-evora.pt\/en\/wp-json\/wp\/v2\/posts\/13396\/revisions\/24350"}],"wp:featuredmedia":[{"embeddable":true,"href":"https:\/\/www.cm-evora.pt\/en\/wp-json\/wp\/v2\/media\/13387"}],"wp:attachment":[{"href":"https:\/\/www.cm-evora.pt\/en\/wp-json\/wp\/v2\/media?parent=13396"}],"wp:term":[{"taxonomy":"category","embeddable":true,"href":"https:\/\/www.cm-evora.pt\/en\/wp-json\/wp\/v2\/categories?post=13396"},{"taxonomy":"post_tag","embeddable":true,"href":"https:\/\/www.cm-evora.pt\/en\/wp-json\/wp\/v2\/tags?post=13396"}],"curies":[{"name":"wp","href":"https:\/\/api.w.org\/{rel}","templated":true}]}}