{"id":13459,"date":"2020-03-16T00:00:00","date_gmt":"2020-03-16T00:00:00","guid":{"rendered":"https:\/\/evora2.int.skilltech.pt\/susProjects\/wp_evora2_suite\/camara-municipal-de-evora-adota-medidas-preventivas-relativamente-a-covid-19\/"},"modified":"2021-07-05T12:28:38","modified_gmt":"2021-07-05T11:28:38","slug":"camara-municipal-de-evora-adota-medidas-preventivas-relativamente-a-covid-19","status":"publish","type":"post","link":"https:\/\/www.cm-evora.pt\/en\/camara-municipal-de-evora-adota-medidas-preventivas-relativamente-a-covid-19\/","title":{"rendered":"C\u00e2mara Municipal de \u00c9vora adota medidas preventivas relativamente a COVID 19"},"content":{"rendered":"<p><\/p>\n<h2>\u00c9vora, 16\/03\/2020<\/h2>\n<p><span class=\"ms-rteThemeForeColor-4-5\" style=\"font-size:12pt\">\u200b<span style=\"text-align:justify\">Na sequ\u00eancia das medidas anunciadas pela C\u00e2mara Municipal de \u00c9vora relativamente \u00e0 pandemia de COVID 19, divulgadas atrav\u00e9s de <\/span><span style=\"text-align:justify\">comunicado no passado dia 13 de mar\u00e7o<\/span><span style=\"text-align:justify\">, e tendo em conta os \u00faltimos dados oficiais que confirmam a evolu\u00e7\u00e3o do n\u00edvel de risco, s\u00e3o adotadas novas medidas complementares de preven\u00e7\u00e3o, a vigorar de imediato, nomeadamente:<\/span><\/span><\/p>\n<ul style=\"text-align:justify\">\n<li><span class=\"ms-rteThemeForeColor-4-5\" style=\"font-size:12pt\">\u200bAs <strong>esplanadas localizadas em espa\u00e7o p\u00fablico<\/strong> dever\u00e3o limitar o n\u00famero de mesas de acordo com a \u00e1rea dispon\u00edvel, de forma a aumentar a dist\u00e2ncia de seguran\u00e7a entre os utentes;<\/span><\/li>\n<li><span class=\"ms-rteThemeForeColor-4-5\" style=\"font-size:12pt\">O <\/span><strong style=\"color:#181818\">Complexo Desportivo e o Circuito de Manuten\u00e7\u00e3o<\/strong><span style=\"color:#181818;font-size:12pt\"> passar\u00e3o a encerrar \u00e0s 21h;<\/span><\/li>\n<li><span style=\"color:#181818;font-size:12pt\">Ser\u00e1 cancelada a <\/span><strong style=\"color:#181818\">ced\u00eancia de transportes<\/strong><span style=\"color:#181818;font-size:12pt\"> para fins socioculturais, desportivos e de lazer;<\/span><\/li>\n<li><span class=\"ms-rteThemeForeColor-4-5\" style=\"font-size:12pt\">Ser\u00e1 encerrado o <strong>Ponto Jovem<\/strong>.<\/span><\/li>\n<\/ul>\n<p style=\"text-align:justify\"><span class=\"ms-rteThemeForeColor-4-5\" style=\"font-size:12pt\">A situa\u00e7\u00e3o continuar\u00e1 a ser monitorizada de forma permanente, assegurando a C\u00e2mara Municipal de \u00c9vora a ado\u00e7\u00e3o de medidas que se venham a revelar necess\u00e1rias de acordo com o interesse coletivo.<\/span><\/p>\n<p style=\"text-align:justify\"><span class=\"ms-rteThemeForeColor-4-5\" style=\"font-size:12pt\">Apela-se \u00e0 popula\u00e7\u00e3o que se mantenha informada, que privilegie o contacto por via telef\u00f3nica e eletr\u00f3nica com a C\u00e2mara Municipal de \u00c9vora sempre que for poss\u00edvel e que siga as orienta\u00e7\u00f5es emanadas pelas entidades competentes.<\/span><\/p>\n<p style=\"text-align:justify\"><span class=\"ms-rteThemeForeColor-4-5\" style=\"font-size:12pt\">Informa\u00e7\u00e3o Municipal sobre COVID 19 em: (<a href=\"http:\/\/www.cm-evora.pt\/pt\/Evora-Noticias\/arquivo\/Paginas\/C\u00e2mara-Municipal-de-\u00c9vora-adota-medidas-preventivas-relativamente-a-COVID-19.aspx\" target=\"_blank\" title=\"Informa\u00e7\u00e3o Municipal sobre COVID 19\" rel=\"noopener\"><span class=\"ms-rteForeColor-8\">http:\/\/www.cm-evora.pt\/pt\/Evora-Noticias\/arquivo\/Paginas\/C%C3%A2mara-Municipal-de-%C3%89vora-adota-medidas-preventivas-relativamente-a-COVID-19.aspx\u200b<\/span><\/a>)<\/span><span class=\"ms-rteThemeForeColor-4-5\" style=\"font-size:12pt\">\u200b<\/span><\/p>\n<p> <\/p>","protected":false},"excerpt":{"rendered":"<p>\u00c9vora, 16\/03\/2020<\/p>\n","protected":false},"author":1,"featured_media":13458,"comment_status":"closed","ping_status":"closed","sticky":false,"template":"","format":"standard","meta":{"_acf_changed":false,"footnotes":""},"categories":[2110],"tags":[],"class_list":["post-13459","post","type-post","status-publish","format-standard","has-post-thumbnail","hentry","category-noticias"],"acf":{"imagens":[13458],"destaq_image":13458,"titulo_docs_seccao":"Documentos","documentos":""},"_links":{"self":[{"href":"https:\/\/www.cm-evora.pt\/en\/wp-json\/wp\/v2\/posts\/13459","targetHints":{"allow":["GET"]}}],"collection":[{"href":"https:\/\/www.cm-evora.pt\/en\/wp-json\/wp\/v2\/posts"}],"about":[{"href":"https:\/\/www.cm-evora.pt\/en\/wp-json\/wp\/v2\/types\/post"}],"author":[{"embeddable":true,"href":"https:\/\/www.cm-evora.pt\/en\/wp-json\/wp\/v2\/users\/1"}],"replies":[{"embeddable":true,"href":"https:\/\/www.cm-evora.pt\/en\/wp-json\/wp\/v2\/comments?post=13459"}],"version-history":[{"count":1,"href":"https:\/\/www.cm-evora.pt\/en\/wp-json\/wp\/v2\/posts\/13459\/revisions"}],"predecessor-version":[{"id":24333,"href":"https:\/\/www.cm-evora.pt\/en\/wp-json\/wp\/v2\/posts\/13459\/revisions\/24333"}],"acf:attachment":[{"embeddable":true,"href":"https:\/\/www.cm-evora.pt\/en\/wp-json\/wp\/v2\/media\/13458"}],"wp:featuredmedia":[{"embeddable":true,"href":"https:\/\/www.cm-evora.pt\/en\/wp-json\/wp\/v2\/media\/13458"}],"wp:attachment":[{"href":"https:\/\/www.cm-evora.pt\/en\/wp-json\/wp\/v2\/media?parent=13459"}],"wp:term":[{"taxonomy":"category","embeddable":true,"href":"https:\/\/www.cm-evora.pt\/en\/wp-json\/wp\/v2\/categories?post=13459"},{"taxonomy":"post_tag","embeddable":true,"href":"https:\/\/www.cm-evora.pt\/en\/wp-json\/wp\/v2\/tags?post=13459"}],"curies":[{"name":"wp","href":"https:\/\/api.w.org\/{rel}","templated":true}]}}