{"id":13497,"date":"2020-03-10T00:00:00","date_gmt":"2020-03-10T00:00:00","guid":{"rendered":"https:\/\/evora2.int.skilltech.pt\/susProjects\/wp_evora2_suite\/reuniao-da-comissao-municipal-de-economia-e-turismo-de-evora\/"},"modified":"2021-07-05T12:18:09","modified_gmt":"2021-07-05T11:18:09","slug":"reuniao-da-comissao-municipal-de-economia-e-turismo-de-evora","status":"publish","type":"post","link":"https:\/\/www.cm-evora.pt\/en\/reuniao-da-comissao-municipal-de-economia-e-turismo-de-evora\/","title":{"rendered":"Reuni\u00e3o da Comiss\u00e3o Municipal de Economia e Turismo de \u00c9vora"},"content":{"rendered":"<p> <\/p>\n<p style=\"text-align:justify\">\u200bA Comiss\u00e3o Municipal de Economia e Turismo de \u00c9vora realizou a sua 9\u00aa reuni\u00e3o plen\u00e1ria no dia 6 de Mar\u00e7o de 2020, no Sal\u00e3o Nobre dos Pa\u00e7os do Concelho. Os trabalhos foram orientados pelo Presidente do Munic\u00edpio de \u00c9vora, Carlos Pinto de S\u00e1, e incidiram entre outras mat\u00e9rias, sobre as Grandes Op\u00e7\u00f5es do Plano para 2020, a Feira de S. Jo\u00e3o e &nbsp;a Taxa Municipal Tur\u00edstica. <\/p>\n<p style=\"text-align:justify\">&nbsp;<\/p>\n<p style=\"text-align:justify\">O autarca destacou alguns investimentos &nbsp;e projetos mais relevantes, designadamente, o projeto Pocityf, a substitui\u00e7\u00e3o da ilumina\u00e7\u00e3o p\u00fablica do concelho por lumin\u00e1rias Led, o Laborat\u00f3rio Vivo para a Descarboniza\u00e7\u00e3o de \u00c9vora, a &nbsp;(re)funcionaliza\u00e7\u00e3o do Aqueduto da \u00c1gua de Prata, a refloresta\u00e7\u00e3o do Alto de S. Bento, a amplia\u00e7\u00e3o do PITE, o Plano Estrat\u00e9gico do Aer\u00f3dromo Municipal de \u00c9vora e a candidatura de \u00c9vora a <em>Capital Europeia da Cultura<\/em>.<\/p>\n<p style=\"text-align:justify\">&nbsp;<\/p>\n<p style=\"text-align:justify\">No que diz respeito \u00e0 Feira de S. Jo\u00e3o, informou que se relan\u00e7ar\u00e1, muito em breve, a discuss\u00e3o sobre o futuro deste certame, dado estar em curso a prepara\u00e7\u00e3o do quadro comunit\u00e1rio 2021-2027, e ser, por isso, o momento ideal para definir eventuais investimentos nesta \u00e1rea.<\/p>\n<p style=\"text-align:justify\">&nbsp;<\/p>\n<p style=\"text-align:justify\">A prop\u00f3sito da Taxa Municipal Tur\u00edstica, o Presidente Carlos Pinto de S\u00e1 manifestou a sua preocupa\u00e7\u00e3o sobre os efeitos da propaga\u00e7\u00e3o do Covid-19. Considerou que num per\u00edodo de retra\u00e7\u00e3o de fluxos tur\u00edsticos n\u00e3o ser\u00e1 prop\u00edcio avan\u00e7ar com um projeto de cria\u00e7\u00e3o da taxa municipal tur\u00edstica, mantendo-se num contexto de normaliza\u00e7\u00e3o da atividade tur\u00edstica a inten\u00e7\u00e3o de implementar esta taxa.<\/p>\n<p style=\"text-align:justify\">&nbsp;<\/p>\n<p style=\"text-align:justify\">Foram agendadas as pr\u00f3ximas tr\u00eas reuni\u00f5es desta Comiss\u00e3o Municipal, tendo o Presidente enfatizado a import\u00e2ncia da participa\u00e7\u00e3o ativa dos seus membros na melhoria da intera\u00e7\u00e3o entre o Munic\u00edpio e as 26 entidades do concelho que a constituem, designadamente atrav\u00e9s da apresenta\u00e7\u00e3o de propostas para debate.<\/p>\n<p style=\"text-align:justify\"><strong>&nbsp;<a href=\"https:\/\/www.cm-evora.pt\/wp-content\/uploads\/2020\/07\/ReuniodaComissoMunicipaldeEconomiaeTurismodevora_F_0_1594215984.jpeg\"><img decoding=\"async\" class=\"ms-asset-icon ms-rtePosition-4\" src=\"https:\/\/www.cm-evora.pt\/wp-content\/uploads\/2020\/07\/ReuniodaComissoMunicipaldeEconomiaeTurismodevora_F_1_1594215984.gif\" alt=\"\">CMET1.JPG<\/a>&nbsp;<a href=\"https:\/\/www.cm-evora.pt\/wp-content\/uploads\/2020\/07\/ReuniodaComissoMunicipaldeEconomiaeTurismodevora_F_2_1594215984.jpeg\"><img decoding=\"async\" class=\"ms-asset-icon ms-rtePosition-4\" src=\"https:\/\/www.cm-evora.pt\/wp-content\/uploads\/2020\/07\/ReuniodaComissoMunicipaldeEconomiaeTurismodevora_F_1_1594215984.gif\" alt=\"\">CMET2.JPG<\/a>&nbsp;<a href=\"https:\/\/www.cm-evora.pt\/wp-content\/uploads\/2020\/07\/ReuniodaComissoMunicipaldeEconomiaeTurismodevora_F_3_1594215985.jpeg\"><img decoding=\"async\" class=\"ms-asset-icon ms-rtePosition-4\" src=\"https:\/\/www.cm-evora.pt\/wp-content\/uploads\/2020\/07\/ReuniodaComissoMunicipaldeEconomiaeTurismodevora_F_1_1594215984.gif\" alt=\"\">CMET3.JPG<\/a>&nbsp;<a href=\"https:\/\/www.cm-evora.pt\/wp-content\/uploads\/2020\/07\/ReuniodaComissoMunicipaldeEconomiaeTurismodevora_F_4_1594215985.jpeg\"><img decoding=\"async\" class=\"ms-asset-icon ms-rtePosition-4\" src=\"https:\/\/www.cm-evora.pt\/wp-content\/uploads\/2020\/07\/ReuniodaComissoMunicipaldeEconomiaeTurismodevora_F_1_1594215984.gif\" alt=\"\">CMET4.JPG<\/a><\/strong><\/p>\n<p> <\/p>","protected":false},"excerpt":{"rendered":"<p>\u200bA Comiss\u00e3o Municipal de Economia e Turismo de \u00c9vora realizou a sua 9\u00aa reuni\u00e3o plen\u00e1ria no dia 6 de Mar\u00e7o de 2020, no Sal\u00e3o Nobre dos Pa\u00e7os do Concelho. Os trabalhos foram orientados pelo Presidente do Munic\u00edpio de \u00c9vora, Carlos Pinto de S\u00e1, e incidiram entre outras mat\u00e9rias, sobre as Grandes Op\u00e7\u00f5es do Plano para [&hellip;]<\/p>\n","protected":false},"author":1,"featured_media":13491,"comment_status":"closed","ping_status":"closed","sticky":false,"template":"","format":"standard","meta":{"_acf_changed":false,"footnotes":""},"categories":[2110],"tags":[],"class_list":["post-13497","post","type-post","status-publish","format-standard","has-post-thumbnail","hentry","category-noticias"],"acf":{"imagens":[13491,13492,13493,13494,13495,13496],"destaq_image":13491,"titulo_docs_seccao":"Documentos","documentos":""},"_links":{"self":[{"href":"https:\/\/www.cm-evora.pt\/en\/wp-json\/wp\/v2\/posts\/13497","targetHints":{"allow":["GET"]}}],"collection":[{"href":"https:\/\/www.cm-evora.pt\/en\/wp-json\/wp\/v2\/posts"}],"about":[{"href":"https:\/\/www.cm-evora.pt\/en\/wp-json\/wp\/v2\/types\/post"}],"author":[{"embeddable":true,"href":"https:\/\/www.cm-evora.pt\/en\/wp-json\/wp\/v2\/users\/1"}],"replies":[{"embeddable":true,"href":"https:\/\/www.cm-evora.pt\/en\/wp-json\/wp\/v2\/comments?post=13497"}],"version-history":[{"count":1,"href":"https:\/\/www.cm-evora.pt\/en\/wp-json\/wp\/v2\/posts\/13497\/revisions"}],"predecessor-version":[{"id":24325,"href":"https:\/\/www.cm-evora.pt\/en\/wp-json\/wp\/v2\/posts\/13497\/revisions\/24325"}],"acf:attachment":[{"embeddable":true,"href":"https:\/\/www.cm-evora.pt\/en\/wp-json\/wp\/v2\/media\/13496"},{"embeddable":true,"href":"https:\/\/www.cm-evora.pt\/en\/wp-json\/wp\/v2\/media\/13495"},{"embeddable":true,"href":"https:\/\/www.cm-evora.pt\/en\/wp-json\/wp\/v2\/media\/13494"},{"embeddable":true,"href":"https:\/\/www.cm-evora.pt\/en\/wp-json\/wp\/v2\/media\/13493"},{"embeddable":true,"href":"https:\/\/www.cm-evora.pt\/en\/wp-json\/wp\/v2\/media\/13492"},{"embeddable":true,"href":"https:\/\/www.cm-evora.pt\/en\/wp-json\/wp\/v2\/media\/13491"}],"wp:featuredmedia":[{"embeddable":true,"href":"https:\/\/www.cm-evora.pt\/en\/wp-json\/wp\/v2\/media\/13491"}],"wp:attachment":[{"href":"https:\/\/www.cm-evora.pt\/en\/wp-json\/wp\/v2\/media?parent=13497"}],"wp:term":[{"taxonomy":"category","embeddable":true,"href":"https:\/\/www.cm-evora.pt\/en\/wp-json\/wp\/v2\/categories?post=13497"},{"taxonomy":"post_tag","embeddable":true,"href":"https:\/\/www.cm-evora.pt\/en\/wp-json\/wp\/v2\/tags?post=13497"}],"curies":[{"name":"wp","href":"https:\/\/api.w.org\/{rel}","templated":true}]}}