{"id":13543,"date":"2020-03-06T00:00:00","date_gmt":"2020-03-06T00:00:00","guid":{"rendered":"https:\/\/evora2.int.skilltech.pt\/susProjects\/wp_evora2_suite\/artes-a-escola-leva-poemas-sonoros-a-horta-das-figueiras-e-malagueira\/"},"modified":"2021-07-05T11:45:45","modified_gmt":"2021-07-05T10:45:45","slug":"artes-a-escola-leva-poemas-sonoros-a-horta-das-figueiras-e-malagueira","status":"publish","type":"post","link":"https:\/\/www.cm-evora.pt\/en\/artes-a-escola-leva-poemas-sonoros-a-horta-das-figueiras-e-malagueira\/","title":{"rendered":"Artes \u00e0 Escola leva Poemas Sonoros \u00e0 Horta das Figueiras e Malagueira"},"content":{"rendered":"<p> <\/p>\n<p style=\"text-align:justify\">O\u200b projecto educativo do Munic\u00edpio de \u00c9vora <em>Artes \u00e0 Escola<\/em> levou <em>Poemas Sonoros \u2013 Oficina de Express\u00e3o e Comunica\u00e7\u00e3o, <\/em>\u00e0 aula de Actividades de Enriquecimento Curricular\/M\u00fasica, ministrada pela Prof\u00aa Patr\u00edcia Camelo.<\/p>\n<p style=\"text-align:justify\">&nbsp;<\/p>\n<p style=\"text-align:justify\">O artista e musicoterapeuta Pablo Vidal foi o convidado para orientar esta oficina onde a m\u00fasica \u00e9 perspetivada como uma contribui\u00e7\u00e3o para o total desenvolvimento do ser humano. M\u00fasica que, quando utilizada em Musicoterapia com objetivos concretos e um plano espec\u00edfico, traz grandes benef\u00edcios quer a n\u00edvel de conte\u00fado, quer em termos do desenvolvimento intelectual, emocional, social, f\u00edsico e est\u00e9tico.<\/p>\n<p style=\"text-align:justify\">&nbsp;<\/p>\n<p style=\"text-align:justify\">A oficina decorreu ontem (5 de Mar\u00e7o) na escola do 1\u00ba Ciclo do Ensino B\u00e1sico da Horta das Figueiras e est\u00e1 agendada para esta tarde na Manuel Ferreira Patr\u00edcio. Ter\u00e1 tamb\u00e9m uma componente pr\u00e1tica em pr\u00f3ximas sess\u00f5es.<\/p>\n<p style=\"text-align:justify\">&nbsp;<\/p>\n<p style=\"text-align:justify\">Recorde-se que o <em>Artes \u00e0 Escola<\/em> tem o prop\u00f3sito de disponibilizar \u00e0 comunidade educativa um programa cultural e art\u00edstico com o objetivo de proporcionar \u00e0s crian\u00e7as e jovens o acesso a v\u00e1rias \u00e1reas e express\u00f5es art\u00edsticas. Visa, assim, estimular a sua aprendizagem, forma\u00e7\u00e3o e conhecimento contribuindo, por sua vez, para promover uma maior proximidade aos espa\u00e7os culturais e \u00e0s atividades que se produzem localmente, abrindo espa\u00e7o para uma aprendizagem enriquecida, atrav\u00e9s do relacionamento e envolvimento com a comunidade.<\/p>\n<div style=\"text-align:justify\">&nbsp;&nbsp;<a href=\"https:\/\/www.cm-evora.pt\/wp-content\/uploads\/2020\/07\/ArtesEscolalevaPoemasSonorosHortadasFigueiraseMalagueira_F_0_1594216006.jpeg\"><img decoding=\"async\" class=\"ms-asset-icon ms-rtePosition-4\" src=\"https:\/\/www.cm-evora.pt\/wp-content\/uploads\/2020\/07\/ArtesEscolalevaPoemasSonorosHortadasFigueiraseMalagueira_F_1_1594216006.gif\" alt=\"\">M1.JPG<\/a>&nbsp;<a href=\"https:\/\/www.cm-evora.pt\/wp-content\/uploads\/2020\/07\/ArtesEscolalevaPoemasSonorosHortadasFigueiraseMalagueira_F_2_1594216006.jpeg\"><img decoding=\"async\" class=\"ms-asset-icon ms-rtePosition-4\" src=\"https:\/\/www.cm-evora.pt\/wp-content\/uploads\/2020\/07\/ArtesEscolalevaPoemasSonorosHortadasFigueiraseMalagueira_F_1_1594216006.gif\" alt=\"\">M2.JPG<\/a>&nbsp;<a href=\"https:\/\/www.cm-evora.pt\/wp-content\/uploads\/2020\/07\/ArtesEscolalevaPoemasSonorosHortadasFigueiraseMalagueira_F_3_1594216006.jpeg\"><img decoding=\"async\" class=\"ms-asset-icon ms-rtePosition-4\" src=\"https:\/\/www.cm-evora.pt\/wp-content\/uploads\/2020\/07\/ArtesEscolalevaPoemasSonorosHortadasFigueiraseMalagueira_F_1_1594216006.gif\" alt=\"\">M3.JPG<\/a>&nbsp;<a href=\"https:\/\/www.cm-evora.pt\/wp-content\/uploads\/2020\/07\/ArtesEscolalevaPoemasSonorosHortadasFigueiraseMalagueira_F_4_1594216007.jpeg\"><img decoding=\"async\" class=\"ms-asset-icon ms-rtePosition-4\" src=\"https:\/\/www.cm-evora.pt\/wp-content\/uploads\/2020\/07\/ArtesEscolalevaPoemasSonorosHortadasFigueiraseMalagueira_F_1_1594216006.gif\" alt=\"\">M4.JPG<\/a>&nbsp;<a href=\"https:\/\/www.cm-evora.pt\/wp-content\/uploads\/2020\/07\/ArtesEscolalevaPoemasSonorosHortadasFigueiraseMalagueira_F_5_1594216007.jpeg\"><img decoding=\"async\" class=\"ms-asset-icon ms-rtePosition-4\" src=\"https:\/\/www.cm-evora.pt\/wp-content\/uploads\/2020\/07\/ArtesEscolalevaPoemasSonorosHortadasFigueiraseMalagueira_F_1_1594216006.gif\" alt=\"\">M5.JPG<\/a>&nbsp;<a href=\"https:\/\/www.cm-evora.pt\/wp-content\/uploads\/2020\/07\/ArtesEscolalevaPoemasSonorosHortadasFigueiraseMalagueira_F_6_1594216008.jpeg\"><img decoding=\"async\" class=\"ms-asset-icon ms-rtePosition-4\" src=\"https:\/\/www.cm-evora.pt\/wp-content\/uploads\/2020\/07\/ArtesEscolalevaPoemasSonorosHortadasFigueiraseMalagueira_F_1_1594216006.gif\" alt=\"\">M6.JPG<\/a>&nbsp;<a href=\"https:\/\/www.cm-evora.pt\/wp-content\/uploads\/2020\/07\/ArtesEscolalevaPoemasSonorosHortadasFigueiraseMalagueira_F_7_1594216008.jpeg\"><img decoding=\"async\" class=\"ms-asset-icon ms-rtePosition-4\" src=\"https:\/\/www.cm-evora.pt\/wp-content\/uploads\/2020\/07\/ArtesEscolalevaPoemasSonorosHortadasFigueiraseMalagueira_F_1_1594216006.gif\" alt=\"\">M7.JPG<\/a>&nbsp;<a href=\"https:\/\/www.cm-evora.pt\/wp-content\/uploads\/2020\/07\/ArtesEscolalevaPoemasSonorosHortadasFigueiraseMalagueira_F_8_1594216009.jpeg\"><img decoding=\"async\" class=\"ms-asset-icon ms-rtePosition-4\" src=\"https:\/\/www.cm-evora.pt\/wp-content\/uploads\/2020\/07\/ArtesEscolalevaPoemasSonorosHortadasFigueiraseMalagueira_F_1_1594216006.gif\" alt=\"\">M8.JPG<\/a>&nbsp;<a href=\"https:\/\/www.cm-evora.pt\/wp-content\/uploads\/2020\/07\/ArtesEscolalevaPoemasSonorosHortadasFigueiraseMalagueira_F_9_1594216009.jpeg\"><img decoding=\"async\" class=\"ms-asset-icon ms-rtePosition-4\" src=\"https:\/\/www.cm-evora.pt\/wp-content\/uploads\/2020\/07\/ArtesEscolalevaPoemasSonorosHortadasFigueiraseMalagueira_F_1_1594216006.gif\" alt=\"\">M9.JPG<\/a>&nbsp;<a href=\"https:\/\/www.cm-evora.pt\/wp-content\/uploads\/2020\/07\/ArtesEscolalevaPoemasSonorosHortadasFigueiraseMalagueira_F_10_1594216009.jpeg\"><img decoding=\"async\" class=\"ms-asset-icon ms-rtePosition-4\" src=\"https:\/\/www.cm-evora.pt\/wp-content\/uploads\/2020\/07\/ArtesEscolalevaPoemasSonorosHortadasFigueiraseMalagueira_F_1_1594216006.gif\" alt=\"\">M10.JPG<\/a><\/div>\n<p> <\/p>","protected":false},"excerpt":{"rendered":"<p>O\u200b projecto educativo do Munic\u00edpio de \u00c9vora Artes \u00e0 Escola levou Poemas Sonoros \u2013 Oficina de Express\u00e3o e Comunica\u00e7\u00e3o, \u00e0 aula de Actividades de Enriquecimento Curricular\/M\u00fasica, ministrada pela Prof\u00aa Patr\u00edcia Camelo. &nbsp; O artista e musicoterapeuta Pablo Vidal foi o convidado para orientar esta oficina onde a m\u00fasica \u00e9 perspetivada como uma contribui\u00e7\u00e3o para o [&hellip;]<\/p>\n","protected":false},"author":1,"featured_media":13531,"comment_status":"closed","ping_status":"closed","sticky":false,"template":"","format":"standard","meta":{"_acf_changed":false,"footnotes":""},"categories":[2110],"tags":[],"class_list":["post-13543","post","type-post","status-publish","format-standard","has-post-thumbnail","hentry","category-noticias"],"acf":{"imagens":[13531,13532,13533,13534,13535,13536,13537,13538,13539,13540,13541,13542],"destaq_image":13531,"titulo_docs_seccao":"Documentos","documentos":""},"_links":{"self":[{"href":"https:\/\/www.cm-evora.pt\/en\/wp-json\/wp\/v2\/posts\/13543","targetHints":{"allow":["GET"]}}],"collection":[{"href":"https:\/\/www.cm-evora.pt\/en\/wp-json\/wp\/v2\/posts"}],"about":[{"href":"https:\/\/www.cm-evora.pt\/en\/wp-json\/wp\/v2\/types\/post"}],"author":[{"embeddable":true,"href":"https:\/\/www.cm-evora.pt\/en\/wp-json\/wp\/v2\/users\/1"}],"replies":[{"embeddable":true,"href":"https:\/\/www.cm-evora.pt\/en\/wp-json\/wp\/v2\/comments?post=13543"}],"version-history":[{"count":1,"href":"https:\/\/www.cm-evora.pt\/en\/wp-json\/wp\/v2\/posts\/13543\/revisions"}],"predecessor-version":[{"id":24318,"href":"https:\/\/www.cm-evora.pt\/en\/wp-json\/wp\/v2\/posts\/13543\/revisions\/24318"}],"acf:attachment":[{"embeddable":true,"href":"https:\/\/www.cm-evora.pt\/en\/wp-json\/wp\/v2\/media\/13542"},{"embeddable":true,"href":"https:\/\/www.cm-evora.pt\/en\/wp-json\/wp\/v2\/media\/13541"},{"embeddable":true,"href":"https:\/\/www.cm-evora.pt\/en\/wp-json\/wp\/v2\/media\/13540"},{"embeddable":true,"href":"https:\/\/www.cm-evora.pt\/en\/wp-json\/wp\/v2\/media\/13539"},{"embeddable":true,"href":"https:\/\/www.cm-evora.pt\/en\/wp-json\/wp\/v2\/media\/13538"},{"embeddable":true,"href":"https:\/\/www.cm-evora.pt\/en\/wp-json\/wp\/v2\/media\/13537"},{"embeddable":true,"href":"https:\/\/www.cm-evora.pt\/en\/wp-json\/wp\/v2\/media\/13536"},{"embeddable":true,"href":"https:\/\/www.cm-evora.pt\/en\/wp-json\/wp\/v2\/media\/13535"},{"embeddable":true,"href":"https:\/\/www.cm-evora.pt\/en\/wp-json\/wp\/v2\/media\/13534"},{"embeddable":true,"href":"https:\/\/www.cm-evora.pt\/en\/wp-json\/wp\/v2\/media\/13533"},{"embeddable":true,"href":"https:\/\/www.cm-evora.pt\/en\/wp-json\/wp\/v2\/media\/13532"},{"embeddable":true,"href":"https:\/\/www.cm-evora.pt\/en\/wp-json\/wp\/v2\/media\/13531"}],"wp:featuredmedia":[{"embeddable":true,"href":"https:\/\/www.cm-evora.pt\/en\/wp-json\/wp\/v2\/media\/13531"}],"wp:attachment":[{"href":"https:\/\/www.cm-evora.pt\/en\/wp-json\/wp\/v2\/media?parent=13543"}],"wp:term":[{"taxonomy":"category","embeddable":true,"href":"https:\/\/www.cm-evora.pt\/en\/wp-json\/wp\/v2\/categories?post=13543"},{"taxonomy":"post_tag","embeddable":true,"href":"https:\/\/www.cm-evora.pt\/en\/wp-json\/wp\/v2\/tags?post=13543"}],"curies":[{"name":"wp","href":"https:\/\/api.w.org\/{rel}","templated":true}]}}