{"id":13593,"date":"2020-02-27T00:00:00","date_gmt":"2020-02-27T00:00:00","guid":{"rendered":"https:\/\/evora2.int.skilltech.pt\/susProjects\/wp_evora2_suite\/em-reuniao-publica-de-26-de-fevereiro-camara-de-evora-fez-ponto-da-situacao-da-construcao-do-hospital-central\/"},"modified":"2021-07-05T11:32:45","modified_gmt":"2021-07-05T10:32:45","slug":"em-reuniao-publica-de-26-de-fevereiro-camara-de-evora-fez-ponto-da-situacao-da-construcao-do-hospital-central","status":"publish","type":"post","link":"https:\/\/www.cm-evora.pt\/en\/em-reuniao-publica-de-26-de-fevereiro-camara-de-evora-fez-ponto-da-situacao-da-construcao-do-hospital-central\/","title":{"rendered":"Em reuni\u00e3o p\u00fablica de 26 de Fevereiro: C\u00e2mara de \u00c9vora fez ponto da situa\u00e7\u00e3o da constru\u00e7\u00e3o do Hospital Central"},"content":{"rendered":"<p> <\/p>\n<p style=\"text-align:justify\">A constru\u00e7\u00e3o do Hospital Central de \u00c9vora foi o principal assunto debatido pelo Executivo da C\u00e2mara Municipal de \u00c9vora na mais recente reuni\u00e3o p\u00fablica.<\/p>\n<p style=\"text-align:justify\">&nbsp;<\/p>\n<p style=\"text-align:justify\">O Presidente do Munic\u00edpio, Carlos Pinto de S\u00e1, apresentou os estudos sobre as infraestruturas feitos pela Autarquia para o Hospital Central de \u00c9vora, cumprindo os compromissos da C\u00e2mara Municipal. Considerou urgente que estas mat\u00e9rias sejam avaliadas e decididas pelo Governo de modo a que possam ser conclu\u00eddas antes do final da obra de constru\u00e7\u00e3o do Hospital cujo in\u00edcio se espera para breve. Informou que aguarda reuni\u00e3o com o Minist\u00e9rio da Sa\u00fade para abordar estas e outras quest\u00f5es relacionadas com o novo Hospital numa perspetiva de colabora\u00e7\u00e3o camar\u00e1ria. A C\u00e2mara Municipal reafirmou a sua disponibilidade para cooperar e negociar estas mat\u00e9rias com o Governo.<\/p>\n<p style=\"text-align:justify\">&nbsp;<\/p>\n<p style=\"text-align:justify\">Foi aceite por unanimidade a solicita\u00e7\u00e3o de contrato de dep\u00f3sito de programas radiof\u00f3nicos no Centro de Recursos do Patrim\u00f3nio Cultural Imaterial, requerida por M\u00aa Luisa F. de Carvalho e Silva e M\u00aa Gisela F. de Carvalho e Silva. O deposito \u00e9 considerado de interesse municipal, expressando-se o devido agradecimento \u00e0s requerentes. Trata-se de programas radiof\u00f3nicos de natureza cultural, gravados em cassetes nos finais da d\u00e9cada de 90 do s\u00e9culo XX na R\u00e1dio Meridional e na R\u00e1dio Telefonia do Alentejo. <\/p>\n<p style=\"text-align:justify\">&nbsp;<\/p>\n<p style=\"text-align:justify\">Os convidados do primeiro programa &#8211; <em>\u00c9bura Monumental<\/em> &#8211; foram, principalmente, professores ligados \u00e0 Universidade de \u00c9vora. Os conte\u00fados do segundo programa &#8211; <em>\u00c9bura \u00e0 Sombra<\/em> &#8211; s\u00e3o registos de testemunhos de vidas e mem\u00f3rias, tendo como convidados, personalidades da comunidade. Al\u00e9m disso, existem tamb\u00e9m registos mais recentes, gravados em formato digital, sobretudo de tem\u00e1ticas transfronteiri\u00e7as, que tamb\u00e9m ficam depositados no Centro.<\/p>\n<p style=\"text-align:justify\">&nbsp;<\/p>\n<p style=\"text-align:justify\">O Presidente do Munic\u00edpio informou da sua participa\u00e7\u00e3o no 51\u00ba Anivers\u00e1rio do Di\u00e1rio do Sul, deixando um voto de sauda\u00e7\u00e3o a este grupo empresarial que mereceu aprova\u00e7\u00e3o un\u00e2nime.<\/p>\n<p style=\"text-align:justify\">&nbsp;<\/p>\n<p style=\"text-align:justify\">Foi tomado conhecimento da avalia\u00e7\u00e3o do Plano de A\u00e7\u00e3o Municipal de Envelhecimento Positivo de 2019 e da proposta de Plano de A\u00e7\u00e3o para 2020. Em 2019, desenvolveram-se 25 a\u00e7\u00f5es, inseridas nas tem\u00e1ticas da capacita\u00e7\u00e3o institucional, envelhecimento positivo, combate ao isolamento e exclus\u00e3o social\/valoriza\u00e7\u00e3o social do papel do idoso e cidadania. Para 2020, tendo em conta as referidas tem\u00e1ticas e alinhado com o Plano de Desenvolvimento Social e a Unidade de Rede de Envelhecimento Positivo, est\u00e1 agendada a execu\u00e7\u00e3o de um diversificado conjunto de a\u00e7\u00f5es. <\/p>\n<p style=\"text-align:justify\">&nbsp;\u200b<\/p>\n<p style=\"text-align:justify\">Destas, destacam-se&nbsp; a presta\u00e7\u00e3o de apoio t\u00e9cnico e log\u00edstico \u00e0s associa\u00e7\u00f5es de idosos, interc\u00e2mbios institucionais, visitas de interesse hist\u00f3rico\/patrimonial, ateli\u00eas tem\u00e1ticos, a\u00e7\u00f5es de sensibiliza\u00e7\u00e3o na \u00e1rea da sa\u00fade, programa municipal Seniores Ativos, Noite de Fados, Desfile de Carnaval, Baile da Am\u00eandoa, Feira de S. Jo\u00e3o, Baile Maior, semin\u00e1rio &#8220;Cuidar do Eu, do Outro e do Tempo&#8221;, Centro de Conv\u00edvio da CME, Projeto Municipal &#8220;Mais Pr\u00f3ximo de Todos&#8221;, Cart\u00e3o Social do Mun\u00edcipe, Programa Municipal &#8220;Conhecer Mais&#8221;, N\u00facleo Museol\u00f3gico do alto de S. Bento, sess\u00f5es de preven\u00e7\u00e3o rodovi\u00e1ria, de preven\u00e7\u00e3o de sismos e visita a institui\u00e7\u00f5es locais.<\/p>\n<p style=\"text-align:justify\">&nbsp;<\/p>\n<p style=\"text-align:justify\">Entre os variados assuntos tratados, salienta-se ainda a aprova\u00e7\u00e3o por unanimidade do pedido de isen\u00e7\u00e3o de taxas de liga\u00e7\u00e3o de \u00e1gua da rede p\u00fablica, no valor de 26.613,29 euros, ao Monte do Zambujinho \u2013 Azaruja e comparticipa\u00e7\u00e3o com o fornecimento de 1100 ml de tudo de PVC de \u0278 75 mm, numa import\u00e2ncia at\u00e9 3.490 euros (IVA inclu\u00eddo), requerida pela ASCTE \u2013 Associa\u00e7\u00e3o Sociocultural e Terap\u00eautica de \u00c9vora.<\/p>\n<p style=\"text-align:justify\">&nbsp;<\/p>\n<p style=\"text-align:justify\">Recorde-se que o Regulamento Municipal do Servi\u00e7o de Abastecimento P\u00fablico de \u00c1gua prev\u00ea a possibilidade de liga\u00e7\u00e3o de \u00e1gua fora dos per\u00edmetros urbanos em condi\u00e7\u00f5es especiais, nomeadamente o pagamento de taxa espec\u00edfica para esse fim. De acordo com o Regulamento e Tabela de Taxas e Outras Receitas do Munic\u00edpio de \u00c9vora, a C\u00e2mara Municipal poder\u00e1, mediante delibera\u00e7\u00e3o fundamentada, isentar ou reduzir as taxas devidas pela realiza\u00e7\u00e3o de infraestruturas urban\u00edsticas no caso de institui\u00e7\u00f5es particulares de solidariedade social que seja reconhecido o interesse p\u00fablico, como \u00e9 a presente situa\u00e7\u00e3o.<\/p>\n<p>&nbsp;<a href=\"https:\/\/www.cm-evora.pt\/wp-content\/uploads\/2020\/07\/Emreuniopblicade26deFevereiroCmaradevorafezpontodasituaodaconstruodoHospitalCentral_F_0_1594216114.jpeg\"><img decoding=\"async\" class=\"ms-asset-icon ms-rtePosition-4\" src=\"https:\/\/www.cm-evora.pt\/wp-content\/uploads\/2020\/07\/Emreuniopblicade26deFevereiroCmaradevorafezpontodasituaodaconstruodoHospitalCentral_F_1_1594216115.gif\" alt=\"\">RPC 26 02 2020 Pa\u00e7osConcelho.jpg<\/a><\/p>\n<p style=\"text-align:justify\">&nbsp;<\/p>\n<p> <\/p>","protected":false},"excerpt":{"rendered":"<p>A constru\u00e7\u00e3o do Hospital Central de \u00c9vora foi o principal assunto debatido pelo Executivo da C\u00e2mara Municipal de \u00c9vora na mais recente reuni\u00e3o p\u00fablica. &nbsp; O Presidente do Munic\u00edpio, Carlos Pinto de S\u00e1, apresentou os estudos sobre as infraestruturas feitos pela Autarquia para o Hospital Central de \u00c9vora, cumprindo os compromissos da C\u00e2mara Municipal. Considerou [&hellip;]<\/p>\n","protected":false},"author":1,"featured_media":13590,"comment_status":"closed","ping_status":"closed","sticky":false,"template":"","format":"standard","meta":{"_acf_changed":false,"footnotes":""},"categories":[2110],"tags":[],"class_list":["post-13593","post","type-post","status-publish","format-standard","has-post-thumbnail","hentry","category-noticias"],"acf":{"imagens":[13590,13591,13592],"destaq_image":13590,"titulo_docs_seccao":"Documentos","documentos":""},"_links":{"self":[{"href":"https:\/\/www.cm-evora.pt\/en\/wp-json\/wp\/v2\/posts\/13593","targetHints":{"allow":["GET"]}}],"collection":[{"href":"https:\/\/www.cm-evora.pt\/en\/wp-json\/wp\/v2\/posts"}],"about":[{"href":"https:\/\/www.cm-evora.pt\/en\/wp-json\/wp\/v2\/types\/post"}],"author":[{"embeddable":true,"href":"https:\/\/www.cm-evora.pt\/en\/wp-json\/wp\/v2\/users\/1"}],"replies":[{"embeddable":true,"href":"https:\/\/www.cm-evora.pt\/en\/wp-json\/wp\/v2\/comments?post=13593"}],"version-history":[{"count":1,"href":"https:\/\/www.cm-evora.pt\/en\/wp-json\/wp\/v2\/posts\/13593\/revisions"}],"predecessor-version":[{"id":24309,"href":"https:\/\/www.cm-evora.pt\/en\/wp-json\/wp\/v2\/posts\/13593\/revisions\/24309"}],"acf:attachment":[{"embeddable":true,"href":"https:\/\/www.cm-evora.pt\/en\/wp-json\/wp\/v2\/media\/13592"},{"embeddable":true,"href":"https:\/\/www.cm-evora.pt\/en\/wp-json\/wp\/v2\/media\/13591"},{"embeddable":true,"href":"https:\/\/www.cm-evora.pt\/en\/wp-json\/wp\/v2\/media\/13590"}],"wp:featuredmedia":[{"embeddable":true,"href":"https:\/\/www.cm-evora.pt\/en\/wp-json\/wp\/v2\/media\/13590"}],"wp:attachment":[{"href":"https:\/\/www.cm-evora.pt\/en\/wp-json\/wp\/v2\/media?parent=13593"}],"wp:term":[{"taxonomy":"category","embeddable":true,"href":"https:\/\/www.cm-evora.pt\/en\/wp-json\/wp\/v2\/categories?post=13593"},{"taxonomy":"post_tag","embeddable":true,"href":"https:\/\/www.cm-evora.pt\/en\/wp-json\/wp\/v2\/tags?post=13593"}],"curies":[{"name":"wp","href":"https:\/\/api.w.org\/{rel}","templated":true}]}}