{"id":13625,"date":"2020-02-20T00:00:00","date_gmt":"2020-02-20T00:00:00","guid":{"rendered":"https:\/\/evora2.int.skilltech.pt\/susProjects\/wp_evora2_suite\/autarquia-assinou-o-contrato-para-a-implementacao-do-laboratorio-vivo-para-a-descarbonizacao\/"},"modified":"2021-07-05T11:26:28","modified_gmt":"2021-07-05T10:26:28","slug":"autarquia-assinou-o-contrato-para-a-implementacao-do-laboratorio-vivo-para-a-descarbonizacao","status":"publish","type":"post","link":"https:\/\/www.cm-evora.pt\/en\/autarquia-assinou-o-contrato-para-a-implementacao-do-laboratorio-vivo-para-a-descarbonizacao\/","title":{"rendered":"Autarquia assinou o contrato para a implementa\u00e7\u00e3o do \u201cLaborat\u00f3rio Vivo para a Descarboniza\u00e7\u00e3o\u201d"},"content":{"rendered":"<p> <\/p>\n<p>\u200b<\/p>\n<div style=\"text-align:justify\">Foi assinado hoje, 20 de fevereiro, no Sal\u00e3o Nobre dos Pa\u00e7os do Concelho, o contrato de cons\u00f3rcio do <strong>&#8220;Laborat\u00f3rio Vivo para a Descarboniza\u00e7\u00e3o de \u00c9vora&#8221; (LVpD\u00c9<\/strong>), um projeto que tem como foco o centro hist\u00f3rico da cidade e que visa a implementa\u00e7\u00e3o e demonstra\u00e7\u00e3o de solu\u00e7\u00f5es tecnol\u00f3gicas inovadoras ligadas aos setores dos transportes e mobilidade, da promo\u00e7\u00e3o da efici\u00eancia energ\u00e9tica e do espa\u00e7o urbano eficiente.<\/div>\n<div style=\"text-align:justify\">O LVpD\u00c9 conta com um valor m\u00e1ximo de financiamento de 500 mil euros para um investimento total superior a 1 milh\u00e3o de euros e vai ser implementado em regime de cons\u00f3rcio por um conjunto alargado de parceiros, cabendo ao Munic\u00edpio a sua gest\u00e3o. O prazo previsto para fase de implementa\u00e7\u00e3o ser\u00e1 at\u00e9 final do primeiro semestre de 2021.<\/div>\n<div style=\"text-align:justify\">Este cons\u00f3rcio \u00e9 constitu\u00eddo pelo GoWithFlow, Logistema, Universidade de \u00c9vora, Comunidade Intermunicipal do Alentejo Central, DECSIS, ALTICE e Ag\u00eancia Desenvolvimento Regional Alentejo.<\/div>\n<div style=\"text-align:center\"><img decoding=\"async\" src=\"https:\/\/www.cm-evora.pt\/wp-content\/uploads\/2020\/07\/AutarquiaassinouocontratoparaaimplementaodoLaboratrioVivoparaaDescarbonizao_F_0_1594216188.jpeg\" alt=\"DSC_0039.JPG\" style=\"margin:5px;width:295px;height:196px\"><img decoding=\"async\" src=\"https:\/\/www.cm-evora.pt\/wp-content\/uploads\/2020\/07\/AutarquiaassinouocontratoparaaimplementaodoLaboratrioVivoparaaDescarbonizao_F_1_1594216195.jpeg\" alt=\"DSC_0045.JPG\" style=\"margin:5px;width:295px;height:196px\"><\/div>\n<div style=\"text-align:center\"><img decoding=\"async\" src=\"https:\/\/www.cm-evora.pt\/wp-content\/uploads\/2020\/07\/AutarquiaassinouocontratoparaaimplementaodoLaboratrioVivoparaaDescarbonizao_F_2_1594216203.jpeg\" alt=\"DSC_0057.JPG\" style=\"margin:5px;width:295px;height:195px\"><img decoding=\"async\" src=\"https:\/\/www.cm-evora.pt\/wp-content\/uploads\/2020\/07\/AutarquiaassinouocontratoparaaimplementaodoLaboratrioVivoparaaDescarbonizao_F_3_1594216211.jpeg\" alt=\"DSC_0062.JPG\" style=\"margin:5px;width:280px;height:195px\"><\/div>\n<p><\/p>\n<p>\u200b&nbsp;<\/p>\n<p> <\/p>","protected":false},"excerpt":{"rendered":"<p>\u200b Foi assinado hoje, 20 de fevereiro, no Sal\u00e3o Nobre dos Pa\u00e7os do Concelho, o contrato de cons\u00f3rcio do &#8220;Laborat\u00f3rio Vivo para a Descarboniza\u00e7\u00e3o de \u00c9vora&#8221; (LVpD\u00c9), um projeto que tem como foco o centro hist\u00f3rico da cidade e que visa a implementa\u00e7\u00e3o e demonstra\u00e7\u00e3o de solu\u00e7\u00f5es tecnol\u00f3gicas inovadoras ligadas aos setores dos transportes e [&hellip;]<\/p>\n","protected":false},"author":1,"featured_media":13620,"comment_status":"closed","ping_status":"closed","sticky":false,"template":"","format":"standard","meta":{"_acf_changed":false,"footnotes":""},"categories":[2110],"tags":[],"class_list":["post-13625","post","type-post","status-publish","format-standard","has-post-thumbnail","hentry","category-noticias"],"acf":{"imagens":[13620,13621,13622,13623,13624],"destaq_image":13620,"titulo_docs_seccao":"Documentos","documentos":""},"_links":{"self":[{"href":"https:\/\/www.cm-evora.pt\/en\/wp-json\/wp\/v2\/posts\/13625","targetHints":{"allow":["GET"]}}],"collection":[{"href":"https:\/\/www.cm-evora.pt\/en\/wp-json\/wp\/v2\/posts"}],"about":[{"href":"https:\/\/www.cm-evora.pt\/en\/wp-json\/wp\/v2\/types\/post"}],"author":[{"embeddable":true,"href":"https:\/\/www.cm-evora.pt\/en\/wp-json\/wp\/v2\/users\/1"}],"replies":[{"embeddable":true,"href":"https:\/\/www.cm-evora.pt\/en\/wp-json\/wp\/v2\/comments?post=13625"}],"version-history":[{"count":1,"href":"https:\/\/www.cm-evora.pt\/en\/wp-json\/wp\/v2\/posts\/13625\/revisions"}],"predecessor-version":[{"id":24302,"href":"https:\/\/www.cm-evora.pt\/en\/wp-json\/wp\/v2\/posts\/13625\/revisions\/24302"}],"acf:attachment":[{"embeddable":true,"href":"https:\/\/www.cm-evora.pt\/en\/wp-json\/wp\/v2\/media\/13624"},{"embeddable":true,"href":"https:\/\/www.cm-evora.pt\/en\/wp-json\/wp\/v2\/media\/13623"},{"embeddable":true,"href":"https:\/\/www.cm-evora.pt\/en\/wp-json\/wp\/v2\/media\/13622"},{"embeddable":true,"href":"https:\/\/www.cm-evora.pt\/en\/wp-json\/wp\/v2\/media\/13621"},{"embeddable":true,"href":"https:\/\/www.cm-evora.pt\/en\/wp-json\/wp\/v2\/media\/13620"}],"wp:featuredmedia":[{"embeddable":true,"href":"https:\/\/www.cm-evora.pt\/en\/wp-json\/wp\/v2\/media\/13620"}],"wp:attachment":[{"href":"https:\/\/www.cm-evora.pt\/en\/wp-json\/wp\/v2\/media?parent=13625"}],"wp:term":[{"taxonomy":"category","embeddable":true,"href":"https:\/\/www.cm-evora.pt\/en\/wp-json\/wp\/v2\/categories?post=13625"},{"taxonomy":"post_tag","embeddable":true,"href":"https:\/\/www.cm-evora.pt\/en\/wp-json\/wp\/v2\/tags?post=13625"}],"curies":[{"name":"wp","href":"https:\/\/api.w.org\/{rel}","templated":true}]}}