{"id":13629,"date":"2020-02-20T00:00:00","date_gmt":"2020-02-20T00:00:00","guid":{"rendered":"https:\/\/evora2.int.skilltech.pt\/susProjects\/wp_evora2_suite\/exposicao-sobre-brincas-de-carnaval-no-convento-dos-remedios\/"},"modified":"2021-07-05T11:23:02","modified_gmt":"2021-07-05T10:23:02","slug":"exposicao-sobre-brincas-de-carnaval-no-convento-dos-remedios","status":"publish","type":"post","link":"https:\/\/www.cm-evora.pt\/en\/exposicao-sobre-brincas-de-carnaval-no-convento-dos-remedios\/","title":{"rendered":"Exposi\u00e7\u00e3o sobre Brincas de Carnaval no Convento dos Rem\u00e9dios"},"content":{"rendered":"<p> <\/p>\n<p>\u200b<\/p>\n<div style=\"text-align:justify\"><span class=\"ms-rteThemeForeColor-2-0\"><strong>O Convento dos Rem\u00e9dios recebe, entre 20 de fevereiro e 30 de junho, a exposi\u00e7\u00e3o &#8220;Brincas de Carnaval de \u00c9vora \u2013 uma manifesta\u00e7\u00e3o do patrim\u00f3nio cultural imaterial do concelho de \u00c9vora&#8221;. Com co-organiza\u00e7\u00e3o da C\u00e2mara Municipal e da Dire\u00e7\u00e3o Regional de Cultura do Alentejo, &nbsp;esta exposi\u00e7\u00e3o tem inaugura\u00e7\u00e3o marcada para hoje, dia 20 pelas 18 horas, e pode ser visitada de segunda a sexta-feira no seguinte hor\u00e1rio: 9h30 &#8211; 12h30&nbsp;&nbsp;e 14h00 &#8211; 17h30.\u200b<\/strong><span> <\/span><\/span><\/div>\n<div style=\"text-align:justify\"><span class=\"ms-rteThemeForeColor-2-0\">As Brincas de \u00c9vora, uma forma de teatro comunit\u00e1rio que acontece durante o Carnaval, s\u00e3o criadas ou recriadas por grupos informais que se organizam anualmente para a constru\u00e7\u00e3o e execu\u00e7\u00e3o de uma dramatiza\u00e7\u00e3o popular durante a \u00e9poca carnavalesca. Os grupos escolhem e ensaiam textos escritos em d\u00e9cimas, misturam trag\u00e9dias e dramas, e s\u00e3o uma manifesta\u00e7\u00e3o&nbsp; muito rica e complexa da Cultura Popular. <\/span><\/div>\n<div style=\"text-align:justify\"><span class=\"ms-rteThemeForeColor-2-0\">As Brincas Carnavalescas s\u00e3o uma antiga tradi\u00e7\u00e3o performativa da regi\u00e3o de \u00c9vora, sendo que atualmente est\u00e3o em atividade dois grupos de brincas de adultos, as Brincas de Carnaval dos Canaviais e as Brincas de Carnaval do Rancho Folcl\u00f3rico Flor do Alto Alentejo, e um grupo de brincas infantil, Escolinha de Brincas da Casa do Povo dos Canaviais.<\/span><\/div>\n<p><\/p>\n<p>&nbsp;<\/p>\n<p> <\/p>","protected":false},"excerpt":{"rendered":"<p>\u200b O Convento dos Rem\u00e9dios recebe, entre 20 de fevereiro e 30 de junho, a exposi\u00e7\u00e3o &#8220;Brincas de Carnaval de \u00c9vora \u2013 uma manifesta\u00e7\u00e3o do patrim\u00f3nio cultural imaterial do concelho de \u00c9vora&#8221;. Com co-organiza\u00e7\u00e3o da C\u00e2mara Municipal e da Dire\u00e7\u00e3o Regional de Cultura do Alentejo, &nbsp;esta exposi\u00e7\u00e3o tem inaugura\u00e7\u00e3o marcada para hoje, dia 20 pelas [&hellip;]<\/p>\n","protected":false},"author":1,"featured_media":13628,"comment_status":"closed","ping_status":"closed","sticky":false,"template":"","format":"standard","meta":{"_acf_changed":false,"footnotes":""},"categories":[2110],"tags":[],"class_list":["post-13629","post","type-post","status-publish","format-standard","has-post-thumbnail","hentry","category-noticias"],"acf":{"imagens":[13628],"destaq_image":13628,"titulo_docs_seccao":"Documentos","documentos":""},"_links":{"self":[{"href":"https:\/\/www.cm-evora.pt\/en\/wp-json\/wp\/v2\/posts\/13629","targetHints":{"allow":["GET"]}}],"collection":[{"href":"https:\/\/www.cm-evora.pt\/en\/wp-json\/wp\/v2\/posts"}],"about":[{"href":"https:\/\/www.cm-evora.pt\/en\/wp-json\/wp\/v2\/types\/post"}],"author":[{"embeddable":true,"href":"https:\/\/www.cm-evora.pt\/en\/wp-json\/wp\/v2\/users\/1"}],"replies":[{"embeddable":true,"href":"https:\/\/www.cm-evora.pt\/en\/wp-json\/wp\/v2\/comments?post=13629"}],"version-history":[{"count":1,"href":"https:\/\/www.cm-evora.pt\/en\/wp-json\/wp\/v2\/posts\/13629\/revisions"}],"predecessor-version":[{"id":24300,"href":"https:\/\/www.cm-evora.pt\/en\/wp-json\/wp\/v2\/posts\/13629\/revisions\/24300"}],"acf:attachment":[{"embeddable":true,"href":"https:\/\/www.cm-evora.pt\/en\/wp-json\/wp\/v2\/media\/13628"}],"wp:featuredmedia":[{"embeddable":true,"href":"https:\/\/www.cm-evora.pt\/en\/wp-json\/wp\/v2\/media\/13628"}],"wp:attachment":[{"href":"https:\/\/www.cm-evora.pt\/en\/wp-json\/wp\/v2\/media?parent=13629"}],"wp:term":[{"taxonomy":"category","embeddable":true,"href":"https:\/\/www.cm-evora.pt\/en\/wp-json\/wp\/v2\/categories?post=13629"},{"taxonomy":"post_tag","embeddable":true,"href":"https:\/\/www.cm-evora.pt\/en\/wp-json\/wp\/v2\/tags?post=13629"}],"curies":[{"name":"wp","href":"https:\/\/api.w.org\/{rel}","templated":true}]}}