{"id":13741,"date":"2020-02-07T00:00:00","date_gmt":"2020-02-07T00:00:00","guid":{"rendered":"https:\/\/evora2.int.skilltech.pt\/susProjects\/wp_evora2_suite\/7o-encontro-programa-municipal-inclusao-em-movimento-2019-2020\/"},"modified":"2021-07-05T11:02:18","modified_gmt":"2021-07-05T10:02:18","slug":"7o-encontro-programa-municipal-inclusao-em-movimento-2019-2020","status":"publish","type":"post","link":"https:\/\/www.cm-evora.pt\/en\/7o-encontro-programa-municipal-inclusao-em-movimento-2019-2020\/","title":{"rendered":"7\u00ba Encontro &#8211; Programa Municipal Inclus\u00e3o em Movimento 2019-2020"},"content":{"rendered":"<p> <\/p>\n<div style=\"text-align:justify\"><\/div>\n<p style=\"text-align:justify\"><span class=\"ms-rteThemeForeColor-4-5\" style=\"font-size:16px\">Cerca de 40 utentes das institui\u00e7\u00f5es de apoio \u00e0 defici\u00eancia do concelho de \u00c9vora participaram neste encontro realizado no dia 06 de fevereiro nas instala\u00e7\u00f5es da ATKRS, Associa\u00e7\u00e3o Taekwondo Kickboxing Revolution Self Defense. <\/span><\/p>\n<p style=\"text-align:justify\"><span class=\"ms-rteThemeForeColor-4-5\" style=\"font-size:16px\">Durante a manh\u00e3 experimentaram algumas t\u00e9cnicas das diversas artes marciais sob orienta\u00e7\u00e3o do Mestre Vitor Bilro e dos seus colaboradores.<\/span><\/p>\n<p style=\"text-align:justify\"><span class=\"ms-rteThemeForeColor-4-5\" style=\"font-size:16px\">O pr\u00f3ximo encontro ir\u00e1 realizar-se no dia 20 de fevereiro no Complexo Desportivo de \u00c9vora.<\/span><\/p>\n<p style=\"text-align:justify\"><span class=\"ms-rteThemeForeColor-4-5\" style=\"font-size:16px\">Este programa tem como objetivo promover a inclus\u00e3o e a igualdade de oportunidades no acesso a atividades de car\u00e1cter desportivo, social e cultural, facilitadoras da promo\u00e7\u00e3o da sa\u00fade e o bem-estar f\u00edsico, ps\u00edquico e social da comunidade eborense.<\/span><\/p>\n<p style=\"text-align:justify\"><span class=\"ms-rteThemeForeColor-4-5\" style=\"font-size:16px\">S\u00e3o parceiros deste programa as seguintes institui\u00e7\u00f5es:<\/span><\/p>\n<ul style=\"text-align:justify\">\n<li><span class=\"ms-rteThemeForeColor-4-5\" style=\"font-size:16px\">Associa\u00e7\u00e3o S\u00f3cio-Cultural Terap\u00eautica de \u00c9vora;<\/span><\/li>\n<\/ul>\n<ul style=\"text-align:justify\">\n<li><span class=\"ms-rteThemeForeColor-4-5\" style=\"font-size:16px\">Associa\u00e7\u00e3o de Reabilita\u00e7\u00e3o, Apoio e Solidariedade Social de \u00c9vora;<\/span><\/li>\n<\/ul>\n<ul style=\"text-align:justify\">\n<li><span class=\"ms-rteThemeForeColor-4-5\" style=\"font-size:16px\">Associa\u00e7\u00e3o Portuguesa de Pais e Amigos do Cidad\u00e3o Deficiente Mental de \u00c9vora;<\/span><\/li>\n<\/ul>\n<ul style=\"text-align:justify\">\n<li><span class=\"ms-rteThemeForeColor-4-5\" style=\"font-size:16px\">Associa\u00e7\u00e3o de Paralisia Cerebral de \u00c9vora;<\/span><\/li>\n<\/ul>\n<ul style=\"text-align:justify\">\n<li><span class=\"ms-rteThemeForeColor-4-5\" style=\"font-size:16px\">Cercidiana.<\/span><\/li>\n<\/ul>\n<div><span style=\"font-size:14.0252px\"><br \/><\/span><\/div>\n<div style=\"text-align:justify\"><\/div>\n<div style=\"text-align:justify\"><span class=\"ms-rteThemeForeColor-4-5\" style=\"font-size:12pt\">Fotografias:&nbsp;<a href=\"https:\/\/www.cm-evora.pt\/wp-content\/uploads\/2020\/07\/7EncontroProgramaMunicipalInclusoemMovimento20192020_F_0_1594216307.jpeg\" target=\"_blank\" rel=\"noopener\"><img decoding=\"async\" class=\"ms-asset-icon ms-rtePosition-4\" src=\"https:\/\/www.cm-evora.pt\/wp-content\/uploads\/2020\/07\/7EncontroProgramaMunicipalInclusoemMovimento20192020_F_1_1594216309.gif\" alt=\"\">IMG_3773.JPG<\/a>&nbsp;<span style=\"color:#181818;, arial, helvetica, sans-serif;font-size:16px;font-style:italic;font-weight:400;letter-spacing:normal;text-align:justify;text-indent:0px;background-color:#f6f6f6;float:none\">|<\/span>&nbsp;<a href=\"https:\/\/www.cm-evora.pt\/wp-content\/uploads\/2020\/07\/7EncontroProgramaMunicipalInclusoemMovimento20192020_F_2_1594216309.jpeg\" target=\"_blank\" rel=\"noopener\"><img decoding=\"async\" class=\"ms-asset-icon ms-rtePosition-4\" src=\"https:\/\/www.cm-evora.pt\/wp-content\/uploads\/2020\/07\/7EncontroProgramaMunicipalInclusoemMovimento20192020_F_1_1594216309.gif\" alt=\"\">IMG_3778.JPG<\/a>&nbsp;|&nbsp;<a href=\"https:\/\/www.cm-evora.pt\/wp-content\/uploads\/2020\/07\/7EncontroProgramaMunicipalInclusoemMovimento20192020_F_3_1594216312.jpeg\" target=\"_blank\" rel=\"noopener\"><img decoding=\"async\" class=\"ms-asset-icon ms-rtePosition-4\" src=\"https:\/\/www.cm-evora.pt\/wp-content\/uploads\/2020\/07\/7EncontroProgramaMunicipalInclusoemMovimento20192020_F_1_1594216309.gif\" alt=\"\">IMG_3781.JPG<\/a>&nbsp;|&nbsp;<a href=\"https:\/\/www.cm-evora.pt\/wp-content\/uploads\/2020\/07\/7EncontroProgramaMunicipalInclusoemMovimento20192020_F_4_1594216314.jpeg\" target=\"_blank\" rel=\"noopener\"><img decoding=\"async\" class=\"ms-asset-icon ms-rtePosition-4\" src=\"https:\/\/www.cm-evora.pt\/wp-content\/uploads\/2020\/07\/7EncontroProgramaMunicipalInclusoemMovimento20192020_F_1_1594216309.gif\" alt=\"\">IMG_3783.JPG<\/a>&nbsp;|&nbsp;<a href=\"https:\/\/www.cm-evora.pt\/wp-content\/uploads\/2020\/07\/7EncontroProgramaMunicipalInclusoemMovimento20192020_F_5_1594216317.jpeg\" target=\"_blank\" rel=\"noopener\"><img decoding=\"async\" class=\"ms-asset-icon ms-rtePosition-4\" src=\"https:\/\/www.cm-evora.pt\/wp-content\/uploads\/2020\/07\/7EncontroProgramaMunicipalInclusoemMovimento20192020_F_1_1594216309.gif\" alt=\"\">IMG_3784.JPG<\/a>&nbsp;|&nbsp;<a href=\"https:\/\/www.cm-evora.pt\/wp-content\/uploads\/2020\/07\/7EncontroProgramaMunicipalInclusoemMovimento20192020_F_6_1594216320.jpeg\" target=\"_blank\" rel=\"noopener\"><img decoding=\"async\" class=\"ms-asset-icon ms-rtePosition-4\" src=\"https:\/\/www.cm-evora.pt\/wp-content\/uploads\/2020\/07\/7EncontroProgramaMunicipalInclusoemMovimento20192020_F_1_1594216309.gif\" alt=\"\">IMG_3785.JPG<\/a>&nbsp;|&nbsp;<a href=\"https:\/\/www.cm-evora.pt\/wp-content\/uploads\/2020\/07\/7EncontroProgramaMunicipalInclusoemMovimento20192020_F_7_1594216323.jpeg\" target=\"_blank\" rel=\"noopener\"><img decoding=\"async\" class=\"ms-asset-icon ms-rtePosition-4\" src=\"https:\/\/www.cm-evora.pt\/wp-content\/uploads\/2020\/07\/7EncontroProgramaMunicipalInclusoemMovimento20192020_F_1_1594216309.gif\" alt=\"\">IMG_3786.JPG<\/a><\/span><\/div>\n<p> <\/p>","protected":false},"excerpt":{"rendered":"<p>Cerca de 40 utentes das institui\u00e7\u00f5es de apoio \u00e0 defici\u00eancia do concelho de \u00c9vora participaram neste encontro realizado no dia 06 de fevereiro nas instala\u00e7\u00f5es da ATKRS, Associa\u00e7\u00e3o Taekwondo Kickboxing Revolution Self Defense. Durante a manh\u00e3 experimentaram algumas t\u00e9cnicas das diversas artes marciais sob orienta\u00e7\u00e3o do Mestre Vitor Bilro e dos seus colaboradores. O pr\u00f3ximo [&hellip;]<\/p>\n","protected":false},"author":1,"featured_media":13732,"comment_status":"closed","ping_status":"closed","sticky":false,"template":"","format":"standard","meta":{"_acf_changed":false,"footnotes":""},"categories":[2110],"tags":[],"class_list":["post-13741","post","type-post","status-publish","format-standard","has-post-thumbnail","hentry","category-noticias"],"acf":{"imagens":[13732,13733,13734,13735,13736,13737,13738,13739,13740],"destaq_image":13732,"titulo_docs_seccao":"Documentos","documentos":""},"_links":{"self":[{"href":"https:\/\/www.cm-evora.pt\/en\/wp-json\/wp\/v2\/posts\/13741","targetHints":{"allow":["GET"]}}],"collection":[{"href":"https:\/\/www.cm-evora.pt\/en\/wp-json\/wp\/v2\/posts"}],"about":[{"href":"https:\/\/www.cm-evora.pt\/en\/wp-json\/wp\/v2\/types\/post"}],"author":[{"embeddable":true,"href":"https:\/\/www.cm-evora.pt\/en\/wp-json\/wp\/v2\/users\/1"}],"replies":[{"embeddable":true,"href":"https:\/\/www.cm-evora.pt\/en\/wp-json\/wp\/v2\/comments?post=13741"}],"version-history":[{"count":1,"href":"https:\/\/www.cm-evora.pt\/en\/wp-json\/wp\/v2\/posts\/13741\/revisions"}],"predecessor-version":[{"id":24284,"href":"https:\/\/www.cm-evora.pt\/en\/wp-json\/wp\/v2\/posts\/13741\/revisions\/24284"}],"acf:attachment":[{"embeddable":true,"href":"https:\/\/www.cm-evora.pt\/en\/wp-json\/wp\/v2\/media\/13740"},{"embeddable":true,"href":"https:\/\/www.cm-evora.pt\/en\/wp-json\/wp\/v2\/media\/13739"},{"embeddable":true,"href":"https:\/\/www.cm-evora.pt\/en\/wp-json\/wp\/v2\/media\/13738"},{"embeddable":true,"href":"https:\/\/www.cm-evora.pt\/en\/wp-json\/wp\/v2\/media\/13737"},{"embeddable":true,"href":"https:\/\/www.cm-evora.pt\/en\/wp-json\/wp\/v2\/media\/13736"},{"embeddable":true,"href":"https:\/\/www.cm-evora.pt\/en\/wp-json\/wp\/v2\/media\/13735"},{"embeddable":true,"href":"https:\/\/www.cm-evora.pt\/en\/wp-json\/wp\/v2\/media\/13734"},{"embeddable":true,"href":"https:\/\/www.cm-evora.pt\/en\/wp-json\/wp\/v2\/media\/13733"},{"embeddable":true,"href":"https:\/\/www.cm-evora.pt\/en\/wp-json\/wp\/v2\/media\/13732"}],"wp:featuredmedia":[{"embeddable":true,"href":"https:\/\/www.cm-evora.pt\/en\/wp-json\/wp\/v2\/media\/13732"}],"wp:attachment":[{"href":"https:\/\/www.cm-evora.pt\/en\/wp-json\/wp\/v2\/media?parent=13741"}],"wp:term":[{"taxonomy":"category","embeddable":true,"href":"https:\/\/www.cm-evora.pt\/en\/wp-json\/wp\/v2\/categories?post=13741"},{"taxonomy":"post_tag","embeddable":true,"href":"https:\/\/www.cm-evora.pt\/en\/wp-json\/wp\/v2\/tags?post=13741"}],"curies":[{"name":"wp","href":"https:\/\/api.w.org\/{rel}","templated":true}]}}