{"id":13770,"date":"2020-02-03T00:00:00","date_gmt":"2020-02-03T00:00:00","guid":{"rendered":"https:\/\/evora2.int.skilltech.pt\/susProjects\/wp_evora2_suite\/em-reuniao-publica-de-29-de-janeiro-de-2020-camara-de-evora-exige-regulacao-de-falta-de-pessoal-nao-docente-no-agrupamento-de-escolas-manuel-ferreira-patricio\/"},"modified":"2021-07-05T10:47:38","modified_gmt":"2021-07-05T09:47:38","slug":"em-reuniao-publica-de-29-de-janeiro-de-2020-camara-de-evora-exige-regulacao-de-falta-de-pessoal-nao-docente-no-agrupamento-de-escolas-manuel-ferreira-patricio","status":"publish","type":"post","link":"https:\/\/www.cm-evora.pt\/en\/em-reuniao-publica-de-29-de-janeiro-de-2020-camara-de-evora-exige-regulacao-de-falta-de-pessoal-nao-docente-no-agrupamento-de-escolas-manuel-ferreira-patricio\/","title":{"rendered":"Em reuni\u00e3o p\u00fablica de 29 de Janeiro de 2020: C\u00e2mara de \u00c9vora exige regula\u00e7\u00e3o de falta de pessoal n\u00e3o docente no Agrupamento de Escolas Manuel Ferreira Patr\u00edcio"},"content":{"rendered":"<p> <\/p>\n<div style=\"text-align:justify\"><span style=\"font-size:14.0224px\">\u200bO Executivo da C\u00e2mara Municipal de \u00c9vora aprovou por unanimidade uma mo\u00e7\u00e3o proposta pela Vereadora da Educa\u00e7\u00e3o, Sara Dimas Fernandes, referente \u00e0 falta de pessoal n\u00e3o docente que afeta o funcionamento do Agrupamento de Escolas Manuel Ferreira Patr\u00edcio.&nbsp;<\/span><\/div>\n<div style=\"text-align:justify\"><span style=\"font-size:14.0224px\"><br \/><\/span><\/div>\n<div style=\"text-align:justify\"><span style=\"font-size:14.0224px\">O documento informa que a C\u00e2mara Municipal de \u00c9vora acompanha com grande preocupa\u00e7\u00e3o a situa\u00e7\u00e3o que se vive no Agrupamento de Escolas Manuel Ferreira Patr\u00edcio quanto \u00e0 enorme falta de pessoal n\u00e3o docente.&nbsp;<\/span><\/div>\n<div style=\"text-align:justify\"><span style=\"font-size:14.0224px\"><br \/><\/span><\/div>\n<div style=\"text-align:justify\"><span style=\"font-size:14.0224px\">Face \u00e0 gravidade da situa\u00e7\u00e3o, que levou \u00e0 determina\u00e7\u00e3o de encerramento de alguns servi\u00e7os com grave preju\u00edzo, n\u00e3o s\u00f3 no normal funcionamento do edif\u00edcio sede, mas sobretudo na quebra da garantia do acesso \u00e0 educa\u00e7\u00e3o para todos, a Autarquia eborense manifesta \u201ca sua solidariedade com toda a comunidade educativa e exige ao Minist\u00e9rio da Educa\u00e7\u00e3o a regulariza\u00e7\u00e3o das situa\u00e7\u00f5es expostas, para evitar mais e maiores constrangimentos a alunos, respetivas fam\u00edlias e restante comunidade escolar, garantindo uma escola p\u00fablica de qualidade e para todos\u201d.<\/span><\/div>\n<div style=\"text-align:justify\"><span style=\"font-size:14.0224px\"><br \/><\/span><\/div>\n<div style=\"text-align:justify\"><span style=\"font-size:14.0224px\">Todas as situa\u00e7\u00f5es de car\u00eancia de funcion\u00e1rios, referidas pelo Agrupamento, s\u00e3o da \u00e1rea de interven\u00e7\u00e3o do Minist\u00e9rio da Educa\u00e7\u00e3o e exigem resolu\u00e7\u00e3o urgente.<\/span><\/div>\n<div style=\"text-align:justify\"><span style=\"font-size:14.0224px\"><br \/><\/span><\/div>\n<div style=\"text-align:justify\"><span style=\"font-size:14.0224px\">Importa, ainda, recordar que o Agrupamento Manuel Ferreira Patr\u00edcio se encontra ao abrigo do Programa dos Territ\u00f3rios Educativos de Interven\u00e7\u00e3o Priorit\u00e1ria (TEIP), dando resposta a uma popula\u00e7\u00e3o em risco de exclus\u00e3o social e escolar, e que, a Constitui\u00e7\u00e3o da Rep\u00fablica Portuguesa, obriga o Estado a criar condi\u00e7\u00f5es para garantir a igualdade de oportunidades, dirimir as desigualdades econ\u00f3micas, sociais e culturais.<\/span><\/div>\n<div style=\"text-align:justify\"><span style=\"font-size:14.0224px\"><br \/><\/span><\/div>\n<div style=\"text-align:justify\"><span style=\"font-size:14.0224px\">Nesta reuni\u00e3o, o Presidente do Munic\u00edpio, Carlos Pinto de S\u00e1, apresentou tamb\u00e9m um voto de congratula\u00e7\u00e3o, aprovado por unanimidade, pelo Doutoramento Honoris Causa, que ser\u00e1 atribu\u00eddo ao ex-Presidente da Autarquia, Ab\u00edlio Fernandes, pela Universidade de \u00c9vora.<\/span><\/div>\n<div style=\"text-align:justify\"><span style=\"font-size:14.0224px\"><br \/><\/span><\/div>\n<div style=\"text-align:justify\"><span style=\"font-size:14.0224px\">Os eleitos aprovaram, tamb\u00e9m por unanimidade, o voto de congratula\u00e7\u00e3o, proposto pelo Presidente, \u00e0 Sele\u00e7\u00e3o de Futebol S\u00e9nior de \u00c9vora que recentemente venceu a final nacional da Ta\u00e7a das Regi\u00f5es da UEFA em Castelo Branco e que representar\u00e1 Portugal na fase final europeia, a ter lugar na Rom\u00e9nia.<\/span><\/div>\n<div style=\"text-align:justify\"><span style=\"font-size:14.0224px\"><br \/><\/span><\/div>\n<div style=\"text-align:justify\"><span style=\"font-size:14.0224px\">O Presidente Carlos Pinto de S\u00e1 trouxe ainda \u00e0 reuni\u00e3o outros assuntos e os Vereadores do PSD e PS colocaram diversas quest\u00f5es, tendo estas recebido os devidos esclarecimentos por parte dos respons\u00e1veis pelos respectivos Pelouros.<\/span><\/div>\n<div style=\"text-align:justify\"><span style=\"font-size:14.0224px\"><br \/><\/span><\/div>\n<div style=\"text-align:justify\"><span style=\"font-size:14.0224px\">Foi aprovado por unanimidade o lan\u00e7amento do concurso Imagem Gr\u00e1fica-M\u00eas da Juventude 2020 para elei\u00e7\u00e3o da imagem gr\u00e1fica a usar em todos os materiais de divulga\u00e7\u00e3o utilizados no \u00e2mbito desta efem\u00e9ride.<\/span><\/div>\n<div style=\"text-align:justify\"><span style=\"font-size:14.0224px\"><br \/><\/span><\/div>\n<div style=\"text-align:justify\"><span style=\"font-size:14.0224px\">Aprova\u00e7\u00e3o un\u00e2nime mereceu tamb\u00e9m a ades\u00e3o do Munic\u00edpio de \u00c9vora \u00e0 Associa\u00e7\u00e3o de Munic\u00edpios Portugueses do Vinho. Uma decis\u00e3o que tem em conta os objectivos desta associa\u00e7\u00e3o e a crescente import\u00e2ncia da din\u00e2mica econ\u00f3mica associada \u00e0 produ\u00e7\u00e3o e comercializa\u00e7\u00e3o do vinho, com tradi\u00e7\u00e3o e reconhecimento de marcas associadas a \u00c9vora, bem como o plano de actividades, com forte pendor de prote\u00e7\u00e3o e promo\u00e7\u00e3o desta actividade econ\u00f3mica. O ponto segue agora para delibera\u00e7\u00e3o em Assembleia Municipal.<\/span><\/div>\n<div><span style=\"font-size:14.0224px\"><br \/><\/span><\/div>\n<div><span style=\"font-size:14.0224px\"><a href=\"https:\/\/www.cm-evora.pt\/wp-content\/uploads\/2020\/07\/Emreuniopblicade29deJaneirode2020CmaradevoraexigeregulaodefaltadepessoalnodocentenoAgrupamentodeEscolasManuelFerreiraPatrcio_F_0_1594216381.jpeg\"><img decoding=\"async\" class=\"ms-asset-icon ms-rtePosition-4\" src=\"https:\/\/www.cm-evora.pt\/wp-content\/uploads\/2020\/07\/Emreuniopblicade29deJaneirode2020CmaradevoraexigeregulaodefaltadepessoalnodocentenoAgrupamentodeEscolasManuelFerreiraPatrcio_F_1_1594216381.gif\" alt=\"\">RPC 29 01 2020.jpg<\/a><br \/><\/span><\/div>\n<div><span style=\"font-size:14.0224px\"><br \/><\/span><\/div>\n<div><span style=\"font-size:14.0224px\"><br \/><\/span><\/div>\n<div><span style=\"font-size:14.0224px\"><br \/><\/span><\/div>\n<div><\/div>\n<p> <\/p>","protected":false},"excerpt":{"rendered":"<p>\u200bO Executivo da C\u00e2mara Municipal de \u00c9vora aprovou por unanimidade uma mo\u00e7\u00e3o proposta pela Vereadora da Educa\u00e7\u00e3o, Sara Dimas Fernandes, referente \u00e0 falta de pessoal n\u00e3o docente que afeta o funcionamento do Agrupamento de Escolas Manuel Ferreira Patr\u00edcio.&nbsp; O documento informa que a C\u00e2mara Municipal de \u00c9vora acompanha com grande preocupa\u00e7\u00e3o a situa\u00e7\u00e3o que se [&hellip;]<\/p>\n","protected":false},"author":1,"featured_media":13767,"comment_status":"closed","ping_status":"closed","sticky":false,"template":"","format":"standard","meta":{"_acf_changed":false,"footnotes":""},"categories":[2110],"tags":[],"class_list":["post-13770","post","type-post","status-publish","format-standard","has-post-thumbnail","hentry","category-noticias"],"acf":{"imagens":[13767,13768,13769],"destaq_image":13767,"titulo_docs_seccao":"Documentos","documentos":""},"_links":{"self":[{"href":"https:\/\/www.cm-evora.pt\/en\/wp-json\/wp\/v2\/posts\/13770","targetHints":{"allow":["GET"]}}],"collection":[{"href":"https:\/\/www.cm-evora.pt\/en\/wp-json\/wp\/v2\/posts"}],"about":[{"href":"https:\/\/www.cm-evora.pt\/en\/wp-json\/wp\/v2\/types\/post"}],"author":[{"embeddable":true,"href":"https:\/\/www.cm-evora.pt\/en\/wp-json\/wp\/v2\/users\/1"}],"replies":[{"embeddable":true,"href":"https:\/\/www.cm-evora.pt\/en\/wp-json\/wp\/v2\/comments?post=13770"}],"version-history":[{"count":1,"href":"https:\/\/www.cm-evora.pt\/en\/wp-json\/wp\/v2\/posts\/13770\/revisions"}],"predecessor-version":[{"id":24274,"href":"https:\/\/www.cm-evora.pt\/en\/wp-json\/wp\/v2\/posts\/13770\/revisions\/24274"}],"acf:attachment":[{"embeddable":true,"href":"https:\/\/www.cm-evora.pt\/en\/wp-json\/wp\/v2\/media\/13769"},{"embeddable":true,"href":"https:\/\/www.cm-evora.pt\/en\/wp-json\/wp\/v2\/media\/13768"},{"embeddable":true,"href":"https:\/\/www.cm-evora.pt\/en\/wp-json\/wp\/v2\/media\/13767"}],"wp:featuredmedia":[{"embeddable":true,"href":"https:\/\/www.cm-evora.pt\/en\/wp-json\/wp\/v2\/media\/13767"}],"wp:attachment":[{"href":"https:\/\/www.cm-evora.pt\/en\/wp-json\/wp\/v2\/media?parent=13770"}],"wp:term":[{"taxonomy":"category","embeddable":true,"href":"https:\/\/www.cm-evora.pt\/en\/wp-json\/wp\/v2\/categories?post=13770"},{"taxonomy":"post_tag","embeddable":true,"href":"https:\/\/www.cm-evora.pt\/en\/wp-json\/wp\/v2\/tags?post=13770"}],"curies":[{"name":"wp","href":"https:\/\/api.w.org\/{rel}","templated":true}]}}