{"id":13795,"date":"2020-01-27T00:00:00","date_gmt":"2020-01-27T00:00:00","guid":{"rendered":"https:\/\/evora2.int.skilltech.pt\/susProjects\/wp_evora2_suite\/igualdade-de-genero-e-tema-de-intercambio-escolar-entre-alunos-europeus\/"},"modified":"2021-07-05T10:39:28","modified_gmt":"2021-07-05T09:39:28","slug":"igualdade-de-genero-e-tema-de-intercambio-escolar-entre-alunos-europeus","status":"publish","type":"post","link":"https:\/\/www.cm-evora.pt\/en\/igualdade-de-genero-e-tema-de-intercambio-escolar-entre-alunos-europeus\/","title":{"rendered":"Igualdade de g\u00e9nero \u00e9 tema de interc\u00e2mbio escolar entre alunos europeus"},"content":{"rendered":"<p> <\/p>\n<div style=\"text-align:justify\"><span style=\"font-size:14.0224px\">O\u200b Presidente do Munic\u00edpio de \u00c9vora, Carlos Pinto de S\u00e1, recebeu os participantes no projeto ERASMUS+: \u00abALTER-\u00c9gaux: Tous les m\u00e9tiers sont mixtes\u00bb, esta tarde (27 de Janeiro de 2020), no Sal\u00e3o Nobre dos Pa\u00e7os do Concelho.&nbsp;<\/span><\/div>\n<div>\n<div style=\"text-align:justify\"><span style=\"font-size:14.0224px\"><br \/><\/span><\/div>\n<div style=\"text-align:justify\"><span style=\"font-size:14.0224px\">Durante a manh\u00e3, teve lugar na Dire\u00e7\u00e3o-Geral dos Estabelecimentos Escolares (DGEstE) uma sess\u00e3o de boas vindas e apresenta\u00e7\u00e3o do projecto e de v\u00eddeos das regi\u00f5es dos pa\u00edses participantes: Fran\u00e7a (promotora do projecto), Litu\u00e2nia, Espanha, It\u00e1lia e Portugal (representado por alunos da EB Conde Vilalva).&nbsp;<\/span><\/div>\n<div style=\"text-align:justify\"><span style=\"font-size:14.0224px\"><br \/><\/span><\/div>\n<div style=\"text-align:justify\"><span style=\"font-size:14.0224px\">O evento contou com interven\u00e7\u00f5es da Vereadora da Educa\u00e7\u00e3o, Sara Dimas Fernandes, da Directora do Agrupamento de Escolas Andr\u00e9 de Gouveia, Maria de Lurdes Brito e da Delegada Regional da DGEstE \u2013 \u00c9vora, Maria Jo\u00e3o Charrua.&nbsp;<\/span><\/div>\n<div style=\"text-align:justify\"><span style=\"font-size:14.0224px\"><br \/><\/span><\/div>\n<div style=\"text-align:justify\"><span style=\"font-size:14.0224px\">Animaram a sess\u00e3o com v\u00e1rios momentos musicais um grupo de alunas da EB Conde Vilalva e a Tuna Acad\u00e9mica do Liceu de \u00c9vora.<\/span><\/div>\n<div style=\"text-align:justify\"><span style=\"font-size:14.0224px\"><br \/><\/span><\/div>\n<div style=\"text-align:justify\"><span style=\"font-size:14.0224px\">Recorde-se que, neste projecto, Portugal \u00e9 representado pelo Clube ERASMUS (Escola B\u00e1sica Conde Vilalva) em parceria com a C\u00e2mara Municipal de \u00c9vora, contando ainda com a colabora\u00e7\u00e3o do Agrupamento de Escola Andr\u00e9 de Gouveia e dos encarregados de educa\u00e7\u00e3o que acolhem os visitantes estrangeiros.<\/span><\/div>\n<div style=\"text-align:justify\"><span style=\"font-size:14.0224px\"><br \/><\/span><\/div>\n<div style=\"text-align:justify\"><span style=\"font-size:14.0224px\">Baseado em interc\u00e2mbios escolares entre os jovens das cidades participantes Tigy, Ukemerg\u00e9, Zafra, Bari e \u00c9vora, este projecto centra-se na tem\u00e1tica da igualdade de g\u00e9nero e procura desenvolver as capacidades de comunica\u00e7\u00e3o dos alunos em l\u00ednguas estrangeiras, al\u00e9m de fomentar o esp\u00edrito de respeito e fraternidade entre os alunos destas diferentes regi\u00f5es europeias.<\/span><\/div>\n<div><\/div>\n<p>\u200b&nbsp;<a href=\"https:\/\/www.cm-evora.pt\/wp-content\/uploads\/2020\/07\/Igualdadedegnerotemadeintercmbioescolarentrealunoseuropeus_F_0_1594216405.jpeg\"><img decoding=\"async\" class=\"ms-asset-icon ms-rtePosition-4\" src=\"https:\/\/www.cm-evora.pt\/wp-content\/uploads\/2020\/07\/Igualdadedegnerotemadeintercmbioescolarentrealunoseuropeus_F_1_1594216405.gif\" alt=\"\">E.JPG<\/a>&nbsp;<a href=\"https:\/\/www.cm-evora.pt\/wp-content\/uploads\/2020\/07\/Igualdadedegnerotemadeintercmbioescolarentrealunoseuropeus_F_2_1594216405.jpeg\"><img decoding=\"async\" class=\"ms-asset-icon ms-rtePosition-4\" src=\"https:\/\/www.cm-evora.pt\/wp-content\/uploads\/2020\/07\/Igualdadedegnerotemadeintercmbioescolarentrealunoseuropeus_F_1_1594216405.gif\" alt=\"\">Ea.JPG<\/a>&nbsp;<a href=\"https:\/\/www.cm-evora.pt\/wp-content\/uploads\/2020\/07\/Igualdadedegnerotemadeintercmbioescolarentrealunoseuropeus_F_3_1594216406.jpeg\"><img decoding=\"async\" class=\"ms-asset-icon ms-rtePosition-4\" src=\"https:\/\/www.cm-evora.pt\/wp-content\/uploads\/2020\/07\/Igualdadedegnerotemadeintercmbioescolarentrealunoseuropeus_F_1_1594216405.gif\" alt=\"\">Eb.JPG<\/a>&nbsp;<a href=\"https:\/\/www.cm-evora.pt\/wp-content\/uploads\/2020\/07\/Igualdadedegnerotemadeintercmbioescolarentrealunoseuropeus_F_4_1594216406.jpeg\"><img decoding=\"async\" class=\"ms-asset-icon ms-rtePosition-4\" src=\"https:\/\/www.cm-evora.pt\/wp-content\/uploads\/2020\/07\/Igualdadedegnerotemadeintercmbioescolarentrealunoseuropeus_F_1_1594216405.gif\" alt=\"\">Ec.JPG<\/a>&nbsp;<a href=\"https:\/\/www.cm-evora.pt\/wp-content\/uploads\/2020\/07\/Igualdadedegnerotemadeintercmbioescolarentrealunoseuropeus_F_5_1594216407.jpeg\"><img decoding=\"async\" class=\"ms-asset-icon ms-rtePosition-4\" src=\"https:\/\/www.cm-evora.pt\/wp-content\/uploads\/2020\/07\/Igualdadedegnerotemadeintercmbioescolarentrealunoseuropeus_F_1_1594216405.gif\" alt=\"\">Ed.JPG<\/a>&nbsp;<a href=\"https:\/\/www.cm-evora.pt\/wp-content\/uploads\/2020\/07\/Igualdadedegnerotemadeintercmbioescolarentrealunoseuropeus_F_0_1594216405.jpeg\"><img decoding=\"async\" class=\"ms-asset-icon ms-rtePosition-4\" src=\"https:\/\/www.cm-evora.pt\/wp-content\/uploads\/2020\/07\/Igualdadedegnerotemadeintercmbioescolarentrealunoseuropeus_F_1_1594216405.gif\" alt=\"\">Ee.JPG<\/a>&nbsp;<a href=\"https:\/\/www.cm-evora.pt\/wp-content\/uploads\/2020\/07\/Igualdadedegnerotemadeintercmbioescolarentrealunoseuropeus_F_7_1594216407.jpeg\"><img decoding=\"async\" class=\"ms-asset-icon ms-rtePosition-4\" src=\"https:\/\/www.cm-evora.pt\/wp-content\/uploads\/2020\/07\/Igualdadedegnerotemadeintercmbioescolarentrealunoseuropeus_F_1_1594216405.gif\" alt=\"\">Ef.JPG<\/a>&nbsp;<a href=\"https:\/\/www.cm-evora.pt\/wp-content\/uploads\/2020\/07\/Igualdadedegnerotemadeintercmbioescolarentrealunoseuropeus_F_8_1594216408.jpeg\"><img decoding=\"async\" class=\"ms-asset-icon ms-rtePosition-4\" src=\"https:\/\/www.cm-evora.pt\/wp-content\/uploads\/2020\/07\/Igualdadedegnerotemadeintercmbioescolarentrealunoseuropeus_F_1_1594216405.gif\" alt=\"\">Eg.JPG<\/a>&nbsp;<a href=\"https:\/\/www.cm-evora.pt\/wp-content\/uploads\/2020\/07\/Igualdadedegnerotemadeintercmbioescolarentrealunoseuropeus_F_9_1594216408.jpeg\"><img decoding=\"async\" class=\"ms-asset-icon ms-rtePosition-4\" src=\"https:\/\/www.cm-evora.pt\/wp-content\/uploads\/2020\/07\/Igualdadedegnerotemadeintercmbioescolarentrealunoseuropeus_F_1_1594216405.gif\" alt=\"\">Eh.JPG<\/a>&nbsp;<a href=\"https:\/\/www.cm-evora.pt\/wp-content\/uploads\/2020\/07\/Igualdadedegnerotemadeintercmbioescolarentrealunoseuropeus_F_10_1594216408.jpeg\"><img decoding=\"async\" class=\"ms-asset-icon ms-rtePosition-4\" src=\"https:\/\/www.cm-evora.pt\/wp-content\/uploads\/2020\/07\/Igualdadedegnerotemadeintercmbioescolarentrealunoseuropeus_F_1_1594216405.gif\" alt=\"\">Ei.JPG<\/a><\/p>\n<p>&nbsp;<\/p>\n<\/div>\n<p> <\/p>","protected":false},"excerpt":{"rendered":"<p>O\u200b Presidente do Munic\u00edpio de \u00c9vora, Carlos Pinto de S\u00e1, recebeu os participantes no projeto ERASMUS+: \u00abALTER-\u00c9gaux: Tous les m\u00e9tiers sont mixtes\u00bb, esta tarde (27 de Janeiro de 2020), no Sal\u00e3o Nobre dos Pa\u00e7os do Concelho.&nbsp; Durante a manh\u00e3, teve lugar na Dire\u00e7\u00e3o-Geral dos Estabelecimentos Escolares (DGEstE) uma sess\u00e3o de boas vindas e apresenta\u00e7\u00e3o do [&hellip;]<\/p>\n","protected":false},"author":1,"featured_media":13783,"comment_status":"closed","ping_status":"closed","sticky":false,"template":"","format":"standard","meta":{"_acf_changed":false,"footnotes":""},"categories":[2110],"tags":[],"class_list":["post-13795","post","type-post","status-publish","format-standard","has-post-thumbnail","hentry","category-noticias"],"acf":{"imagens":[13783,13784,13785,13786,13787,13788,13789,13790,13791,13792,13793,13794],"destaq_image":13783,"titulo_docs_seccao":"Documentos","documentos":""},"_links":{"self":[{"href":"https:\/\/www.cm-evora.pt\/en\/wp-json\/wp\/v2\/posts\/13795","targetHints":{"allow":["GET"]}}],"collection":[{"href":"https:\/\/www.cm-evora.pt\/en\/wp-json\/wp\/v2\/posts"}],"about":[{"href":"https:\/\/www.cm-evora.pt\/en\/wp-json\/wp\/v2\/types\/post"}],"author":[{"embeddable":true,"href":"https:\/\/www.cm-evora.pt\/en\/wp-json\/wp\/v2\/users\/1"}],"replies":[{"embeddable":true,"href":"https:\/\/www.cm-evora.pt\/en\/wp-json\/wp\/v2\/comments?post=13795"}],"version-history":[{"count":1,"href":"https:\/\/www.cm-evora.pt\/en\/wp-json\/wp\/v2\/posts\/13795\/revisions"}],"predecessor-version":[{"id":24263,"href":"https:\/\/www.cm-evora.pt\/en\/wp-json\/wp\/v2\/posts\/13795\/revisions\/24263"}],"acf:attachment":[{"embeddable":true,"href":"https:\/\/www.cm-evora.pt\/en\/wp-json\/wp\/v2\/media\/13794"},{"embeddable":true,"href":"https:\/\/www.cm-evora.pt\/en\/wp-json\/wp\/v2\/media\/13793"},{"embeddable":true,"href":"https:\/\/www.cm-evora.pt\/en\/wp-json\/wp\/v2\/media\/13792"},{"embeddable":true,"href":"https:\/\/www.cm-evora.pt\/en\/wp-json\/wp\/v2\/media\/13791"},{"embeddable":true,"href":"https:\/\/www.cm-evora.pt\/en\/wp-json\/wp\/v2\/media\/13790"},{"embeddable":true,"href":"https:\/\/www.cm-evora.pt\/en\/wp-json\/wp\/v2\/media\/13789"},{"embeddable":true,"href":"https:\/\/www.cm-evora.pt\/en\/wp-json\/wp\/v2\/media\/13788"},{"embeddable":true,"href":"https:\/\/www.cm-evora.pt\/en\/wp-json\/wp\/v2\/media\/13787"},{"embeddable":true,"href":"https:\/\/www.cm-evora.pt\/en\/wp-json\/wp\/v2\/media\/13786"},{"embeddable":true,"href":"https:\/\/www.cm-evora.pt\/en\/wp-json\/wp\/v2\/media\/13785"},{"embeddable":true,"href":"https:\/\/www.cm-evora.pt\/en\/wp-json\/wp\/v2\/media\/13784"},{"embeddable":true,"href":"https:\/\/www.cm-evora.pt\/en\/wp-json\/wp\/v2\/media\/13783"}],"wp:featuredmedia":[{"embeddable":true,"href":"https:\/\/www.cm-evora.pt\/en\/wp-json\/wp\/v2\/media\/13783"}],"wp:attachment":[{"href":"https:\/\/www.cm-evora.pt\/en\/wp-json\/wp\/v2\/media?parent=13795"}],"wp:term":[{"taxonomy":"category","embeddable":true,"href":"https:\/\/www.cm-evora.pt\/en\/wp-json\/wp\/v2\/categories?post=13795"},{"taxonomy":"post_tag","embeddable":true,"href":"https:\/\/www.cm-evora.pt\/en\/wp-json\/wp\/v2\/tags?post=13795"}],"curies":[{"name":"wp","href":"https:\/\/api.w.org\/{rel}","templated":true}]}}