{"id":13839,"date":"2020-01-17T00:00:00","date_gmt":"2020-01-17T00:00:00","guid":{"rendered":"https:\/\/evora2.int.skilltech.pt\/susProjects\/wp_evora2_suite\/em-reuniao-publica-de-15-de-janeiro-de-2020-camara-de-evora-aprovou-avanco-da-construcao-de-estadio-desportivo\/"},"modified":"2021-07-05T10:15:24","modified_gmt":"2021-07-05T09:15:24","slug":"em-reuniao-publica-de-15-de-janeiro-de-2020-camara-de-evora-aprovou-avanco-da-construcao-de-estadio-desportivo","status":"publish","type":"post","link":"https:\/\/www.cm-evora.pt\/en\/em-reuniao-publica-de-15-de-janeiro-de-2020-camara-de-evora-aprovou-avanco-da-construcao-de-estadio-desportivo\/","title":{"rendered":"Em reuni\u00e3o p\u00fablica de 15 de Janeiro de 2020: C\u00e2mara de \u00c9vora aprovou avan\u00e7o da constru\u00e7\u00e3o de est\u00e1dio desportivo"},"content":{"rendered":"<p> <\/p>\n<div style=\"text-align:justify\"><span style=\"font-size:14.0224px\">\u200bA C\u00e2mara Municipal de \u00c9vora aprovou por unanimidade a proposta de in\u00edcio de procedimento por oferta p\u00fablica destinado \u00e0 constitui\u00e7\u00e3o de Direito de Superf\u00edcie para Constru\u00e7\u00e3o e Manuten\u00e7\u00e3o de um Est\u00e1dio Desportivo com utiliza\u00e7\u00e3o parcial pelo Munic\u00edpio.&nbsp;<\/span><\/div>\n<div style=\"text-align:justify\"><span style=\"font-size:14.0224px\"><br \/><\/span><\/div>\n<div style=\"text-align:justify\"><span style=\"font-size:14.0224px\">Recorde-se que o Munic\u00edpio adquiriu, na Primavera de 2006, um terreno na Herdade do Alcaide, com \u00e1rea de 90000 m2, destinado \u00e0 constru\u00e7\u00e3o do parque desportivo municipal. Isto porque n\u00e3o disp\u00f5e, no seu patrim\u00f3nio, de um Est\u00e1dio Municipal ou equipamento desportivo que cumpra os requisitos legais para a promo\u00e7\u00e3o de determinados eventos desportivos e tem compet\u00eancias municipais nesse dom\u00ednio. A delibera\u00e7\u00e3o agora tomada \u00e9 um passo decisivo para colmatar essa situa\u00e7\u00e3o.<\/span><\/div>\n<div style=\"text-align:justify\"><span style=\"font-size:14.0224px\"><br \/><\/span><\/div>\n<div style=\"text-align:justify\"><span style=\"font-size:14.0224px\">Foram aprovadas por unanimidade as minutas com vista \u00e0 cess\u00e3o de cr\u00e9ditos da empresa \u00c1guas de Vale do Tejo (AdVT) ao Banco Europeu de Investimentos do Acordo de Regulariza\u00e7\u00e3o de D\u00edvida assinado com a AdVT em 13\/3\/2019. Uma proposta vantajosa para o Munic\u00edpio, nomeadamente porque reduz para metade a taxa de juro a pagar, diminuindo assim os encargos inerentes ao cumprimento do plano de pagamentos estabelecido.<\/span><\/div>\n<div style=\"text-align:justify\"><span style=\"font-size:14.0224px\"><br \/><\/span><\/div>\n<div style=\"text-align:justify\"><span style=\"font-size:14.0224px\">De entre o vasto conjunto de pontos aprovados, destaca-se ainda o in\u00edcio do procedimento para altera\u00e7\u00e3o do Regulamento Municipal de Atribui\u00e7\u00e3o de Lotes. O referido documento encontra-se em vigor desde 1982, estando j\u00e1 desactualizado e desadequado face \u00e0s novas exig\u00eancias sociais e jur\u00eddicas do presente, n\u00e3o respondendo satisfatoriamente \u00e0s necessidades actuais.&nbsp;<\/span><\/div>\n<div style=\"text-align:justify\"><span style=\"font-size:14.0224px\"><br \/><\/span><\/div>\n<div style=\"text-align:justify\"><span style=\"font-size:14.0224px\">A constitui\u00e7\u00e3o como interessado e apresenta\u00e7\u00e3o de contributos para elabora\u00e7\u00e3o do novo projecto pode ser feita por escrito em requerimento pr\u00f3prio no Balc\u00e3o \u00danico ou por correio electr\u00f3nico para cmevora@cm-evora.pt<\/span><\/div>\n<div style=\"text-align:justify\"><span style=\"font-size:14.0224px\"><br \/><\/span><\/div>\n<div style=\"text-align:justify\"><span style=\"font-size:14.0224px\">No per\u00edodo antes da ordem do dia, o Presidente assinalou a import\u00e2ncia, entre outros assuntos, da constru\u00e7\u00e3o do \u00c9vora Farm Hotel, em N\u00aa S\u00aa de Machede. Um investimento tur\u00edstico na ordem dos 4,7 milh\u00f5es de euros que criar\u00e1 cerca de 50 postos de trabalho.<\/span><\/div>\n<div style=\"text-align:justify\"><span style=\"font-size:14.0224px\"><br \/><\/span><\/div>\n<div style=\"text-align:justify\"><span style=\"font-size:14.0224px\">Foram ainda aprovados, por unanimidade, votos de pesar pelo falecimento de Armando Abadia (funcion\u00e1rio no Canil Municipal de \u00c9vora), Ant\u00f3nio Gerv\u00e1sio (dirigente do PCP, antigo preso pol\u00edtico e ex-deputado) e Pepe (antigo futebolista do Lusitano Gin\u00e1sio Clube).<\/span><\/div>\n<div style=\"text-align:justify\"><span style=\"font-size:14.0224px\"><a href=\"https:\/\/www.cm-evora.pt\/wp-content\/uploads\/2020\/07\/Emreuniopblicade15deJaneirode2020Cmaradevoraaprovouavanodaconstruodeestdiodesportivo_F_0_1594216458.jpeg\"><img decoding=\"async\" class=\"ms-asset-icon ms-rtePosition-4\" src=\"https:\/\/www.cm-evora.pt\/wp-content\/uploads\/2020\/07\/Emreuniopblicade15deJaneirode2020Cmaradevoraaprovouavanodaconstruodeestdiodesportivo_F_1_1594216459.gif\" alt=\"\">2020 01 15 Pa\u00e7osConcelhoRPC.jpg<\/a><br \/><\/span><\/div>\n<div><\/div>\n<p> <\/p>","protected":false},"excerpt":{"rendered":"<p>\u200bA C\u00e2mara Municipal de \u00c9vora aprovou por unanimidade a proposta de in\u00edcio de procedimento por oferta p\u00fablica destinado \u00e0 constitui\u00e7\u00e3o de Direito de Superf\u00edcie para Constru\u00e7\u00e3o e Manuten\u00e7\u00e3o de um Est\u00e1dio Desportivo com utiliza\u00e7\u00e3o parcial pelo Munic\u00edpio.&nbsp; Recorde-se que o Munic\u00edpio adquiriu, na Primavera de 2006, um terreno na Herdade do Alcaide, com \u00e1rea de [&hellip;]<\/p>\n","protected":false},"author":1,"featured_media":13836,"comment_status":"closed","ping_status":"closed","sticky":false,"template":"","format":"standard","meta":{"_acf_changed":false,"footnotes":""},"categories":[2110],"tags":[],"class_list":["post-13839","post","type-post","status-publish","format-standard","has-post-thumbnail","hentry","category-noticias"],"acf":{"imagens":[13836,13837,13838],"destaq_image":13836,"titulo_docs_seccao":"Documentos","documentos":""},"_links":{"self":[{"href":"https:\/\/www.cm-evora.pt\/en\/wp-json\/wp\/v2\/posts\/13839","targetHints":{"allow":["GET"]}}],"collection":[{"href":"https:\/\/www.cm-evora.pt\/en\/wp-json\/wp\/v2\/posts"}],"about":[{"href":"https:\/\/www.cm-evora.pt\/en\/wp-json\/wp\/v2\/types\/post"}],"author":[{"embeddable":true,"href":"https:\/\/www.cm-evora.pt\/en\/wp-json\/wp\/v2\/users\/1"}],"replies":[{"embeddable":true,"href":"https:\/\/www.cm-evora.pt\/en\/wp-json\/wp\/v2\/comments?post=13839"}],"version-history":[{"count":1,"href":"https:\/\/www.cm-evora.pt\/en\/wp-json\/wp\/v2\/posts\/13839\/revisions"}],"predecessor-version":[{"id":24256,"href":"https:\/\/www.cm-evora.pt\/en\/wp-json\/wp\/v2\/posts\/13839\/revisions\/24256"}],"acf:attachment":[{"embeddable":true,"href":"https:\/\/www.cm-evora.pt\/en\/wp-json\/wp\/v2\/media\/13838"},{"embeddable":true,"href":"https:\/\/www.cm-evora.pt\/en\/wp-json\/wp\/v2\/media\/13837"},{"embeddable":true,"href":"https:\/\/www.cm-evora.pt\/en\/wp-json\/wp\/v2\/media\/13836"}],"wp:featuredmedia":[{"embeddable":true,"href":"https:\/\/www.cm-evora.pt\/en\/wp-json\/wp\/v2\/media\/13836"}],"wp:attachment":[{"href":"https:\/\/www.cm-evora.pt\/en\/wp-json\/wp\/v2\/media?parent=13839"}],"wp:term":[{"taxonomy":"category","embeddable":true,"href":"https:\/\/www.cm-evora.pt\/en\/wp-json\/wp\/v2\/categories?post=13839"},{"taxonomy":"post_tag","embeddable":true,"href":"https:\/\/www.cm-evora.pt\/en\/wp-json\/wp\/v2\/tags?post=13839"}],"curies":[{"name":"wp","href":"https:\/\/api.w.org\/{rel}","templated":true}]}}