{"id":18946,"date":"2021-01-12T21:33:55","date_gmt":"2021-01-12T21:33:55","guid":{"rendered":"https:\/\/www.cm-evora.pt\/?p=18946"},"modified":"2021-07-05T16:10:11","modified_gmt":"2021-07-05T15:10:11","slug":"a-camara-municipal-informa-que-na-sequencia-do-resultado-positivo-do-teste-ao-virus-sars-cov-2-por-parte-do-vereador-da-cultura-eduardo-luciano-realizaram-testes-o-presidente-do-municipio-carlos-p","status":"publish","type":"post","link":"https:\/\/www.cm-evora.pt\/en\/a-camara-municipal-informa-que-na-sequencia-do-resultado-positivo-do-teste-ao-virus-sars-cov-2-por-parte-do-vereador-da-cultura-eduardo-luciano-realizaram-testes-o-presidente-do-municipio-carlos-p\/","title":{"rendered":"(Portugu\u00eas) A C\u00e2mara Municipal informa que, na sequ\u00eancia do resultado positivo do teste ao v\u00edrus SARS-Cov-2 por parte do Vereador da Cultura, Eduardo Luciano, realizaram testes o Presidente do Munic\u00edpio, Carlos Pinto de S\u00e1, bem como os Vereadores Sara Fernandes e Alexandre Varela, os quais resultaram negativos"},"content":{"rendered":"<p class=\"qtranxs-available-languages-message qtranxs-available-languages-message-en\">Sorry, this entry is only available in <a href=\"https:\/\/www.cm-evora.pt\/pt\/wp-json\/wp\/v2\/posts\/18946\" class=\"qtranxs-available-language-link qtranxs-available-language-link-pt\" title=\"Portugu\u00eas\">Portugu\u00eas<\/a>.<\/p><p><\/p>\n<p style=\"font-weight: 400\">A C\u00e2mara Municipal informa que, na sequ\u00eancia do resultado positivo do teste ao v\u00edrus SARS-Cov-2 por parte do Vereador da Cultura, Eduardo Luciano, realizaram testes o Presidente do Munic\u00edpio, Carlos Pinto de S\u00e1, bem como os Vereadores Sara Fernandes e Alexandre Varela, os quais resultaram negativos.<\/p>\n<p style=\"font-weight: 400\">Os membros do executivo encontram-se em fun\u00e7\u00f5es, mantendo-se, contudo, em isolamento profil\u00e1tico, de acordo com o recomendado pelas autoridades de Sa\u00fade P\u00fablica.<\/p>\n<p style=\"font-weight: 400\">A C\u00e2mara Municipal continuar\u00e1 a assegurar todos os servi\u00e7os e \u00e1reas de interven\u00e7\u00e3o, mantendo-se em vigor o Plano de Conting\u00eancia delineado para o efeito.<\/p>\n<p><\/p>","protected":false},"excerpt":{"rendered":"<p>Sorry, this entry is only available in Portugu\u00eas. A C\u00e2mara Municipal informa que, na sequ\u00eancia do resultado positivo do teste ao v\u00edrus SARS-Cov-2 por parte do Vereador da Cultura, Eduardo Luciano, realizaram testes o Presidente do Munic\u00edpio, Carlos Pinto de S\u00e1, bem como os Vereadores Sara Fernandes e Alexandre Varela, os quais resultaram negativos. Os [&hellip;]<\/p>\n","protected":false},"author":45,"featured_media":19735,"comment_status":"closed","ping_status":"closed","sticky":false,"template":"","format":"standard","meta":{"_acf_changed":false,"footnotes":""},"categories":[2110],"tags":[],"class_list":["post-18946","post","type-post","status-publish","format-standard","has-post-thumbnail","hentry","category-noticias"],"acf":{"imagens":"","destaq_image":19735,"titulo_docs_seccao":"","documentos":""},"_links":{"self":[{"href":"https:\/\/www.cm-evora.pt\/en\/wp-json\/wp\/v2\/posts\/18946","targetHints":{"allow":["GET"]}}],"collection":[{"href":"https:\/\/www.cm-evora.pt\/en\/wp-json\/wp\/v2\/posts"}],"about":[{"href":"https:\/\/www.cm-evora.pt\/en\/wp-json\/wp\/v2\/types\/post"}],"author":[{"embeddable":true,"href":"https:\/\/www.cm-evora.pt\/en\/wp-json\/wp\/v2\/users\/45"}],"replies":[{"embeddable":true,"href":"https:\/\/www.cm-evora.pt\/en\/wp-json\/wp\/v2\/comments?post=18946"}],"version-history":[{"count":5,"href":"https:\/\/www.cm-evora.pt\/en\/wp-json\/wp\/v2\/posts\/18946\/revisions"}],"predecessor-version":[{"id":19738,"href":"https:\/\/www.cm-evora.pt\/en\/wp-json\/wp\/v2\/posts\/18946\/revisions\/19738"}],"wp:featuredmedia":[{"embeddable":true,"href":"https:\/\/www.cm-evora.pt\/en\/wp-json\/wp\/v2\/media\/19735"}],"wp:attachment":[{"href":"https:\/\/www.cm-evora.pt\/en\/wp-json\/wp\/v2\/media?parent=18946"}],"wp:term":[{"taxonomy":"category","embeddable":true,"href":"https:\/\/www.cm-evora.pt\/en\/wp-json\/wp\/v2\/categories?post=18946"},{"taxonomy":"post_tag","embeddable":true,"href":"https:\/\/www.cm-evora.pt\/en\/wp-json\/wp\/v2\/tags?post=18946"}],"curies":[{"name":"wp","href":"https:\/\/api.w.org\/{rel}","templated":true}]}}