{"id":19240,"date":"2020-03-24T09:00:51","date_gmt":"2020-03-24T09:00:51","guid":{"rendered":"https:\/\/www.cm-evora.pt\/?p=19240"},"modified":"2021-07-05T14:35:57","modified_gmt":"2021-07-05T13:35:57","slug":"municipios-do-distrito-de-evora-compram-ventiladores-para-o-hospital","status":"publish","type":"post","link":"https:\/\/www.cm-evora.pt\/en\/municipios-do-distrito-de-evora-compram-ventiladores-para-o-hospital\/","title":{"rendered":"(Portugu\u00eas) Munic\u00edpios do Distrito de \u00c9vora compram ventiladores para o Hospital"},"content":{"rendered":"<p class=\"qtranxs-available-languages-message qtranxs-available-languages-message-en\">Sorry, this entry is only available in <a href=\"https:\/\/www.cm-evora.pt\/pt\/wp-json\/wp\/v2\/posts\/19240\" class=\"qtranxs-available-language-link qtranxs-available-language-link-pt\" title=\"Portugu\u00eas\">Portugu\u00eas<\/a>.<\/p><p><span class=\"ms-rteThemeForeColor-4-5\">Os Munic\u00edpios pertencentes \u00e0 Comunidade Intermunicipal do Alentejo Central (CIMAC) ofereceram seis ventiladores ao Hospital do Esp\u00edrito Santo de \u00c9vora para fazer face \u00e0 pandemia de coronav\u00edrus Covid-19.<\/span><\/p>\n<p><span class=\"ms-rteThemeForeColor-4-5\">O investimento, no valor de 150 mil euros, resulta de um esfor\u00e7o dos Munic\u00edpios do Distrito de \u00c9vora e de particulares e empresas que os t\u00eam vindo a contactar, estando prevista a aquisi\u00e7\u00e3o de mais material e equipamento m\u00e9dico identificado como necess\u00e1rio.<\/span><\/p>\n<p><span class=\"ms-rteThemeForeColor-4-5\">Partindo-se de um levantamento exaustivo de necessidades a este n\u00edvel, ser\u00e3o tamb\u00e9m adquiridos materiais para os Bombeiros, Institui\u00e7\u00f5es Particulares de Solidariedade Social, unidades de cuidados prim\u00e1rios ou para os pr\u00f3prios servi\u00e7os municipalizados.<\/span><\/p>\n<p><span class=\"ms-rteThemeForeColor-4-5\">O valor total do apoio, nesta 1.\u00aa fase, para dar resposta a necessidades urgentes, \u00e9 de 300 mil Euros, tendo a C\u00e2mara Municipal de \u00c9vora contribu\u00eddo com 20 mil Euros.<\/span><\/p>\n<p><span class=\"ms-rteThemeForeColor-4-5\">O Presidente da CME, Carlos Pinto de S\u00e1 salienta que o que os Munic\u00edpios quiseram foi &#8220;contribuir para que o Hospital de \u00c9vora p\u200bossa aumentar a sua capacidade de presta\u00e7\u00e3o de servi\u00e7os, equacionando-se, a cada momento a possibilidade de adquirir outros equipamentos com o mesmo objetivo, identificados pela Administra\u00e7\u00e3o do Hospital&#8221;.<\/span><\/p>\n<p><span class=\"ms-rteThemeForeColor-4-5\">A C\u00e2mara Municipal de \u00c9vora assinala o crescente n\u00famero de contactos que t\u00eam existido por parte de particulares e empresas disponibilizando os mais variados tipos de apoio. Para este efeito, e de forma a racionalizar e otimizar recursos, a C\u00e2mara Municipal de \u00c9vora constituiu uma equipa que est\u00e1 em contacto permanente com o Servi\u00e7o Municipal de Prote\u00e7\u00e3o Civil, tendo criado um endere\u00e7o de correio eletr\u00f3nico (<\/span><a title=\"gapv@cm-evora.pt\" href=\"mailto:gapv@cm-evora.pt\" target=\"_blank\" rel=\"noopener noreferrer\"><span class=\"ms-rteThemeForeColor-4-5\">gapv@cm-evora.pt<\/span><\/a><span class=\"ms-rteThemeForeColor-4-5\">) e disponibilizando a linha telef\u00f3nica (+351 266777081), que funcionar\u00e1, nos dias \u00fateis, entre as 9h00 e as 17h30.<\/span><\/p>","protected":false},"excerpt":{"rendered":"<p>Sorry, this entry is only available in Portugu\u00eas.Os Munic\u00edpios pertencentes \u00e0 Comunidade Intermunicipal do Alentejo Central (CIMAC) ofereceram seis ventiladores ao Hospital do Esp\u00edrito Santo de \u00c9vora para fazer face \u00e0 pandemia de coronav\u00edrus Covid-19. O investimento, no valor de 150 mil euros, resulta de um esfor\u00e7o dos Munic\u00edpios do Distrito de \u00c9vora e de [&hellip;]<\/p>\n","protected":false},"author":45,"featured_media":19250,"comment_status":"closed","ping_status":"closed","sticky":false,"template":"","format":"standard","meta":{"_acf_changed":false,"footnotes":""},"categories":[2110],"tags":[],"class_list":["post-19240","post","type-post","status-publish","format-standard","has-post-thumbnail","hentry","category-noticias"],"acf":{"imagens":"","destaq_image":19250,"titulo_docs_seccao":"","documentos":""},"_links":{"self":[{"href":"https:\/\/www.cm-evora.pt\/en\/wp-json\/wp\/v2\/posts\/19240","targetHints":{"allow":["GET"]}}],"collection":[{"href":"https:\/\/www.cm-evora.pt\/en\/wp-json\/wp\/v2\/posts"}],"about":[{"href":"https:\/\/www.cm-evora.pt\/en\/wp-json\/wp\/v2\/types\/post"}],"author":[{"embeddable":true,"href":"https:\/\/www.cm-evora.pt\/en\/wp-json\/wp\/v2\/users\/45"}],"replies":[{"embeddable":true,"href":"https:\/\/www.cm-evora.pt\/en\/wp-json\/wp\/v2\/comments?post=19240"}],"version-history":[{"count":1,"href":"https:\/\/www.cm-evora.pt\/en\/wp-json\/wp\/v2\/posts\/19240\/revisions"}],"predecessor-version":[{"id":19251,"href":"https:\/\/www.cm-evora.pt\/en\/wp-json\/wp\/v2\/posts\/19240\/revisions\/19251"}],"wp:featuredmedia":[{"embeddable":true,"href":"https:\/\/www.cm-evora.pt\/en\/wp-json\/wp\/v2\/media\/19250"}],"wp:attachment":[{"href":"https:\/\/www.cm-evora.pt\/en\/wp-json\/wp\/v2\/media?parent=19240"}],"wp:term":[{"taxonomy":"category","embeddable":true,"href":"https:\/\/www.cm-evora.pt\/en\/wp-json\/wp\/v2\/categories?post=19240"},{"taxonomy":"post_tag","embeddable":true,"href":"https:\/\/www.cm-evora.pt\/en\/wp-json\/wp\/v2\/tags?post=19240"}],"curies":[{"name":"wp","href":"https:\/\/api.w.org\/{rel}","templated":true}]}}