{"id":19260,"date":"2020-03-25T11:16:32","date_gmt":"2020-03-25T11:16:32","guid":{"rendered":"https:\/\/www.cm-evora.pt\/?p=19260"},"modified":"2021-07-05T14:39:19","modified_gmt":"2021-07-05T13:39:19","slug":"complexo-desportivo-de-evora-acolhe-area-dedicada-ao-covid","status":"publish","type":"post","link":"https:\/\/www.cm-evora.pt\/en\/complexo-desportivo-de-evora-acolhe-area-dedicada-ao-covid\/","title":{"rendered":"(Portugu\u00eas) Complexo Desportivo de \u00c9vora acolhe \u00c1rea Dedicada ao COVID"},"content":{"rendered":"<p class=\"qtranxs-available-languages-message qtranxs-available-languages-message-en\">Sorry, this entry is only available in <a href=\"https:\/\/www.cm-evora.pt\/pt\/wp-json\/wp\/v2\/posts\/19260\" class=\"qtranxs-available-language-link qtranxs-available-language-link-pt\" title=\"Portugu\u00eas\">Portugu\u00eas<\/a>.<\/p><p><\/p>\n<div>\n<p><span class=\"ms-rteThemeForeColor-4-5\">\u200bO Complexo Desportivo de \u00c9vora\u00a0\u200b- gerido pelo Munic\u00edpio de \u00c9vora e propriedade do IPDJ\u00a0 &#8211;\u00a0\u200bcuja utiliza\u00e7\u00e3o se encontra suspensa no \u00e2mbito das medidas decorrentes do Estado de Emerg\u00eancia, est\u00e1 neste momento preparado para funcionar como \u00c1rea Dedicada ao COVID.<\/span><\/p>\n<p><span class=\"ms-rteThemeForeColor-4-5\">A ced\u00eancia deste equipamento municipal visa aumentar a capacidade instalada no Concelho de \u00c9vora para combate \u00e0 pandemia, criando uma zona de realiza\u00e7\u00e3o de testes ao COVID-19. A \u00c1rea Dedicada ao COVID ser\u00e1 gerida pela ARS Alentejo e entrar\u00e1 em funcionamento assim que for necess\u00e1rio.<\/span><\/p>\n<p><span class=\"ms-rteThemeForeColor-4-5\">A medida decorre da Norma n\u00ba 004\/2020 de 23\/03\/2020 DGS, onde \u00e9 determinada a cria\u00e7\u00e3o de \u00c1reas Dedicadas ao COVID em todo o territ\u00f3rio nacional, entrando em vigor \u00e0s 00h00 do dia 26 de mar\u00e7o.<\/span><\/p>\n<p><span class=\"ms-rteThemeForeColor-4-5\">A C\u00e2mara Municipal de \u00c9vora continuar\u00e1 a acompanhar a evolu\u00e7\u00e3o da pandemia na regi\u00e3o, implementando toadas as medidas necess\u00e1rias e colaborando de forma estreita com todas as entidades envolvidas.<\/span><\/p>\n<\/div>\n<div>\n<p>&nbsp;<\/p>\n<\/div>\n<p><\/p>","protected":false},"excerpt":{"rendered":"<p>Sorry, this entry is only available in Portugu\u00eas. \u200bO Complexo Desportivo de \u00c9vora\u00a0\u200b- gerido pelo Munic\u00edpio de \u00c9vora e propriedade do IPDJ\u00a0 &#8211;\u00a0\u200bcuja utiliza\u00e7\u00e3o se encontra suspensa no \u00e2mbito das medidas decorrentes do Estado de Emerg\u00eancia, est\u00e1 neste momento preparado para funcionar como \u00c1rea Dedicada ao COVID. A ced\u00eancia deste equipamento municipal visa aumentar a [&hellip;]<\/p>\n","protected":false},"author":45,"featured_media":19261,"comment_status":"closed","ping_status":"closed","sticky":false,"template":"","format":"standard","meta":{"_acf_changed":false,"footnotes":""},"categories":[2110],"tags":[],"class_list":["post-19260","post","type-post","status-publish","format-standard","has-post-thumbnail","hentry","category-noticias"],"acf":{"imagens":"","destaq_image":19261,"titulo_docs_seccao":"","documentos":""},"_links":{"self":[{"href":"https:\/\/www.cm-evora.pt\/en\/wp-json\/wp\/v2\/posts\/19260","targetHints":{"allow":["GET"]}}],"collection":[{"href":"https:\/\/www.cm-evora.pt\/en\/wp-json\/wp\/v2\/posts"}],"about":[{"href":"https:\/\/www.cm-evora.pt\/en\/wp-json\/wp\/v2\/types\/post"}],"author":[{"embeddable":true,"href":"https:\/\/www.cm-evora.pt\/en\/wp-json\/wp\/v2\/users\/45"}],"replies":[{"embeddable":true,"href":"https:\/\/www.cm-evora.pt\/en\/wp-json\/wp\/v2\/comments?post=19260"}],"version-history":[{"count":1,"href":"https:\/\/www.cm-evora.pt\/en\/wp-json\/wp\/v2\/posts\/19260\/revisions"}],"predecessor-version":[{"id":19263,"href":"https:\/\/www.cm-evora.pt\/en\/wp-json\/wp\/v2\/posts\/19260\/revisions\/19263"}],"wp:featuredmedia":[{"embeddable":true,"href":"https:\/\/www.cm-evora.pt\/en\/wp-json\/wp\/v2\/media\/19261"}],"wp:attachment":[{"href":"https:\/\/www.cm-evora.pt\/en\/wp-json\/wp\/v2\/media?parent=19260"}],"wp:term":[{"taxonomy":"category","embeddable":true,"href":"https:\/\/www.cm-evora.pt\/en\/wp-json\/wp\/v2\/categories?post=19260"},{"taxonomy":"post_tag","embeddable":true,"href":"https:\/\/www.cm-evora.pt\/en\/wp-json\/wp\/v2\/tags?post=19260"}],"curies":[{"name":"wp","href":"https:\/\/api.w.org\/{rel}","templated":true}]}}