{"id":19319,"date":"2020-05-07T14:39:07","date_gmt":"2020-05-07T13:39:07","guid":{"rendered":"https:\/\/www.cm-evora.pt\/?p=19319"},"modified":"2021-07-05T15:31:20","modified_gmt":"2021-07-05T14:31:20","slug":"servico-de-assistencia-farmaceutica","status":"publish","type":"post","link":"https:\/\/www.cm-evora.pt\/en\/servico-de-assistencia-farmaceutica\/","title":{"rendered":"(Portugu\u00eas) Servi\u00e7o de Assist\u00eancia Farmac\u00eautica"},"content":{"rendered":"<p class=\"qtranxs-available-languages-message qtranxs-available-languages-message-en\">Sorry, this entry is only available in <a href=\"https:\/\/www.cm-evora.pt\/pt\/wp-json\/wp\/v2\/posts\/19319\" class=\"qtranxs-available-language-link qtranxs-available-language-link-pt\" title=\"Portugu\u00eas\">Portugu\u00eas<\/a>.<\/p><p><\/p>\n<h3>Servi\u00e7o Permanente no per\u00edodo da pandemia<\/h3>\n<div><span class=\"ms-rteThemeForeColor-4-5\">Concelhos com menos de 60.000 habitantes e com servi\u00e7o de urg\u00eancia hospitalar:<\/span><\/div>\n<div><span class=\"ms-rteThemeForeColor-4-5\">\u00a0<\/span><\/div>\n<div><span class=\"ms-rteThemeForeColor-4-5\">a) Existir\u00e1 uma farm\u00e1cia de servi\u00e7o em turno permanente at\u00e9 \u00e0s 21h, mantendo-se em chamada at\u00e9 \u00e0s 9h do dia seguinte;<\/span><\/div>\n<div><span class=\"ms-rteThemeForeColor-4-5\">\u00a0<\/span><\/div>\n<div><span class=\"ms-rteThemeForeColor-4-5\">b) Entre as 21h e as 9h do dia seguinte, a Linha 1400 \u2013 Servi\u00e7o de Assist\u00eancia Farmac\u00eautica (SAFE) contacta a farm\u00e1cia em chamada para a dispensa do medicamento urgente, com desloca\u00e7\u00e3o \u00e0 farm\u00e1cia;<\/span><\/div>\n<div><span class=\"ms-rteThemeForeColor-4-5\">\u00a0<\/span><\/div>\n<div><span class=\"ms-rteThemeForeColor-4-5\">c) A farm\u00e1cia dever\u00e1 afixar no seu per\u00edodo de chamada, em local bem vis\u00edvel e em substitui\u00e7\u00e3o do mapa de turnos, o cartaz com informa\u00e7\u00e3o da Linha 1400.<\/span><\/div>\n<div style=\"text-align: center\"><a href=\"https:\/\/www.cm-evora.pt\/wp-content\/uploads\/2021\/01\/Cartaz-1400.png\"><img loading=\"lazy\" decoding=\"async\" class=\"alignnone size-full wp-image-19349\" src=\"https:\/\/www.cm-evora.pt\/wp-content\/uploads\/2021\/01\/Cartaz-1400.png\" alt=\"\" width=\"1414\" height=\"2000\" srcset=\"https:\/\/www.cm-evora.pt\/wp-content\/uploads\/2021\/01\/Cartaz-1400.png 1414w, https:\/\/www.cm-evora.pt\/wp-content\/uploads\/2021\/01\/Cartaz-1400-212x300.png 212w, https:\/\/www.cm-evora.pt\/wp-content\/uploads\/2021\/01\/Cartaz-1400-724x1024.png 724w, https:\/\/www.cm-evora.pt\/wp-content\/uploads\/2021\/01\/Cartaz-1400-768x1086.png 768w, https:\/\/www.cm-evora.pt\/wp-content\/uploads\/2021\/01\/Cartaz-1400-1086x1536.png 1086w, https:\/\/www.cm-evora.pt\/wp-content\/uploads\/2021\/01\/Cartaz-1400-1320x1867.png 1320w\" sizes=\"auto, (max-width: 1414px) 100vw, 1414px\" \/><\/a><\/div>\n<p><\/p>","protected":false},"excerpt":{"rendered":"<p>Sorry, this entry is only available in Portugu\u00eas. Servi\u00e7o Permanente no per\u00edodo da pandemia Concelhos com menos de 60.000 habitantes e com servi\u00e7o de urg\u00eancia hospitalar: \u00a0 a) Existir\u00e1 uma farm\u00e1cia de servi\u00e7o em turno permanente at\u00e9 \u00e0s 21h, mantendo-se em chamada at\u00e9 \u00e0s 9h do dia seguinte; \u00a0 b) Entre as 21h e as [&hellip;]<\/p>\n","protected":false},"author":45,"featured_media":19350,"comment_status":"closed","ping_status":"closed","sticky":false,"template":"","format":"standard","meta":{"_acf_changed":false,"footnotes":""},"categories":[2110],"tags":[],"class_list":["post-19319","post","type-post","status-publish","format-standard","has-post-thumbnail","hentry","category-noticias"],"acf":{"imagens":"","destaq_image":19350,"titulo_docs_seccao":"","documentos":""},"_links":{"self":[{"href":"https:\/\/www.cm-evora.pt\/en\/wp-json\/wp\/v2\/posts\/19319","targetHints":{"allow":["GET"]}}],"collection":[{"href":"https:\/\/www.cm-evora.pt\/en\/wp-json\/wp\/v2\/posts"}],"about":[{"href":"https:\/\/www.cm-evora.pt\/en\/wp-json\/wp\/v2\/types\/post"}],"author":[{"embeddable":true,"href":"https:\/\/www.cm-evora.pt\/en\/wp-json\/wp\/v2\/users\/45"}],"replies":[{"embeddable":true,"href":"https:\/\/www.cm-evora.pt\/en\/wp-json\/wp\/v2\/comments?post=19319"}],"version-history":[{"count":1,"href":"https:\/\/www.cm-evora.pt\/en\/wp-json\/wp\/v2\/posts\/19319\/revisions"}],"predecessor-version":[{"id":19352,"href":"https:\/\/www.cm-evora.pt\/en\/wp-json\/wp\/v2\/posts\/19319\/revisions\/19352"}],"wp:featuredmedia":[{"embeddable":true,"href":"https:\/\/www.cm-evora.pt\/en\/wp-json\/wp\/v2\/media\/19350"}],"wp:attachment":[{"href":"https:\/\/www.cm-evora.pt\/en\/wp-json\/wp\/v2\/media?parent=19319"}],"wp:term":[{"taxonomy":"category","embeddable":true,"href":"https:\/\/www.cm-evora.pt\/en\/wp-json\/wp\/v2\/categories?post=19319"},{"taxonomy":"post_tag","embeddable":true,"href":"https:\/\/www.cm-evora.pt\/en\/wp-json\/wp\/v2\/tags?post=19319"}],"curies":[{"name":"wp","href":"https:\/\/api.w.org\/{rel}","templated":true}]}}