{"id":19426,"date":"2021-01-15T22:20:59","date_gmt":"2021-01-15T22:20:59","guid":{"rendered":"https:\/\/www.cm-evora.pt\/?p=19426"},"modified":"2021-07-05T16:11:08","modified_gmt":"2021-07-05T15:11:08","slug":"no-contexto-da-pandemia-covid-19-camara-de-evora-reforca-apoio-a-populacao-mais-vulneravel","status":"publish","type":"post","link":"https:\/\/www.cm-evora.pt\/en\/no-contexto-da-pandemia-covid-19-camara-de-evora-reforca-apoio-a-populacao-mais-vulneravel\/","title":{"rendered":"(Portugu\u00eas) No contexto da pandemia COVID-19: C\u00e2mara de \u00c9vora refor\u00e7a apoio \u00e0 popula\u00e7\u00e3o mais vulner\u00e1vel"},"content":{"rendered":"<p class=\"qtranxs-available-languages-message qtranxs-available-languages-message-en\">Sorry, this entry is only available in <a href=\"https:\/\/www.cm-evora.pt\/pt\/wp-json\/wp\/v2\/posts\/19426\" class=\"qtranxs-available-language-link qtranxs-available-language-link-pt\" title=\"Portugu\u00eas\">Portugu\u00eas<\/a>.<\/p><p><strong>Face \u00e0 atual situa\u00e7\u00e3o de emerg\u00eancia, a C\u00e2mara Municipal de \u00c9vora refor\u00e7a o apoio aos cidad\u00e3os mais vulner\u00e1veis, nomeadamente aos idosos, aos sem-abrigo e aos utentes do Cart\u00e3o Social do Mun\u00edcipe. As situa\u00e7\u00f5es de vulnerabilidade identificadas dever\u00e3o ser sinalizadas \u00e0 Divis\u00e3o de Educa\u00e7\u00e3o e Interven\u00e7\u00e3o Social (DEIS) da C\u00e2mara de \u00c9vora, atrav\u00e9s do telefone 266 777 108 e do correio eletr\u00f3nico cme.deis@cm-evora.pt, que tratar\u00e1 de enquadrar e dar a resposta adequada.\u00a0\u00a0\u00a0 <\/strong><\/p>\n<p>A Autarquia mant\u00e9m assim em curso medidas adicionais de apoio, prote\u00e7\u00e3o e seguran\u00e7a dos idosos que n\u00e3o t\u00eam nenhuma rede de suporte. Estas a\u00e7\u00f5es s\u00e3o implementadas pela Divis\u00e3o de Educa\u00e7\u00e3o e Interven\u00e7\u00e3o Social no \u00e2mbito do Programa Municipal de Envelhecimento Positivo e do Projeto Mais Pr\u00f3ximo de Todos.<\/p>\n<p>De entre as medidas implementadas constam o apoio a compras de produtos essenciais, como alimentos e medicamentos; apoio a contactos com Centros de Sa\u00fade e m\u00e9dicos, por exemplo, para obten\u00e7\u00e3o de receitas, conselhos e consultas; contactos, telef\u00f3nicos ou de proximidade, com idosos para combate ao isolamento e\/ou resposta a necessidades; e apoio na entrega dos documentos para o Cart\u00e3o Social do Mun\u00edcipe.<\/p>\n<p>No \u00e2mbito do Cart\u00e3o Social do Mun\u00edcipe foi alargado o prazo de 90 para 120 dias para entrega de despesas de sa\u00fade e \u00e9 disponibilizado apoio na entrega de documentos. Haver\u00e1 equipas no terreno que ir\u00e3o, com a devida identifica\u00e7\u00e3o e prote\u00e7\u00e3o necess\u00e1ria, proceder \u00e0 recolha de faturas e posterior pagamento atempado das comparticipa\u00e7\u00f5es aos idosos.<\/p>\n<p>No que respeita aos sem-abrigo, foi criado um plano de conting\u00eancia no \u00e2mbito do N\u00facleo Planeamento e Interven\u00e7\u00e3o Sem-Abrigo (NPISA)\/Unidade Rede Sem-Abrigo onde est\u00e3o previstas rondas quinzenais, com uma equipa de rua, para avalia\u00e7\u00e3o da situa\u00e7\u00e3o e necessidades desta popula\u00e7\u00e3o.<\/p>\n<p>Os servi\u00e7os de interven\u00e7\u00e3o social da C\u00e2mara de \u00c9vora, em conjunto com outras entidades do Concelho, participam nessas equipas que est\u00e3o no terreno, que s\u00e3o tamb\u00e9m acompanhadas pela Prote\u00e7\u00e3o Civil Municipal.<\/p>\n<p>&nbsp;<\/p>","protected":false},"excerpt":{"rendered":"<p>Sorry, this entry is only available in Portugu\u00eas.Face \u00e0 atual situa\u00e7\u00e3o de emerg\u00eancia, a C\u00e2mara Municipal de \u00c9vora refor\u00e7a o apoio aos cidad\u00e3os mais vulner\u00e1veis, nomeadamente aos idosos, aos sem-abrigo e aos utentes do Cart\u00e3o Social do Mun\u00edcipe. As situa\u00e7\u00f5es de vulnerabilidade identificadas dever\u00e3o ser sinalizadas \u00e0 Divis\u00e3o de Educa\u00e7\u00e3o e Interven\u00e7\u00e3o Social (DEIS) da [&hellip;]<\/p>\n","protected":false},"author":45,"featured_media":19739,"comment_status":"closed","ping_status":"closed","sticky":false,"template":"","format":"standard","meta":{"_acf_changed":false,"footnotes":""},"categories":[2110],"tags":[],"class_list":["post-19426","post","type-post","status-publish","format-standard","has-post-thumbnail","hentry","category-noticias"],"acf":{"imagens":"","destaq_image":20067,"titulo_docs_seccao":"","documentos":""},"_links":{"self":[{"href":"https:\/\/www.cm-evora.pt\/en\/wp-json\/wp\/v2\/posts\/19426","targetHints":{"allow":["GET"]}}],"collection":[{"href":"https:\/\/www.cm-evora.pt\/en\/wp-json\/wp\/v2\/posts"}],"about":[{"href":"https:\/\/www.cm-evora.pt\/en\/wp-json\/wp\/v2\/types\/post"}],"author":[{"embeddable":true,"href":"https:\/\/www.cm-evora.pt\/en\/wp-json\/wp\/v2\/users\/45"}],"replies":[{"embeddable":true,"href":"https:\/\/www.cm-evora.pt\/en\/wp-json\/wp\/v2\/comments?post=19426"}],"version-history":[{"count":4,"href":"https:\/\/www.cm-evora.pt\/en\/wp-json\/wp\/v2\/posts\/19426\/revisions"}],"predecessor-version":[{"id":20068,"href":"https:\/\/www.cm-evora.pt\/en\/wp-json\/wp\/v2\/posts\/19426\/revisions\/20068"}],"wp:featuredmedia":[{"embeddable":true,"href":"https:\/\/www.cm-evora.pt\/en\/wp-json\/wp\/v2\/media\/19739"}],"wp:attachment":[{"href":"https:\/\/www.cm-evora.pt\/en\/wp-json\/wp\/v2\/media?parent=19426"}],"wp:term":[{"taxonomy":"category","embeddable":true,"href":"https:\/\/www.cm-evora.pt\/en\/wp-json\/wp\/v2\/categories?post=19426"},{"taxonomy":"post_tag","embeddable":true,"href":"https:\/\/www.cm-evora.pt\/en\/wp-json\/wp\/v2\/tags?post=19426"}],"curies":[{"name":"wp","href":"https:\/\/api.w.org\/{rel}","templated":true}]}}