{"id":19433,"date":"2021-01-16T21:25:29","date_gmt":"2021-01-16T21:25:29","guid":{"rendered":"https:\/\/www.cm-evora.pt\/?p=19433"},"modified":"2021-07-05T16:12:43","modified_gmt":"2021-07-05T15:12:43","slug":"camara-municipal-toma-medidas-adicionais-quanto-a-pandemia-no-concelho","status":"publish","type":"post","link":"https:\/\/www.cm-evora.pt\/en\/camara-municipal-toma-medidas-adicionais-quanto-a-pandemia-no-concelho\/","title":{"rendered":"(Portugu\u00eas) C\u00e2mara Municipal toma medidas adicionais quanto \u00e0 pandemia no Concelho"},"content":{"rendered":"<p class=\"qtranxs-available-languages-message qtranxs-available-languages-message-en\">Sorry, this entry is only available in <a href=\"https:\/\/www.cm-evora.pt\/pt\/wp-json\/wp\/v2\/posts\/19433\" class=\"qtranxs-available-language-link qtranxs-available-language-link-pt\" title=\"Portugu\u00eas\">Portugu\u00eas<\/a>.<\/p><p>Decorreu na sexta-feira, dia 15 a reuni\u00e3o das Equipas de Coordena\u00e7\u00e3o do Plano de Conting\u00eancia Municipal e da Equipa Operacional de Sa\u00fade e Seguran\u00e7a, momento em que se avaliou o ponto em que se encontra o Concelho em termos da pandemia de COVID-19 e se tomaram medidas adicionais para mitigar os seus efeitos, tendo em conta a legisla\u00e7\u00e3o emitida decorrente da declara\u00e7\u00e3o do estado de emerg\u00eancia.<\/p>\n<p>Al\u00e9m das medidas necess\u00e1rias que t\u00eam vindo a ser tomadas face \u00e0 gravidade do momento, salientam-se agora as seguintes:<\/p>\n<p>Quanto aos equipamentos desportivos, decidiu-se pelo <strong>encerramento das Piscinas Municipais<\/strong>, bem como pelo <strong>encerramento \u00e0 popula\u00e7\u00e3o da pista de atletismo e do campo do Complexo Desportivo de \u00c9vora<\/strong> (excetuando-se atividades de treino e competi\u00e7\u00f5es profissionais, atividades de alto rendimento, de sele\u00e7\u00f5es nacionais das modalidades ol\u00edmpicas e paral\u00edmpicas e ainda da primeira divis\u00e3o nacional ou de competi\u00e7\u00e3o de n\u00edvel competitivo correspondente de todas as modalidades dos escal\u00f5es seniores masculino e feminino).<\/p>\n<p><strong>O circuito de manuten\u00e7\u00e3o do Complexo Desportivo mant\u00e9m-se aberto<\/strong> para a pr\u00e1tica de atividade f\u00edsica e treino de desportos individuais ao ar livre, bem como o <strong>Circuito de Manuten\u00e7\u00e3o do Alto dos Cucos<\/strong>.<\/p>\n<p>Quanto a <strong>feiras e mercados<\/strong>, \u00e9 apenas permitido o seu funcionamento nos casos de venda de <strong>produtos alimentares<\/strong>, por se tratarem de bens de primeira necessidade e mediante autoriza\u00e7\u00e3o do Presidente da C\u00e2mara Municipal.<\/p>\n<p>A C\u00e2mara Municipal continuar\u00e1 a acompanhar no terreno a evolu\u00e7\u00e3o da pandemia no Concelho, n\u00e3o poupando esfor\u00e7os na afeta\u00e7\u00e3o de meios e na determina\u00e7\u00e3o de medidas adicionais para mitiga\u00e7\u00e3o dos seus efeitos.<\/p>","protected":false},"excerpt":{"rendered":"<p>Sorry, this entry is only available in Portugu\u00eas.Decorreu na sexta-feira, dia 15 a reuni\u00e3o das Equipas de Coordena\u00e7\u00e3o do Plano de Conting\u00eancia Municipal e da Equipa Operacional de Sa\u00fade e Seguran\u00e7a, momento em que se avaliou o ponto em que se encontra o Concelho em termos da pandemia de COVID-19 e se tomaram medidas adicionais [&hellip;]<\/p>\n","protected":false},"author":45,"featured_media":20030,"comment_status":"closed","ping_status":"closed","sticky":false,"template":"","format":"standard","meta":{"_acf_changed":false,"footnotes":""},"categories":[2110],"tags":[],"class_list":["post-19433","post","type-post","status-publish","format-standard","has-post-thumbnail","hentry","category-noticias"],"acf":{"imagens":"","destaq_image":20030,"titulo_docs_seccao":"","documentos":""},"_links":{"self":[{"href":"https:\/\/www.cm-evora.pt\/en\/wp-json\/wp\/v2\/posts\/19433","targetHints":{"allow":["GET"]}}],"collection":[{"href":"https:\/\/www.cm-evora.pt\/en\/wp-json\/wp\/v2\/posts"}],"about":[{"href":"https:\/\/www.cm-evora.pt\/en\/wp-json\/wp\/v2\/types\/post"}],"author":[{"embeddable":true,"href":"https:\/\/www.cm-evora.pt\/en\/wp-json\/wp\/v2\/users\/45"}],"replies":[{"embeddable":true,"href":"https:\/\/www.cm-evora.pt\/en\/wp-json\/wp\/v2\/comments?post=19433"}],"version-history":[{"count":3,"href":"https:\/\/www.cm-evora.pt\/en\/wp-json\/wp\/v2\/posts\/19433\/revisions"}],"predecessor-version":[{"id":20031,"href":"https:\/\/www.cm-evora.pt\/en\/wp-json\/wp\/v2\/posts\/19433\/revisions\/20031"}],"wp:featuredmedia":[{"embeddable":true,"href":"https:\/\/www.cm-evora.pt\/en\/wp-json\/wp\/v2\/media\/20030"}],"wp:attachment":[{"href":"https:\/\/www.cm-evora.pt\/en\/wp-json\/wp\/v2\/media?parent=19433"}],"wp:term":[{"taxonomy":"category","embeddable":true,"href":"https:\/\/www.cm-evora.pt\/en\/wp-json\/wp\/v2\/categories?post=19433"},{"taxonomy":"post_tag","embeddable":true,"href":"https:\/\/www.cm-evora.pt\/en\/wp-json\/wp\/v2\/tags?post=19433"}],"curies":[{"name":"wp","href":"https:\/\/api.w.org\/{rel}","templated":true}]}}