{"id":19894,"date":"2021-01-25T12:04:38","date_gmt":"2021-01-25T12:04:38","guid":{"rendered":"https:\/\/www.cm-evora.pt\/?p=19894"},"modified":"2021-07-05T16:19:02","modified_gmt":"2021-07-05T15:19:02","slug":"camara-de-evora-reune-no-dia-27-de-janeiro-de-2021","status":"publish","type":"post","link":"https:\/\/www.cm-evora.pt\/en\/camara-de-evora-reune-no-dia-27-de-janeiro-de-2021\/","title":{"rendered":"(Portugu\u00eas) C\u00e2mara de \u00c9vora re\u00fane no dia 27 de Janeiro de 2021"},"content":{"rendered":"<p class=\"qtranxs-available-languages-message qtranxs-available-languages-message-en\">Sorry, this entry is only available in <a href=\"https:\/\/www.cm-evora.pt\/pt\/wp-json\/wp\/v2\/posts\/19894\" class=\"qtranxs-available-language-link qtranxs-available-language-link-pt\" title=\"Portugu\u00eas\">Portugu\u00eas<\/a>.<\/p><p>A C\u00e2mara Municipal de \u00c9vora realiza a sua reuni\u00e3o p\u00fablica na pr\u00f3xima quarta-feira (27 de Janeiro), a partir das 15 horas. O per\u00edodo de interven\u00e7\u00e3o e esclarecimento ao p\u00fablico continua a ser feito mediante marca\u00e7\u00e3o pr\u00e9via. A ordem de trabalhos \u00e9 a seguinte:<\/p>\n<p><strong>I\u00a0\u00a0\u00a0\u00a0\u00a0\u00a0\u00a0\u00a0\u00a0\u00a0 &#8211; PER\u00cdODO DE ANTES DA ORDEM DO DIA<\/strong><\/p>\n<p><strong>\u00a0<\/strong><strong>II\u00a0\u00a0\u00a0\u00a0\u00a0\u00a0\u00a0\u00a0\u00a0 &#8211; PER\u00cdODO DA ORDEM DO DIA<\/strong><\/p>\n<p><strong>\u00a0<\/strong><strong>PRESID\u00caNCIA E VEREA\u00c7\u00c3O <\/strong><\/p>\n<p><strong>\u00a0<\/strong><strong>PRESIDENTE DA C\u00c2MARA<\/strong><\/p>\n<p><strong>Para conhecimento<\/strong><\/p>\n<p>1.1.\u00a0\u00a0\u00a0\u00a0\u00a0 Ponto de Situa\u00e7\u00e3o sobre a Pandemia no Concelho.<\/p>\n<p>1.2.\u00a0\u00a0\u00a0\u00a0\u00a0 Informa\u00e7\u00e3o Econ\u00f3mica e Financeira do Munic\u00edpio.<\/p>\n<p><strong>VEREADORA SARA FERNANDES<\/strong><\/p>\n<p><strong>\u00a0<\/strong><strong>Para conhecimento<\/strong><\/p>\n<p>1.3.\u00a0\u00a0\u00a0\u00a0\u00a0 Resultados das demonstra\u00e7\u00f5es de Badminton e Para-Badminton em 2020.<\/p>\n<ol start=\"2\">\n<li><strong> ADMINISTRA\u00c7\u00c3O GERAL E PESSOAL<\/strong><\/li>\n<\/ol>\n<p><strong>Propostas para delibera\u00e7\u00e3o<\/strong><\/p>\n<p>2.1.\u00a0\u00a0\u00a0\u00a0\u00a0 Lei dos Compromissos e dos Pagamentos em Atraso (LCPA) &#8211; Envio de declara\u00e7\u00f5es.<\/p>\n<p>2.2.\u00a0\u00a0\u00a0\u00a0\u00a0 Concurso Publico para Empreitada de Requalifica\u00e7\u00e3o do Largo de Nossa Senhora da Concei\u00e7\u00e3o.<\/p>\n<p>2.3.\u00a0\u00a0\u00a0\u00a0\u00a0 Concurso Publico para Empreitada de Constru\u00e7\u00e3o do Centro de Conv\u00edvio do Bairro de Santo Antonio.<\/p>\n<p>2.4.\u00a0\u00a0\u00a0\u00a0\u00a0 Concurso Publico para Empreitada de Beneficia\u00e7\u00e3o das Fachadas do Edif\u00edcio dos Pa\u00e7os do Concelho.<\/p>\n<p>2.5.\u00a0\u00a0\u00a0\u00a0\u00a0 Concurso Publico para Servi\u00e7os de Seguran\u00e7a e Vigil\u00e2ncia de Instala\u00e7\u00f5es Municipais.<\/p>\n<p><strong>Para conhecimento<\/strong><\/p>\n<p>2.6.\u00a0\u00a0\u00a0\u00a0\u00a0 Acumula\u00e7\u00e3o de fun\u00e7\u00f5es privadas \/ Marisa de F\u00e1tima Migu\u00e9ns Nunes.<\/p>\n<ol start=\"3\">\n<li><strong> CULTURA, PATRIMONIO E CENTRO HIST\u00d3RICO<\/strong><\/li>\n<\/ol>\n<p><strong>\u00a0<\/strong><strong>Propostas para delibera\u00e7\u00e3o<\/strong><\/p>\n<p>3.1.\u00a0\u00a0\u00a0\u00a0\u00a0 Direito de prefer\u00eancia sobre o im\u00f3vel sito na Travessa das Gatas, 24, fra\u00e7\u00e3o B, em \u00c9vora, propriedade de M\u00aa Isabel Pereira Gancho. Processo 1.1034.<\/p>\n<p>3.2.\u00a0\u00a0\u00a0\u00a0\u00a0 Direito de prefer\u00eancia sobre o im\u00f3vel sito no Largo dos Mercadores, 10, fra\u00e7\u00e3o B, em \u00c9vora, propriedade de Ana Cristina dos Santos Ser\u00f4dio. Processo 1.1327.<\/p>\n<p>3.3.\u00a0\u00a0\u00a0\u00a0\u00a0 Direito de prefer\u00eancia sobre o im\u00f3vel sito na Travessa do P\u00e3o\u00a0 Bolorento,\u00a0 17,\u00a0 19, fra\u00e7\u00e3o A , em \u00c9vora, propriedade de Eduardo Maia Magno Bon de Sousa. Processo 1.927.<\/p>\n<p>3.4.\u00a0\u00a0\u00a0\u00a0\u00a0 Impress\u00e3o de materiais gr\u00e1ficos para Associa\u00e7\u00e3o Eborae Musica.<\/p>\n<p><strong>Propostas para ratifica\u00e7\u00e3o<\/strong><\/p>\n<p>3.5.\u00a0\u00a0\u00a0\u00a0\u00a0 Impress\u00e3o de materiais gr\u00e1ficos para Pedexumbo.<\/p>\n<p>&nbsp;<\/p>\n<ol start=\"4\">\n<li><strong> EDUCA\u00c7\u00c3O E INTERVEN\u00c7\u00c3O SOCIAL<\/strong><\/li>\n<\/ol>\n<p><strong>Propostas para delibera\u00e7\u00e3o<\/strong><\/p>\n<p>4.1.\u00a0\u00a0\u00a0\u00a0\u00a0 Contratos Interadministrativos de 2020 com as Uni\u00f5es e Juntas de Freguesia, referente aos meses de novembro e dezembro.<\/p>\n<p>4.2.\u00a0\u00a0\u00a0\u00a0\u00a0 Acordos de Colabora\u00e7\u00e3o com os Agrupamentos de Escola em mat\u00e9ria de refei\u00e7\u00f5es escolares.<\/p>\n<p>4.3.\u00a0\u00a0\u00a0\u00a0\u00a0 Cart\u00e3o Social do Mun\u00edcipe \/ Revalida\u00e7\u00f5es para deferimento.<\/p>\n<p>4.4.\u00a0\u00a0\u00a0\u00a0\u00a0 Cart\u00e3o Social do Mun\u00edcipe \/ Novos processos.<\/p>\n<p>4.5.\u00a0\u00a0\u00a0\u00a0\u00a0 Cart\u00e3o Social do Mun\u00edcipe \/ Revalida\u00e7\u00f5es para indeferimento.<\/p>\n<p>4.6.\u00a0\u00a0\u00a0\u00a0\u00a0 Cart\u00e3o Social do Mun\u00edcipe I Novos processos para indeferimento.<\/p>\n<p>4.7.\u00a0\u00a0\u00a0\u00a0\u00a0 Atribui\u00e7\u00e3o do Cart\u00e3o \u00c9vora Solidaria.<\/p>\n<p>4.8.\u00a0\u00a0\u00a0\u00a0\u00a0 Apoio aos Agrupamentos de Escolas de \u00c9vora\/Impress\u00f5es para o ano Letivo 2020\/2021.<\/p>\n<p>4.9.\u00a0\u00a0\u00a0\u00a0\u00a0 Apoios ao funcionamento de Escolas e Jardins-de-inf\u00e2ncia &#8211; Ano letivo 2020\/2021.<\/p>\n<p>4.10.\u00a0\u00a0\u00a0 Inscri\u00e7\u00e3o de Eco Escolas ano letivo 2020\/2021 &#8211; assinatura de protocolo.<\/p>\n<p>&nbsp;<\/p>\n<ol start=\"5\">\n<li><strong> JUVENTUDE E DESPORTO<\/strong><\/li>\n<\/ol>\n<p><strong>Proposta para delibera\u00e7\u00e3o<\/strong><\/p>\n<p>5.1.\u00a0\u00a0\u00a0\u00a0\u00a0 Contrato-Programa de Desenvolvimento Desportivo 2021.<\/p>\n<p><strong>Propostas para ratifica\u00e7\u00e3o<\/strong><\/p>\n<p>5.2.\u00a0\u00a0\u00a0\u00a0\u00a0 Ced\u00eancia de transporte ao Juventude Sport Clube, dia 17 de janeiro de 2021.<\/p>\n<p>5.3.\u00a0\u00a0\u00a0\u00a0\u00a0 Ced\u00eancia de transporte ao Internacional Sport Clube, dia 9 de janeiro de 2021.<\/p>\n<p>5.4.\u00a0\u00a0\u00a0\u00a0\u00a0 Ced\u00eancia de transporte ao \u00c9vora Andebol Clube, dia 10 de janeiro de 2021<\/p>\n<ol start=\"6\">\n<li><strong> GEST\u00c3O URBAN\u00cdSTICA<\/strong><\/li>\n<\/ol>\n<p><strong>Propostas para delibera\u00e7\u00e3o<\/strong><\/p>\n<p>6.1.\u00a0\u00a0\u00a0\u00a0\u00a0 Pedido de aprova\u00e7\u00e3o de obras de conserva\u00e7\u00e3o\/Rua 5 de Outubro, N.\u00ba 71 e 73, em \u00c9vora. Req: Congrega\u00e7\u00e3o das Servas da Santa Igreja. Processo 1.2034.<\/p>\n<p>6.2.\u00a0\u00a0\u00a0\u00a0\u00a0 Pedido de aprova\u00e7\u00e3o do projeto de arquitetura para legaliza\u00e7\u00e3o de obras de altera\u00e7\u00e3o da fachada\/Rua da Oliveira, 15 A, em \u00c9vora. Req. &#8211; Jose Carlos Alegria. Processo 1.2457<\/p>\n<p>6.3.\u00a0\u00a0\u00a0\u00a0\u00a0 Pedido de aprova\u00e7\u00e3o de obras de conserva\u00e7\u00e3o\/Beco da Espinhosa, N.\u00ba\u00a0 4 e\u00a0 4A,\u00a0 em \u00c9vora. Req: Patricia Johana Maria Honshorst. Processo 1.3643.<\/p>\n<p>6.4.\u00a0\u00a0\u00a0\u00a0\u00a0 Pedido de aprova\u00e7\u00e3o do aditamento ao projeto de escava\u00e7\u00e3o e conten\u00e7\u00e3o perif\u00e9rica\/Travessa\u00a0 de\u00a0 S\u00e3o\u00a0 Pedro,\u00a0 n.\u00ba\u00a0\u00a0\u00a0\u00a0 2,\u00a0 em\u00a0 \u00c9vora.\u00a0 Req.: PHDD\u00a0 Arquitetos\/Maria Teresa de Torres Vaz Freire Alfacinha. Processo 1.4003.<\/p>\n<p>6.5.\u00a0\u00a0\u00a0\u00a0\u00a0 Pedido de aprova\u00e7\u00e3o do aditamento ao plano de acessibilidades (amplia\u00e7\u00e3o do Hospital da Miseric\u00f3rdia)\/Antiga Estrada de Viana &#8211; Asilo Ramalho Barahona, em \u00c9vora. Req. &#8211; Santa Casa da Miseric\u00f3rdia de \u00c9vora. Processo 1.5341.<\/p>\n<p>6.6.\u00a0\u00a0\u00a0\u00a0\u00a0 Emiss\u00e3o de alvar\u00e1 de constru\u00e7\u00e3o especial ao abrigo Artigo 88.\u00ba do Decreto-Lei n.\u00ba 136\/2014 de 9 de setembro\/Estrada da Igrejinha, n\u00b0 5 a 23, em \u00c9vora. Req.: Preceitos e Conceitos Lda. Processo 1.5874.<\/p>\n<p>6.7.\u00a0\u00a0\u00a0\u00a0\u00a0 Pedido de aprova\u00e7\u00e3o do aditamento ao projeto de arquitetura\/Rua Eira, N.\u00ba 12, em \u00c9vora. Req.: Margarida Mendes Rico Pereira Correia. Processo 1.6945.<\/p>\n<p>6.8.\u00a0\u00a0\u00a0\u00a0\u00a0 Pedido de aprova\u00e7\u00e3o do projeto de arquitectura, do respetivo plano de acessibilidades e da ficha de seguran\u00e7a contra o risco de\u00a0 inc\u00eandio\/Rua\u00a0 do\u00a0 T\u00eaxtil,\u00a0 n.\u00ba\u00a0 s\u00a0 7 e 9,\u00a0 Parque Industrial e Tecnol\u00f3gico de \u00c9vora. Reg. -\u00c1tomo Imobili\u00e1ria S.A. Processo 1.13238.<\/p>\n<p>6.9.\u00a0\u00a0\u00a0\u00a0\u00a0 Pedido de aprova\u00e7\u00e3o do projeto de arquitetura e plano de acessibilidades\/Rua N.\u00aa Sr.\u00aa de F\u00e1tima,\u00a0 n.\u00a0 \u00ba 23, B.\u00ba\u00a0\u00a0 da Torregela,\u00a0 em\u00a0 \u00c9vora.\u00a0 Reg. &#8211;\u00a0 Lu\u00eds\u00a0 Nobre\u00a0 Bento\u00a0 e\u00a0 outro. Processo 1.18674.<\/p>\n<p>6.10.\u00a0\u00a0\u00a0 Pedido de aprova\u00e7\u00e3o de obras executadas no decurso da obra (arquitetura e aguas e esgotos)\u00a0 \/Rua\u00a0 Mateus\u00a0 Ferreira\u00a0 Ruivo\u00a0 n.0\u00a0\u00a0\u00a0 4, \u00a0Azaruja.\u00a0 Req.: Sofia\u00a0 Isabel\u00a0 Rol\u00e3o\u00a0 Gin\u00f3. Processo 1.19256.<\/p>\n<p>6.11.\u00a0\u00a0\u00a0 Pedido de aprova\u00e7\u00e3o do aditamento ao projeto de \u00e1guas e esgotos\/Travessa da Igreja, lote 4, N.\u00aa Sr.\u00aa de Machede. Req. &#8211; Joaquim Maria Pedras Piteira. Processo 1.19282.<\/p>\n<p>6.12.\u00a0\u00a0\u00a0 Pedido de aprova\u00e7\u00e3o das altera\u00e7\u00f5es introduzidas durante a execu\u00e7\u00e3o da obra (telas finais)\/Travessa da Bola n.\u00ba\u00a0\u00a0\u00a0 14, em \u00c9vora. Req.: Paulo Jorge Neves Bas\u00edlio. Processo 1.19466.<\/p>\n<p>6.13.\u00a0\u00a0\u00a0 Pedido de aprova\u00e7\u00e3o do projeto de arquitetura e plano de acessibilidades\/ Rua Jos\u00e9 Silva Palma n.\u00ba\u00a0 5, em \u00c9vora. Req.: Joao Paulo Faustino Serafim Processo 1.19643.<\/p>\n<p>6.14.\u00a0\u00a0\u00a0 Declara\u00e7\u00e3o de caducidade da delibera\u00e7\u00e3o de 27.02.2019 &#8211; aprova\u00e7\u00e3o do projeto de arquitetura\/Loteamento Quinta de Alc\u00e2ntara, Lotes 7 e 8, em \u00c9vora. Req. Muro da Cascata &#8211; Constru\u00e7\u00f5es, SA. Processo 1.18815.<\/p>\n<p>6.15.\u00a0\u00a0\u00a0 Pedido de aprova\u00e7\u00e3o do projeto de arquitetura e aguas e esgotos (altera\u00e7\u00f5es no decurso da obra)\/Rua\u00a0 de\u00a0 Timor,\u00a0 n.0\u00a0\u00a0\u00a0 23,\u00a0 em\u00a0 \u00c9vora.\u00a0 Req.\u00a0 &#8211;\u00a0 RBB\u00a0 &#8211;\u00a0\u00a0 Promo\u00e7\u00e3o\u00a0 e\u00a0 Constru\u00e7\u00e3o Civil, Lda. Processo 1.18740.<\/p>\n<p><strong>Propostas para deferimento c\/ condi\u00e7\u00f5es<\/strong><\/p>\n<p>6.16.\u00a0\u00a0\u00a0 Pedido de aprova\u00e7\u00e3o do aditamento dos projetos de arquitetura e estabilidade e aceita\u00e7\u00e3o da isen\u00e7\u00e3o dos projetos de g\u00e1s e condicionamento ac\u00fastico\/Largo \u00c1lvaro Velho, n\u00b0s 5, 5-A e 6, em \u00c9vora. Req.: Sandra Encarnado &#8211; Comercio Artesanato Unipessoal, Lda. Processo 1.15177.<\/p>\n<p>6.17.\u00a0\u00a0\u00a0 Pedido de aprova\u00e7\u00e3o do aditamento ao projeto de arquitetura\/Rua Amas do Cardeal,<\/p>\n<p>N.\u00ba\u00a0 11,\u00a0 13,\u00a0 13A\u00a0 e\u00a0 13B e\u00a0 Travessa\u00a0 da\u00a0 Mangala\u00e7a,\u00a0 N.0\u00a0\u00a0\u00a0 12, em\u00a0 \u00c9vora.\u00a0 Req: Francisco Manuel Pereira Santana &#8211; Cab. Casal de Processo 1.1420.<\/p>\n<p>6.18.\u00a0\u00a0\u00a0 Pedido de aprova\u00e7\u00e3o do projeto de arquitetura\/Rua do Raimundo, 54, A, B e C, em \u00c9vora. Req. &#8211; Quotidiano Refinado, Lda. Processo 1.1469.<\/p>\n<p>6.19.\u00a0\u00a0\u00a0 Pedido de aprova\u00e7\u00e3o da dispensa de apresenta\u00e7\u00e3o dos projetos das especialidades\/Rua de Machede, N.\u00ba\u00a0\u00a0 11, em \u00c9vora.\u00a0 Req: P\u00e1teo dos Coguminhos &#8211;\u00a0 Soc. Imobili\u00e1ria, SA. Processo 1.2177.<\/p>\n<p>6.20.\u00a0\u00a0\u00a0 Licenciamento de obras de altera\u00e7\u00e3o\/Rua Miguel Bombarda, n\u00b0 52, em \u00c9vora. Req.: Johan Ernest Von Stander. Processo 1.2575.<\/p>\n<p>6.21.\u00a0\u00a0\u00a0 Pedido de aprova\u00e7\u00e3o do projeto de arquitetura\/Largo do Col\u00e9gio, n.\u00ba \u00a04, em \u00c9vora. Req.<\/p>\n<p>&#8211; Antonio Manuel de Torres Alfacinha. Processo 1.2798.<\/p>\n<p>6.22.\u00a0\u00a0\u00a0 Pedido de aprova\u00e7\u00e3o dos projetos de especialidades\/Rua 2 de Abril, n.\u00ba 25, B.\u00ba S. Jos\u00e9 da Ponte, em \u00c9vora. Req. &#8211; Ana Filipa Ruivo Sim\u00f5es. Processo 1.6536.<\/p>\n<p>6.23.\u00a0\u00a0\u00a0 Pedido de aprova\u00e7\u00e3o do projeto de arquitetura e do plano de acessibilidades\/Rua Bernardo de Matos, n.\u00ba s 25, 27, 29 e 29 A, em \u00c9vora.\u00a0 Req. &#8211; Ana Cristina Palma de Almeida Carvalhais de Sousa e outro. Processo 1.12243.<\/p>\n<p><strong>Propostas para ratifica\u00e7\u00e3o<\/strong><\/p>\n<p>6.24.\u00a0\u00a0\u00a0 Certid\u00e3o de Compropriedade\/Fonte Boa, art.\u00ba. 33\u00b0 sec\u00e7\u00e3o H e art.\u00ba 782, em \u00c9vora. Req: Luis Maria Amado de Sousa Cabral. Processo 1.10802.<\/p>\n<p>6.25.\u00a0\u00a0\u00a0 Pedido de isen\u00e7\u00e3o de pagamento de taxa pela prorroga\u00e7\u00e3o de prazo do alvar\u00e1 de obras\/Rua\u00a0 Cabe\u00e7o do\u00a0 Arraial,\u00a0 n.\u00ba 11,\u00a0 em\u00a0 \u00c9vora.\u00a0 Req.\u00a0 &#8211;\u00a0\u00a0 CHE\u00a0 Boa\u00a0 Vontade,\u00a0 CRL. Processo 1.19425.<\/p>\n<p>6.26.\u00a0\u00a0\u00a0 Pedido de isen\u00e7\u00e3o de pagamento de taxa pela prorroga\u00e7\u00e3o de prazo do alvar\u00e1 de obras\/Rua Cabe\u00e7o do Arraial, n.\u00ba 9, em \u00c9vora. Req. &#8211;\u00a0 CHE\u00a0 Boa\u00a0 Vontade,\u00a0 CRL.\u00a0 Processo 1.19426.<\/p>\n<p>6.27.\u00a0\u00a0\u00a0 Pedido de isen\u00e7\u00e3o de pagamento de taxa pela prorroga\u00e7\u00e3o de prazo do alvar\u00e1 de obras\/Rua\u00a0 Cabe\u00e7o\u00a0 do\u00a0 Arraial,\u00a0 n.\u00ba 7,\u00a0 em\u00a0 \u00c9vora.\u00a0 Req.\u00a0 &#8211;\u00a0\u00a0 CHE\u00a0 Boa\u00a0 Vontade,\u00a0 CRL. Processo 1.19427.<\/p>\n<p>6.28.\u00a0\u00a0\u00a0 Pedido de isen\u00e7\u00e3o de pagamento de taxa pela prorroga\u00e7\u00e3o de prazo do alvar\u00e1 de obras\/Rua Cabe\u00e7o do Arraial, n.\u00ba\u00a0 5, em\u00a0 \u00c9vora.\u00a0 Req.\u00a0 &#8211;\u00a0\u00a0 CHE\u00a0 Boa\u00a0 Vontade,\u00a0 CRL. Processo 1.19428.<\/p>\n<p>6.29.\u00a0\u00a0\u00a0 Pedido de isen\u00e7\u00e3o de pagamento de taxa pela prorroga\u00e7\u00e3o de prazo do alvar\u00e1 de obras\/Rua\u00a0 Cabe\u00e7o do\u00a0 Arraial,\u00a0 n.0\u00a0\u00a0\u00a0\u00a0 3,\u00a0 em\u00a0 \u00c9vora.\u00a0 Req.\u00a0 &#8211;\u00a0\u00a0 CHE\u00a0 Boa\u00a0 Vontade,\u00a0 CRL. Processo 1.19429.<\/p>\n<p>6.30.\u00a0\u00a0\u00a0 Pedido de aprova\u00e7\u00e3o do aditamento ao projeto de \u00e1guas e esgotos e das altera\u00e7\u00f5es ao projeto de arquitetura apresentadas em telas finais\/Quinta Bacelo dos Pretos, lote 36, em \u00c9vora. Req. &#8211; Constru\u00e7\u00f5es Monsaraz II &#8211; Promo\u00e7\u00e3o Imobili\u00e1ria, Lda. Processo 1.19462.<\/p>\n<p>6.31.\u00a0\u00a0\u00a0 Pedido de aprova\u00e7\u00e3o do aditamento ao projeto de \u00e1guas e esgotos e das altera\u00e7\u00f5es ao projeto de arquitetura apresentadas em telas finais\/Quinta Bacelo dos Pretos, lote 37, em \u00c9vora. Req. &#8211; Constru\u00e7\u00f5es Monsaraz II &#8211; Promo\u00e7\u00e3o Imobili\u00e1ria, Lda. Processo 1.19463.<\/p>\n<p>6.32.\u00a0\u00a0\u00a0 Pedido de aprova9ao dos projetos das especialidades\/Rua Jose Maria Aires, N.\u00ba\u00a0\u00a0 35, em \u00c9vora. Req: Memorydraft, Lda. Processo 1.19624.<\/p>\n<p><strong>Propostas para homologa\u00e7\u00e3o<\/strong><\/p>\n<p>6.33.\u00a0\u00a0\u00a0 Auto de divis\u00e3o em propriedade horizontal\/Largo 13 de Outubro, n\u00b0 17 e Rua da Corredoura, n\u00b0s 1, 3 e 5 em \u00c9vora. Req.: Pedro Dami\u00e3o de Sousa Henriques. Processo 1.2980.<\/p>\n<p>6.34.\u00a0\u00a0\u00a0 Auto de divis\u00e3o em propriedade horizontal\/Rua Joao Maria Mata, n\u00b0s 1, 3,5, 7 e 9 e Rua Antero de Quental n\u00b0s 8, 10, 12 e 14, em \u00c9vora. Req.: Centro Social e Paroquial N\u00aa S\u00aa F\u00e1tima. Processo 1.15289.<\/p>\n<p>6.35.\u00a0\u00a0\u00a0 Divis\u00e3o\u00a0 em\u00a0 Propriedade\u00a0 Horizontal\/Rua de Timor,\u00a0 n.0\u00a0\u00a0\u00a0 23,\u00a0 em\u00a0 \u00c9vora.\u00a0 Req. &#8211;\u00a0\u00a0 RBB &#8211; Promo\u00e7\u00e3o e Constru\u00e7\u00e3o Civil, Lda. Processo 1.18740.<\/p>\n<p><strong>Propostas para indeferimento<\/strong><\/p>\n<p>6.36.\u00a0\u00a0\u00a0 Pedido de aprova\u00e7\u00e3o do projeto de arquitetura\/Quinta do Alto e Bombeja, em \u00c9vora. Req. &#8211; Casa Agr\u00edcola Campo da Igrejinha, S.A. Processo 1.9561.<\/p>\n<p>6.37.\u00a0\u00a0\u00a0 Pedido de\u00a0 aprova\u00e7\u00e3o\u00a0 do\u00a0 projeto\u00a0 de\u00a0 arquitetura\/P\u00e1tio\u00a0 Vila\u00a0 Maria\u00a0 Isabel,\u00a0 N.\u00ba\u00a0\u00a0\u00a0\u00a0 7,\u00a0 em \u00c9vora. Req: Ondina do Nascimento Alves Chagas. Processo 1.19295.<\/p>\n<p>6.38.\u00a0\u00a0\u00a0 Pedido de aprova\u00e7\u00e3o do projeto de arquitetura\/Rua\u00a0 Dias\u00a0 Coelho,\u00a0 N.0\u00a0\u00a0\u00a0 10,\u00a0 em\u00a0 \u00c9vora. Req: Jose Manuel Alegria. Processo 1.19411.<\/p>\n<p>6.39.\u00a0\u00a0\u00a0 Pedido de aprova\u00e7\u00e3o do projeto de arquitetura\/Almargias das Figueiras, em N.\u00aa Sra da Tourega. Req: Cab. Casal da Heran\u00e7a de Jos\u00e9 Custodio dos Santos. Processo 1.19541.<\/p>\n<p><strong>Propostas para retifica\u00e7\u00e3o<\/strong><\/p>\n<p>6.40.\u00a0\u00a0\u00a0 Retifica\u00e7\u00e3o da delibera\u00e7\u00e3o de 13\/01\/2021 &#8211; Pedido de aprova\u00e7\u00e3o do projeto de arquitetura e plano de acessibilidades\/Rua St.\u00ba Ant\u00f3nio a Almeirim, N .\u00ba \u00a057, Bairro de Almeirim, em \u00c9vora. Req: Jos\u00e9 Manuel Coelho Frango. Processo 1.6557.<\/p>\n<p>6.41.\u00a0\u00a0\u00a0 Retifica\u00e7\u00e3o da delibera\u00e7\u00e3o de 18\/11\/2020\/Courela das Crunheiras, em S. Sebasti\u00e3o da Giesteira. Req. &#8211; Jos\u00e9 Manuel Baixinho Pacheco. Processo 1.15984.<\/p>\n<p><strong>Para conhecimento<\/strong><\/p>\n<p>6.42.\u00a0\u00a0\u00a0 Informa\u00e7\u00e3o sobre conclus\u00e3o das obras, Alvar\u00e1 de loteamento n.\u00ba\u00a0 3\/2007\/Estrada do Barro, E. N. 18, Art.0\u00a0\u00a0 64, Sec\u00e7\u00e3o D, Em S. Man\u00e7os. Processo 2.3595.<\/p>\n<p>&nbsp;<\/p>\n<ol start=\"7\">\n<li><strong> JUR\u00cdDICO<\/strong><\/li>\n<\/ol>\n<p><strong>Propostas para delibera\u00e7\u00e3o<\/strong><\/p>\n<p>7.1.\u00a0\u00a0\u00a0\u00a0\u00a0 Proposta de Deferimento do Pedido de Levantamento de \u00d3nus, requerido por V\u00edtor Jos\u00e9 Cardoso Coelho.<\/p>\n<p>7.2.\u00a0\u00a0\u00a0\u00a0\u00a0 In\u00edcio do Procedimento para elabora\u00e7\u00e3o do projeto de altera\u00e7\u00e3o do Regulamento que institui Programa de Melhoramento das Condi\u00e7\u00f5es de Habitabilidade.<\/p>\n<p>7.3.\u00a0\u00a0\u00a0\u00a0\u00a0 In\u00edcio de Procedimento para elabora\u00e7\u00e3o do Regulamento de Acesso e Atribui\u00e7\u00e3o de Habita\u00e7\u00f5es da Hab\u00e9vora E.M., em Regime de Atendimento Apoiado.<\/p>\n<ol start=\"8\">\n<li><strong> DESENVOLVIMENTO ECON\u00d3MICO<\/strong><\/li>\n<\/ol>\n<p><strong>Proposta para delibera\u00e7\u00e3o<\/strong><\/p>\n<p>8.1.\u00a0\u00a0\u00a0\u00a0\u00a0 Plano Estrat\u00e9gico do Aer\u00f3dromo Municipal de \u00c9vora.<\/p>\n<p><strong>Proposta para ratifica\u00e7\u00e3o<\/strong><\/p>\n<p>8.2.\u00a0\u00a0\u00a0\u00a0\u00a0 Assinatura do Termo de Aceita\u00e7\u00e3o da Opera\u00e7\u00e3o POISE-01-3422-FSE-000034 &#8211; Plano Municipal para a lgualdade &#8211; Tecer Redes pela lgualdade.<\/p>\n<p>&nbsp;<\/p>\n<ol start=\"9\">\n<li><strong> ORDENAMENTO E REABILITA\u00c7\u00c3O URBANA<\/strong><\/li>\n<\/ol>\n<p><strong>Propostas para delibera\u00e7\u00e3o<\/strong><\/p>\n<p>9.1.\u00a0\u00a0\u00a0\u00a0\u00a0 Requalifica\u00e7\u00e3o da Antiga Casa do Guarda localizada no Parque lnfantil Almeida Margiochi. Proc.\u00ba\u00a0\u00a0 15\/DORU.<\/p>\n<p>9.2.\u00a0\u00a0\u00a0\u00a0\u00a0 Edif\u00edcio da Sede da Uni\u00e3o de Freguesias de S. Man\u00e7os e S. Vicente do Pigeiro \/ Projeto de Acessibilidades. Proc\u00ba\u00a0\u00a0 729\/DORU.<\/p>\n<p>&nbsp;<\/p>\n<ol start=\"10\">\n<li><strong> SERVICOS OPERACIONAIS<\/strong><\/li>\n<\/ol>\n<p><strong>Propostas para delibera\u00e7\u00e3o<\/strong><\/p>\n<p>10.1.\u00a0\u00a0\u00a0 Pedido do GNR para ced\u00eancia de materiais para pintura da fachada do pr\u00e9dio sito na Rua da Rampa.<\/p>\n<ol start=\"11\">\n<li><strong> AMBIENTE E MOBILIDADE<\/strong><\/li>\n<\/ol>\n<p>Propostas para delibera\u00e7\u00e3o<\/p>\n<p>11.1\u00a0\u00a0\u00a0\u00a0 Posse de ve\u00edculo, por estacionamento indevido ou abusivo na via p\u00fablica.<\/p>\n<p>&nbsp;<\/p>\n<p><strong>III\u00a0\u00a0\u00a0\u00a0\u00a0\u00a0\u00a0\u00a0 &#8211;\u00a0\u00a0\u00a0\u00a0\u00a0\u00a0\u00a0\u00a0\u00a0\u00a0 PERIODO\u00a0\u00a0\u00a0\u00a0\u00a0\u00a0\u00a0 DE INTERVEN\u00c7\u00c3O E ESCLARECIMENTO AO P\u00daBLICO MEDIANTE MARCA\u00c7\u00c3O PREVIA.<\/strong><\/p>\n<p>&nbsp;<\/p>\n<p><strong>IV\u00a0\u00a0\u00a0\u00a0\u00a0\u00a0\u00a0 &#8211; APROVA\u00c7\u00c3O EM MINUTA<\/strong><\/p>","protected":false},"excerpt":{"rendered":"<p>Sorry, this entry is only available in Portugu\u00eas.A C\u00e2mara Municipal de \u00c9vora realiza a sua reuni\u00e3o p\u00fablica na pr\u00f3xima quarta-feira (27 de Janeiro), a partir das 15 horas. O per\u00edodo de interven\u00e7\u00e3o e esclarecimento ao p\u00fablico continua a ser feito mediante marca\u00e7\u00e3o pr\u00e9via. A ordem de trabalhos \u00e9 a seguinte: I\u00a0\u00a0\u00a0\u00a0\u00a0\u00a0\u00a0\u00a0\u00a0\u00a0 &#8211; PER\u00cdODO DE ANTES [&hellip;]<\/p>\n","protected":false},"author":46,"featured_media":19895,"comment_status":"closed","ping_status":"closed","sticky":false,"template":"","format":"standard","meta":{"_acf_changed":false,"footnotes":""},"categories":[2110],"tags":[],"class_list":["post-19894","post","type-post","status-publish","format-standard","has-post-thumbnail","hentry","category-noticias"],"acf":{"imagens":"","destaq_image":19895,"titulo_docs_seccao":"","documentos":""},"_links":{"self":[{"href":"https:\/\/www.cm-evora.pt\/en\/wp-json\/wp\/v2\/posts\/19894","targetHints":{"allow":["GET"]}}],"collection":[{"href":"https:\/\/www.cm-evora.pt\/en\/wp-json\/wp\/v2\/posts"}],"about":[{"href":"https:\/\/www.cm-evora.pt\/en\/wp-json\/wp\/v2\/types\/post"}],"author":[{"embeddable":true,"href":"https:\/\/www.cm-evora.pt\/en\/wp-json\/wp\/v2\/users\/46"}],"replies":[{"embeddable":true,"href":"https:\/\/www.cm-evora.pt\/en\/wp-json\/wp\/v2\/comments?post=19894"}],"version-history":[{"count":6,"href":"https:\/\/www.cm-evora.pt\/en\/wp-json\/wp\/v2\/posts\/19894\/revisions"}],"predecessor-version":[{"id":20013,"href":"https:\/\/www.cm-evora.pt\/en\/wp-json\/wp\/v2\/posts\/19894\/revisions\/20013"}],"wp:featuredmedia":[{"embeddable":true,"href":"https:\/\/www.cm-evora.pt\/en\/wp-json\/wp\/v2\/media\/19895"}],"wp:attachment":[{"href":"https:\/\/www.cm-evora.pt\/en\/wp-json\/wp\/v2\/media?parent=19894"}],"wp:term":[{"taxonomy":"category","embeddable":true,"href":"https:\/\/www.cm-evora.pt\/en\/wp-json\/wp\/v2\/categories?post=19894"},{"taxonomy":"post_tag","embeddable":true,"href":"https:\/\/www.cm-evora.pt\/en\/wp-json\/wp\/v2\/tags?post=19894"}],"curies":[{"name":"wp","href":"https:\/\/api.w.org\/{rel}","templated":true}]}}