{"id":19977,"date":"2021-01-22T16:38:35","date_gmt":"2021-01-22T16:38:35","guid":{"rendered":"https:\/\/www.cm-evora.pt\/?p=19977"},"modified":"2021-07-05T16:17:42","modified_gmt":"2021-07-05T15:17:42","slug":"equipamento-municipal-de-apoio-a-doentes-covid-19","status":"publish","type":"post","link":"https:\/\/www.cm-evora.pt\/en\/equipamento-municipal-de-apoio-a-doentes-covid-19\/","title":{"rendered":"(Portugu\u00eas) Equipamento Municipal de Apoio a Doentes Covid-19"},"content":{"rendered":"<p class=\"qtranxs-available-languages-message qtranxs-available-languages-message-en\">Sorry, this entry is only available in <a href=\"https:\/\/www.cm-evora.pt\/pt\/wp-json\/wp\/v2\/posts\/19977\" class=\"qtranxs-available-language-link qtranxs-available-language-link-pt\" title=\"Portugu\u00eas\">Portugu\u00eas<\/a>.<\/p><p><span class=\"d2edcug0 hpfvmrgz qv66sw1b c1et5uql rrkovp55 a8c37x1j keod5gw0 nxhoafnm aigsh9s9 d3f4x2em fe6kdd0r mau55g9w c8b282yb iv3no6db jq4qci2q a3bd9o3v knj5qynh oo9gr5id\" dir=\"auto\">O Equipamento Municipal de Apoio ao Hospital do Esp\u00edrito Santo a Doentes Covid-19 (EMAHESE), que a C\u00e2mara Municipal de \u00c9vora criou e apetrechou, na zona industrial da Horta das Figueiras, e que est\u00e1 a funcionar como mais uma resposta no combate \u00e0 pandemia, j\u00e1 deu resposta a quase tr\u00eas dezenas de doentes (n\u00fameros referente at\u00e9 ao dia 21 de janeiro).<\/span><\/p>\n<p>A funcionar aproximadamente h\u00e1 duas semanas, o equipamento municipal, cuja gest\u00e3o est\u00e1 entregue, naturalmente, ao Hospital do Esp\u00edrito Santo, j\u00e1 registou, desde o dia 9 de janeiro, a presen\u00e7a de um total de 28 doentes Covid-19.<\/p>\n<p>Segundo o Servi\u00e7o Municipal de Prote\u00e7\u00e3o Civil, o EMAHESE registou desde a sua abertura uma presen\u00e7a m\u00e1xima, em simult\u00e2neo, de 13 pacientes, com o espa\u00e7o a cumprir cabalmente os pressupostos que originaram a sua cria\u00e7\u00e3o.<\/p>\n<p>Recorde-se que este espa\u00e7o, situado na Rua do Centro de Forma\u00e7\u00e3o Profissional, foi alvo de v\u00e1rias interven\u00e7\u00f5es de adapta\u00e7\u00e3o realizadas pelos servi\u00e7os operacionais da edilidade que, ao longo do m\u00eas de dezembro de 2020, prepararam e adaptaram esta estrutura com as condi\u00e7\u00f5es necess\u00e1rias para apoiar o Hospital do Esp\u00edrito Santo e toda a popula\u00e7\u00e3o do Alentejo que \u00e9 servida por aquela estrutura hospitalar. A opera\u00e7\u00e3o foi coordenada pelo Servi\u00e7o Municipal de Prote\u00e7\u00e3o Civil, em articula\u00e7\u00e3o com o HESE.<\/p>","protected":false},"excerpt":{"rendered":"<p>Sorry, this entry is only available in Portugu\u00eas.O Equipamento Municipal de Apoio ao Hospital do Esp\u00edrito Santo a Doentes Covid-19 (EMAHESE), que a C\u00e2mara Municipal de \u00c9vora criou e apetrechou, na zona industrial da Horta das Figueiras, e que est\u00e1 a funcionar como mais uma resposta no combate \u00e0 pandemia, j\u00e1 deu resposta a quase [&hellip;]<\/p>\n","protected":false},"author":46,"featured_media":19978,"comment_status":"closed","ping_status":"closed","sticky":false,"template":"","format":"standard","meta":{"_acf_changed":false,"footnotes":""},"categories":[2110],"tags":[],"class_list":["post-19977","post","type-post","status-publish","format-standard","has-post-thumbnail","hentry","category-noticias"],"acf":{"imagens":"","destaq_image":19978,"titulo_docs_seccao":"","documentos":""},"_links":{"self":[{"href":"https:\/\/www.cm-evora.pt\/en\/wp-json\/wp\/v2\/posts\/19977","targetHints":{"allow":["GET"]}}],"collection":[{"href":"https:\/\/www.cm-evora.pt\/en\/wp-json\/wp\/v2\/posts"}],"about":[{"href":"https:\/\/www.cm-evora.pt\/en\/wp-json\/wp\/v2\/types\/post"}],"author":[{"embeddable":true,"href":"https:\/\/www.cm-evora.pt\/en\/wp-json\/wp\/v2\/users\/46"}],"replies":[{"embeddable":true,"href":"https:\/\/www.cm-evora.pt\/en\/wp-json\/wp\/v2\/comments?post=19977"}],"version-history":[{"count":2,"href":"https:\/\/www.cm-evora.pt\/en\/wp-json\/wp\/v2\/posts\/19977\/revisions"}],"predecessor-version":[{"id":19991,"href":"https:\/\/www.cm-evora.pt\/en\/wp-json\/wp\/v2\/posts\/19977\/revisions\/19991"}],"wp:featuredmedia":[{"embeddable":true,"href":"https:\/\/www.cm-evora.pt\/en\/wp-json\/wp\/v2\/media\/19978"}],"wp:attachment":[{"href":"https:\/\/www.cm-evora.pt\/en\/wp-json\/wp\/v2\/media?parent=19977"}],"wp:term":[{"taxonomy":"category","embeddable":true,"href":"https:\/\/www.cm-evora.pt\/en\/wp-json\/wp\/v2\/categories?post=19977"},{"taxonomy":"post_tag","embeddable":true,"href":"https:\/\/www.cm-evora.pt\/en\/wp-json\/wp\/v2\/tags?post=19977"}],"curies":[{"name":"wp","href":"https:\/\/api.w.org\/{rel}","templated":true}]}}