{"id":20220,"date":"2021-02-01T12:27:58","date_gmt":"2021-02-01T12:27:58","guid":{"rendered":"https:\/\/www.cm-evora.pt\/?p=20220"},"modified":"2021-07-06T11:57:57","modified_gmt":"2021-07-06T10:57:57","slug":"camara-de-evora-oferece-fotos-da-exposicao-inclusao-para-todos-todos-na-inclusao","status":"publish","type":"post","link":"https:\/\/www.cm-evora.pt\/en\/camara-de-evora-oferece-fotos-da-exposicao-inclusao-para-todos-todos-na-inclusao\/","title":{"rendered":"(Portugu\u00eas) C\u00e2mara de \u00c9vora oferece fotos da exposi\u00e7\u00e3o \u201cInclus\u00e3o para todos, todos na Inclus\u00e3o\u201d"},"content":{"rendered":"<p class=\"qtranxs-available-languages-message qtranxs-available-languages-message-en\">Sorry, this entry is only available in <a href=\"https:\/\/www.cm-evora.pt\/pt\/wp-json\/wp\/v2\/posts\/20220\" class=\"qtranxs-available-language-link qtranxs-available-language-link-pt\" title=\"Portugu\u00eas\">Portugu\u00eas<\/a>.<\/p><p>A C\u00e2mara Municipal de \u00c9vora ir\u00e1 oferecer as fotografias que comp\u00f5em a exposi\u00e7\u00e3o \u201cInclus\u00e3o para todos, todos na Inclus\u00e3o\u201d, que tem estado patente ao p\u00fablico na Pra\u00e7a de Sert\u00f3rio desde o in\u00edcio de dezembro, \u00e0s institui\u00e7\u00f5es cujos utentes se disponibilizaram para integrar este projeto.<\/p>\n<p>A mostra, que ser\u00e1 desmontada a partir do dia 3 de fevereiro, integrou a programa\u00e7\u00e3o que assinalou, no concelho de \u00c9vora, o Dia Internacional da Pessoa com Defici\u00eancia e visou sensibilizar para a import\u00e2ncia da inclus\u00e3o e a salvaguarda da plenitude de direitos da pessoa portadora de defici\u00eancia. Agora, as fotografias, 21 no total, com 1,5mx1m, impressas em lona, ser\u00e3o oferecidas pela edilidade em mais um gesto p\u00fablico de reconhecimento e agradecimento pelo trabalho desenvolvido.<\/p>\n<p>A exposi\u00e7\u00e3o, cujas fotos foram impressas em grande dimens\u00e3o, procurando desta forma enaltecer a integra\u00e7\u00e3o destes cidad\u00e3os, procurou retratar o dia-a-dia de um conjunto de utentes de v\u00e1rias institui\u00e7\u00f5es no desempenho das mais diversas tarefas.<\/p>\n<p>A exposi\u00e7\u00e3o, fruto da estreita colabora\u00e7\u00e3o entre a CME e um conjunto de institui\u00e7\u00f5es que lidam com a quest\u00e3o da defici\u00eancia, contou com a participa\u00e7\u00e3o de Faustina Rosado (APPACDM); Jorge Grilo (APCE); Ana Vit\u00f3ria (CERCIDIANA); Celso Pimenta (ASCTE); Jos\u00e9 Filipe Grilo (APCE); Cust\u00f3dio Amaro (CERCIDIANA); Jos\u00e9 Filipe Courelas (ARASS); Rui Pinto (ARASS); Dion\u00edsio Canh\u00e3o (ARASS); Beatriz Ramalho (APPACDM); Duarte Courelas (APPACDM); Silvia Em\u00edlio (APPACDM); David Vareta (APCE); Jorge Lopes (ASCTE); Carlos Machado (CERCIDIANA), Maria do Carmo Atafona (ASCTE); Hugo Rosado (ASCTE); Margarida Veigas (APCE); Teresa Rom\u00e3o (Mov. F\u00e9 e Luz); Faustina Lopes (ARASS); Ant\u00f3nio Pombinho (CERCIDIANA).<\/p>\n<p><a href=\"https:\/\/www.cm-evora.pt\/wp-content\/uploads\/2021\/02\/expo-1.jpg\"><img loading=\"lazy\" decoding=\"async\" class=\"alignnone wp-image-20236\" src=\"https:\/\/www.cm-evora.pt\/wp-content\/uploads\/2021\/02\/expo-1.jpg\" alt=\"\" width=\"677\" height=\"451\" srcset=\"https:\/\/www.cm-evora.pt\/wp-content\/uploads\/2021\/02\/expo-1.jpg 1935w, https:\/\/www.cm-evora.pt\/wp-content\/uploads\/2021\/02\/expo-1-300x200.jpg 300w, https:\/\/www.cm-evora.pt\/wp-content\/uploads\/2021\/02\/expo-1-1024x683.jpg 1024w, https:\/\/www.cm-evora.pt\/wp-content\/uploads\/2021\/02\/expo-1-768x512.jpg 768w, https:\/\/www.cm-evora.pt\/wp-content\/uploads\/2021\/02\/expo-1-1536x1024.jpg 1536w, https:\/\/www.cm-evora.pt\/wp-content\/uploads\/2021\/02\/expo-1-1320x880.jpg 1320w\" sizes=\"auto, (max-width: 677px) 100vw, 677px\" \/><\/a> <a href=\"https:\/\/www.cm-evora.pt\/wp-content\/uploads\/2021\/02\/expo-2.jpg\"><img loading=\"lazy\" decoding=\"async\" class=\"alignnone wp-image-20237\" src=\"https:\/\/www.cm-evora.pt\/wp-content\/uploads\/2021\/02\/expo-2.jpg\" alt=\"\" width=\"675\" height=\"450\" srcset=\"https:\/\/www.cm-evora.pt\/wp-content\/uploads\/2021\/02\/expo-2.jpg 1935w, https:\/\/www.cm-evora.pt\/wp-content\/uploads\/2021\/02\/expo-2-300x200.jpg 300w, https:\/\/www.cm-evora.pt\/wp-content\/uploads\/2021\/02\/expo-2-1024x683.jpg 1024w, https:\/\/www.cm-evora.pt\/wp-content\/uploads\/2021\/02\/expo-2-768x512.jpg 768w, https:\/\/www.cm-evora.pt\/wp-content\/uploads\/2021\/02\/expo-2-1536x1024.jpg 1536w, https:\/\/www.cm-evora.pt\/wp-content\/uploads\/2021\/02\/expo-2-1320x880.jpg 1320w\" sizes=\"auto, (max-width: 675px) 100vw, 675px\" \/><\/a> <a href=\"https:\/\/www.cm-evora.pt\/wp-content\/uploads\/2021\/02\/expo-3.jpg\"><img loading=\"lazy\" decoding=\"async\" class=\"alignnone wp-image-20238\" src=\"https:\/\/www.cm-evora.pt\/wp-content\/uploads\/2021\/02\/expo-3.jpg\" alt=\"\" width=\"677\" height=\"451\" srcset=\"https:\/\/www.cm-evora.pt\/wp-content\/uploads\/2021\/02\/expo-3.jpg 1935w, https:\/\/www.cm-evora.pt\/wp-content\/uploads\/2021\/02\/expo-3-300x200.jpg 300w, https:\/\/www.cm-evora.pt\/wp-content\/uploads\/2021\/02\/expo-3-1024x683.jpg 1024w, https:\/\/www.cm-evora.pt\/wp-content\/uploads\/2021\/02\/expo-3-768x512.jpg 768w, https:\/\/www.cm-evora.pt\/wp-content\/uploads\/2021\/02\/expo-3-1536x1024.jpg 1536w, https:\/\/www.cm-evora.pt\/wp-content\/uploads\/2021\/02\/expo-3-1320x880.jpg 1320w\" sizes=\"auto, (max-width: 677px) 100vw, 677px\" \/><\/a><\/p>","protected":false},"excerpt":{"rendered":"<p>Sorry, this entry is only available in Portugu\u00eas.A C\u00e2mara Municipal de \u00c9vora ir\u00e1 oferecer as fotografias que comp\u00f5em a exposi\u00e7\u00e3o \u201cInclus\u00e3o para todos, todos na Inclus\u00e3o\u201d, que tem estado patente ao p\u00fablico na Pra\u00e7a de Sert\u00f3rio desde o in\u00edcio de dezembro, \u00e0s institui\u00e7\u00f5es cujos utentes se disponibilizaram para integrar este projeto. A mostra, que ser\u00e1 [&hellip;]<\/p>\n","protected":false},"author":46,"featured_media":20236,"comment_status":"closed","ping_status":"closed","sticky":false,"template":"","format":"standard","meta":{"_acf_changed":false,"footnotes":""},"categories":[2110],"tags":[],"class_list":["post-20220","post","type-post","status-publish","format-standard","has-post-thumbnail","hentry","category-noticias"],"acf":{"imagens":"","destaq_image":20236,"titulo_docs_seccao":"","documentos":""},"_links":{"self":[{"href":"https:\/\/www.cm-evora.pt\/en\/wp-json\/wp\/v2\/posts\/20220","targetHints":{"allow":["GET"]}}],"collection":[{"href":"https:\/\/www.cm-evora.pt\/en\/wp-json\/wp\/v2\/posts"}],"about":[{"href":"https:\/\/www.cm-evora.pt\/en\/wp-json\/wp\/v2\/types\/post"}],"author":[{"embeddable":true,"href":"https:\/\/www.cm-evora.pt\/en\/wp-json\/wp\/v2\/users\/46"}],"replies":[{"embeddable":true,"href":"https:\/\/www.cm-evora.pt\/en\/wp-json\/wp\/v2\/comments?post=20220"}],"version-history":[{"count":1,"href":"https:\/\/www.cm-evora.pt\/en\/wp-json\/wp\/v2\/posts\/20220\/revisions"}],"predecessor-version":[{"id":20240,"href":"https:\/\/www.cm-evora.pt\/en\/wp-json\/wp\/v2\/posts\/20220\/revisions\/20240"}],"wp:featuredmedia":[{"embeddable":true,"href":"https:\/\/www.cm-evora.pt\/en\/wp-json\/wp\/v2\/media\/20236"}],"wp:attachment":[{"href":"https:\/\/www.cm-evora.pt\/en\/wp-json\/wp\/v2\/media?parent=20220"}],"wp:term":[{"taxonomy":"category","embeddable":true,"href":"https:\/\/www.cm-evora.pt\/en\/wp-json\/wp\/v2\/categories?post=20220"},{"taxonomy":"post_tag","embeddable":true,"href":"https:\/\/www.cm-evora.pt\/en\/wp-json\/wp\/v2\/tags?post=20220"}],"curies":[{"name":"wp","href":"https:\/\/api.w.org\/{rel}","templated":true}]}}