{"id":20764,"date":"2021-02-10T16:11:14","date_gmt":"2021-02-10T16:11:14","guid":{"rendered":"https:\/\/www.cm-evora.pt\/?p=20764"},"modified":"2021-07-06T12:11:07","modified_gmt":"2021-07-06T11:11:07","slug":"evora-dinamiza-atividades-de-enriquecimento-curricular-a-distancia","status":"publish","type":"post","link":"https:\/\/www.cm-evora.pt\/en\/evora-dinamiza-atividades-de-enriquecimento-curricular-a-distancia\/","title":{"rendered":"(Portugu\u00eas) \u00c9vora dinamiza Atividades de Enriquecimento Curricular \u00e0 dist\u00e2ncia"},"content":{"rendered":"<p class=\"qtranxs-available-languages-message qtranxs-available-languages-message-en\">Sorry, this entry is only available in <a href=\"https:\/\/www.cm-evora.pt\/pt\/wp-json\/wp\/v2\/posts\/20764\" class=\"qtranxs-available-language-link qtranxs-available-language-link-pt\" title=\"Portugu\u00eas\">Portugu\u00eas<\/a>.<\/p><p>&nbsp;<\/p>\n<p><strong>O Munic\u00edpio de \u00c9vora possibilitou, a partir desta semana (8 de Fevereiro), a todos os alunos do 1\u00ba ciclo continuarem a usufruir das Atividades de Enriquecimento Curricular (AEC\u2019s), atrav\u00e9s de duas sess\u00f5es simult\u00e2neas, a partir das plataformas dos Agrupamentos de Escolas.\u00a0\u00a0 <\/strong><\/p>\n<p>A C\u00e2mara Municipal de \u00c9vora, enquanto entidade promotora, realizar\u00e1 as referidas atividades em parceria com os quatro Agrupamentos de Escolas do concelho.<\/p>\n<p>Ser\u00e3o desenvolvidas com base no seu car\u00e1cter l\u00fadico e visam manter um contato educativo de proximidade entre professores e alunos, fomentando o verdadeiro esp\u00edrito deste programa municipal.<\/p>\n<p>Considera a autarquia que esta decis\u00e3o poder\u00e1 revelar-se uma verdadeira lufada de ar fresco, oferecendo aos alunos atividades l\u00fadicas e interativas, uma vez que estes foram for\u00e7ados a estar em suas casas devido \u00e0 situa\u00e7\u00e3o de pandemia.<\/p>\n<p>Este ensino \u00e0 dist\u00e2ncia ser\u00e1 feito essencialmente a partir das plataformas dos agrupamentos, \u00e0 semelhan\u00e7a com o que acontece com os professores titulares para um conjunto de cerca de 2000 crian\u00e7as entre os 5 e os 11 anos e respetivos encarregados de educa\u00e7\u00e3o que as ajudam.<\/p>","protected":false},"excerpt":{"rendered":"<p>Sorry, this entry is only available in Portugu\u00eas.&nbsp; O Munic\u00edpio de \u00c9vora possibilitou, a partir desta semana (8 de Fevereiro), a todos os alunos do 1\u00ba ciclo continuarem a usufruir das Atividades de Enriquecimento Curricular (AEC\u2019s), atrav\u00e9s de duas sess\u00f5es simult\u00e2neas, a partir das plataformas dos Agrupamentos de Escolas.\u00a0\u00a0 A C\u00e2mara Municipal de \u00c9vora, enquanto [&hellip;]<\/p>\n","protected":false},"author":46,"featured_media":20766,"comment_status":"closed","ping_status":"closed","sticky":false,"template":"","format":"standard","meta":{"_acf_changed":false,"footnotes":""},"categories":[2110],"tags":[],"class_list":["post-20764","post","type-post","status-publish","format-standard","has-post-thumbnail","hentry","category-noticias"],"acf":{"imagens":"","destaq_image":20766,"titulo_docs_seccao":"","documentos":""},"_links":{"self":[{"href":"https:\/\/www.cm-evora.pt\/en\/wp-json\/wp\/v2\/posts\/20764","targetHints":{"allow":["GET"]}}],"collection":[{"href":"https:\/\/www.cm-evora.pt\/en\/wp-json\/wp\/v2\/posts"}],"about":[{"href":"https:\/\/www.cm-evora.pt\/en\/wp-json\/wp\/v2\/types\/post"}],"author":[{"embeddable":true,"href":"https:\/\/www.cm-evora.pt\/en\/wp-json\/wp\/v2\/users\/46"}],"replies":[{"embeddable":true,"href":"https:\/\/www.cm-evora.pt\/en\/wp-json\/wp\/v2\/comments?post=20764"}],"version-history":[{"count":2,"href":"https:\/\/www.cm-evora.pt\/en\/wp-json\/wp\/v2\/posts\/20764\/revisions"}],"predecessor-version":[{"id":20769,"href":"https:\/\/www.cm-evora.pt\/en\/wp-json\/wp\/v2\/posts\/20764\/revisions\/20769"}],"wp:featuredmedia":[{"embeddable":true,"href":"https:\/\/www.cm-evora.pt\/en\/wp-json\/wp\/v2\/media\/20766"}],"wp:attachment":[{"href":"https:\/\/www.cm-evora.pt\/en\/wp-json\/wp\/v2\/media?parent=20764"}],"wp:term":[{"taxonomy":"category","embeddable":true,"href":"https:\/\/www.cm-evora.pt\/en\/wp-json\/wp\/v2\/categories?post=20764"},{"taxonomy":"post_tag","embeddable":true,"href":"https:\/\/www.cm-evora.pt\/en\/wp-json\/wp\/v2\/tags?post=20764"}],"curies":[{"name":"wp","href":"https:\/\/api.w.org\/{rel}","templated":true}]}}