{"id":20855,"date":"2021-02-11T17:32:51","date_gmt":"2021-02-11T17:32:51","guid":{"rendered":"https:\/\/www.cm-evora.pt\/?p=20855"},"modified":"2021-07-06T12:14:46","modified_gmt":"2021-07-06T11:14:46","slug":"carnaval-de-evora-12-de-fevereiro-de-2021","status":"publish","type":"post","link":"https:\/\/www.cm-evora.pt\/en\/carnaval-de-evora-12-de-fevereiro-de-2021\/","title":{"rendered":"(Portugu\u00eas) Carnaval de \u00c9vora \u2013 12 de fevereiro de 2021"},"content":{"rendered":"<p class=\"qtranxs-available-languages-message qtranxs-available-languages-message-en\">Sorry, this entry is only available in <a href=\"https:\/\/www.cm-evora.pt\/pt\/wp-json\/wp\/v2\/posts\/20855\" class=\"qtranxs-available-language-link qtranxs-available-language-link-pt\" title=\"Portugu\u00eas\">Portugu\u00eas<\/a>.<\/p><p>O tradicional desfile de Carnaval das institui\u00e7\u00f5es educativas e sociais n\u00e3o se ir\u00e1 realizar devido \u00e0 situa\u00e7\u00e3o pand\u00e9mica atual. De forma a n\u00e3o deixar passar esta data em branco junto das crian\u00e7as, a C\u00e2mara Municipal de \u00c9vora assinala o Carnaval 2021 com atividades online na p\u00e1gina de facebook \u00c9vora Cidade Educadora.<\/p>\n<p>Vamos lan\u00e7ar a 4\u00aa edi\u00e7\u00e3o do jogo 1,2,3 GIRA OUTRA VEZ &#8211; Especial Carnaval.<\/p>\n<p>A Biblioteca Itinerante Loja dos Sonhos e a Ludoteca sugerem atividades divertidas, coloridas e amigas do ambiente, para serem realizadas em fam\u00edlia nestes dias de Carnaval. Trava l\u00ednguas, jogo de labirinto, pinturas faciais, chap\u00e9us reciclados ou confetis ecol\u00f3gicos s\u00e3o algumas das sugest\u00f5es apresentadas.<\/p>\n<p>O jogo pode realizado de forma online ou pode ser impresso e jogado em fam\u00edlia, proporcionando momentos de divers\u00e3o.<\/p>\n<p>Contamos, ainda, com uma oficina de constru\u00e7\u00e3o tradicional \u201cVamos construir um cabe\u00e7udo?\u201d.<\/p>\n<p>Atrav\u00e9s da oficina vamos fazer uma breve alus\u00e3o ao Carnaval\/Entrudo Tradicional portugu\u00eas (Brincas de Carnaval, Caretos e Cabe\u00e7udos) e vamos partilhar convosco como se constr\u00f3i um cabe\u00e7udo.<\/p>\n<p>Lan\u00e7amos-vos o desafio de constru\u00edrem os vossos mini cabe\u00e7udos em casa com recursos a materiais reutiliz\u00e1veis. Partilhem connosco o resultado\u2026 n\u00e3o h\u00e1 limites para a criatividade!<\/p>\n<p>Podem enviar-nos os vossos trabalhos atrav\u00e9s fotografias, v\u00eddeos ou desenhos para o email <a href=\"mailto:cme.deis@cm-evora.pt\" target=\"_blank\" rel=\"noopener noreferrer\">cme.deis@cm-evora.pt<\/a> e devem indicar o nome, morada e um n\u00ba de contacto.<\/p>\n<p>Divirtam-te, protejam-se e fiquem em casa!<\/p>","protected":false},"excerpt":{"rendered":"<p>Sorry, this entry is only available in Portugu\u00eas.O tradicional desfile de Carnaval das institui\u00e7\u00f5es educativas e sociais n\u00e3o se ir\u00e1 realizar devido \u00e0 situa\u00e7\u00e3o pand\u00e9mica atual. De forma a n\u00e3o deixar passar esta data em branco junto das crian\u00e7as, a C\u00e2mara Municipal de \u00c9vora assinala o Carnaval 2021 com atividades online na p\u00e1gina de facebook [&hellip;]<\/p>\n","protected":false},"author":45,"featured_media":20859,"comment_status":"closed","ping_status":"closed","sticky":false,"template":"","format":"standard","meta":{"_acf_changed":false,"footnotes":""},"categories":[2110],"tags":[],"class_list":["post-20855","post","type-post","status-publish","format-standard","has-post-thumbnail","hentry","category-noticias"],"acf":{"imagens":"","destaq_image":20859,"titulo_docs_seccao":"","documentos":""},"_links":{"self":[{"href":"https:\/\/www.cm-evora.pt\/en\/wp-json\/wp\/v2\/posts\/20855","targetHints":{"allow":["GET"]}}],"collection":[{"href":"https:\/\/www.cm-evora.pt\/en\/wp-json\/wp\/v2\/posts"}],"about":[{"href":"https:\/\/www.cm-evora.pt\/en\/wp-json\/wp\/v2\/types\/post"}],"author":[{"embeddable":true,"href":"https:\/\/www.cm-evora.pt\/en\/wp-json\/wp\/v2\/users\/45"}],"replies":[{"embeddable":true,"href":"https:\/\/www.cm-evora.pt\/en\/wp-json\/wp\/v2\/comments?post=20855"}],"version-history":[{"count":5,"href":"https:\/\/www.cm-evora.pt\/en\/wp-json\/wp\/v2\/posts\/20855\/revisions"}],"predecessor-version":[{"id":20867,"href":"https:\/\/www.cm-evora.pt\/en\/wp-json\/wp\/v2\/posts\/20855\/revisions\/20867"}],"wp:featuredmedia":[{"embeddable":true,"href":"https:\/\/www.cm-evora.pt\/en\/wp-json\/wp\/v2\/media\/20859"}],"wp:attachment":[{"href":"https:\/\/www.cm-evora.pt\/en\/wp-json\/wp\/v2\/media?parent=20855"}],"wp:term":[{"taxonomy":"category","embeddable":true,"href":"https:\/\/www.cm-evora.pt\/en\/wp-json\/wp\/v2\/categories?post=20855"},{"taxonomy":"post_tag","embeddable":true,"href":"https:\/\/www.cm-evora.pt\/en\/wp-json\/wp\/v2\/tags?post=20855"}],"curies":[{"name":"wp","href":"https:\/\/api.w.org\/{rel}","templated":true}]}}