{"id":20888,"date":"2021-02-12T15:30:40","date_gmt":"2021-02-12T15:30:40","guid":{"rendered":"https:\/\/www.cm-evora.pt\/?p=20888"},"modified":"2021-07-06T12:15:11","modified_gmt":"2021-07-06T11:15:11","slug":"investimento-municipal-em-habitacao-social","status":"publish","type":"post","link":"https:\/\/www.cm-evora.pt\/en\/investimento-municipal-em-habitacao-social\/","title":{"rendered":"(Portugu\u00eas) 141 habita\u00e7\u00f5es atribu\u00eddas, 1.23 Milh\u00f5es em obras de reabilita\u00e7\u00e3o"},"content":{"rendered":"<p class=\"qtranxs-available-languages-message qtranxs-available-languages-message-en\">Sorry, this entry is only available in <a href=\"https:\/\/www.cm-evora.pt\/pt\/wp-json\/wp\/v2\/posts\/20888\" class=\"qtranxs-available-language-link qtranxs-available-language-link-pt\" title=\"Portugu\u00eas\">Portugu\u00eas<\/a>.<\/p><p><strong>Investimento Municipal em Habita\u00e7\u00e3o Social traduz-se em 141 habita\u00e7\u00f5es atribu\u00eddas, 1.23 Milh\u00f5es em obras de reabilita\u00e7\u00e3o, 1.54 Milh\u00f5es em candidaturas e 63 Milh\u00f5es provisionais garantidos para combater os problemas habitacionais no concelho.<\/strong><\/p>\n<p><strong>\u00a0<\/strong>Entre 2013 e 2020, a Hab\u00e9vora, empresa municipal que tem como objeto social a promo\u00e7\u00e3o e gest\u00e3o da habita\u00e7\u00e3o social no concelho de \u00c9vora, efetuou um investimento total de\u00a0<strong>1.230.136,69 \u20ac<\/strong>\u00a0em obras correntes e de reabilita\u00e7\u00e3o de habita\u00e7\u00f5es para concursos de atribui\u00e7\u00e3o, tendo atribu\u00eddo\u00a0<strong>141<\/strong>\u00a0habita\u00e7\u00f5es.<\/p>\n<p>No mesmo per\u00edodo, a Hab\u00e9vora apresentou 3 candidaturas para financiamento de reabilita\u00e7\u00e3o de habita\u00e7\u00f5es degradadas e ou emparedadas, que est\u00e3o em curso ou prestes a come\u00e7ar:<\/p>\n<ul>\n<li><strong>Reabilita\u00e7\u00e3o das habita\u00e7\u00f5es do<\/strong><strong>Bairro das Corunheiras (35 habita\u00e7\u00f5es)<\/strong>\u00a0&#8211; investimento total\u00a0<strong>501.076,37<\/strong>\u20ac\u00a0<strong>&#8211;\u00a0<\/strong>em fase de adjudica\u00e7\u00e3o da empreitada.<\/li>\n<li><strong>Reabilita\u00e7\u00e3o integral de dois edif\u00edcios de habita\u00e7\u00e3o tipologia T5, no Bairro da Malagueira, Rua das Duas \u00c1rvores, n.\u00ba1 e 3\u00a0<\/strong>\u2013\u00a0edif\u00edcios<u> devolutos\/emparedados desde 2006<\/u>\u2013 investimento total \u00a0<strong>de 154.257,06\u20ac<\/strong>\u00a0&#8211; Opera\u00e7\u00e3o conclu\u00edda;<\/li>\n<li><strong>Reabilita\u00e7\u00e3o integral de 12 edif\u00edcios de tipologia T3 e T4, no Bairro da Malagueira, Rua do Rochedo e Rua das Doze Casas em \u00c9vora\u00a0<\/strong>\u2013\u00a0<u>edif\u00edcios devolutos\/emparedados desde 2006<\/u>&#8211; investimento total de\u00a0<strong>886.794,04\u20ac &#8211;\u00a0<\/strong>em fase de Concurso P\u00fablico.<\/li>\n<\/ul>\n<p>Foi, sem qualquer margem para d\u00favidas, a positiva evolu\u00e7\u00e3o das contas municipais, neste e no anterior mandato aut\u00e1rquico, recuperando-se da situa\u00e7\u00e3o de fal\u00eancia t\u00e9cnica encontrada em 2013 (D\u00edvida de 95.000.000\u20ac; despacho do Governo [n.\u00ba 4507\/2013, de 7 de mar\u00e7o] declarando o Munic\u00edpio em &#8220;desequil\u00edbrio financeiro estrutural\u201d), que permitiu avan\u00e7ar com estas importantes interven\u00e7\u00f5es, rompendo com os cr\u00f3nicos \u201cm\u00ednimos hist\u00f3ricos\u201d de investimento legados.<\/p>\n<p>Adicionalmente foi a implementa\u00e7\u00e3o de uma cultura de servi\u00e7o p\u00fablico, trabalho e planeamento que permitiu atingir tais resultados.<\/p>\n<p>Estrategicamente, a C\u00e2mara Municipal de \u00c9vora foi a 5\u00ba do Pa\u00eds a elaborar e aprovar um Plano Local de Habita\u00e7\u00e3o e a primeira a come\u00e7ar a executar o subsequente Acordo de Colabora\u00e7\u00e3o assinado com o Instituto de Habita\u00e7\u00e3o e Reabilita\u00e7\u00e3o Urbana (IHRU), que garantiu um investimento total previsional de\u00a0<strong>63 706\u00a0912\u20ac<\/strong>, que permitir\u00e1 \u00e0 Autarquia combater os problemas habitacionais no concelho.<\/p>\n<p>Esta forte aposta expressa-se tamb\u00e9m na aprova\u00e7\u00e3o, em julho de 2020, da altera\u00e7\u00e3o da Estrutura dos Servi\u00e7os do Munic\u00edpio de \u00c9vora, com a cria\u00e7\u00e3o da Unidade de Habita\u00e7\u00e3o e Reabilita\u00e7\u00e3o Urbana, que dar\u00e1 corpo t\u00e9cnico \u00e0 concretiza\u00e7\u00e3o da Estrat\u00e9gia Local de Habita\u00e7\u00e3o.<\/p>\n<p>Recorde-se que o artigo 65\u00ba da Constitui\u00e7\u00e3o da Rep\u00fablica Portuguesa determina que incumbe ao Estado &#8220;Programar e executar uma pol\u00edtica de habita\u00e7\u00e3o inserida em planos de ordenamento geral do territ\u00f3rio e apoiada em planos de urbaniza\u00e7\u00e3o&#8221;. No entanto, ainda recentemente, em sede de discuss\u00e3o do Or\u00e7amento de Estado para o ano de 2021, foram chumbadas v\u00e1rias propostas, nomeadamente a disponibiliza\u00e7\u00e3o do patrim\u00f3nio edificado p\u00fablico para habita\u00e7\u00e3o p\u00fablica com renda apoiada ou condicionada, ou para o aumento de oferta da habita\u00e7\u00e3o social, e tamb\u00e9m a consigna\u00e7\u00e3o de receita de IRS ao Instituto da Habita\u00e7\u00e3o e da Reabilita\u00e7\u00e3o Urbana.<\/p>\n<p>Deste modo, e apesar de alguns avan\u00e7os positivos ao n\u00edvel da chamada \u201cNova Gera\u00e7\u00e3o de Pol\u00edticas de Habita\u00e7\u00e3o\u201d, em particular do \u201cPrograma 1.\u00aa Direito\u201d, que visa a promo\u00e7\u00e3o de um parque habitacional p\u00fablico a custos acess\u00edveis, o \u00f3nus da prossecu\u00e7\u00e3o do direito Constitucional a uma habita\u00e7\u00e3o condigna ainda recai, recorrentemente, nos Munic\u00edpios, cujos recursos e meios muito dificilmente se coadunam com uma ampla, c\u00e9lere e eficaz resposta a t\u00e3o grave problem\u00e1tica.<\/p>\n<p>A Autarquia continuar\u00e1 a prossecu\u00e7\u00e3o do trabalho desenvolvido e continuar\u00e1 a ouvir os cidad\u00e3os e a trabalhar para enfrentar o longo caminho que ainda \u00e9 necess\u00e1rio percorrer.<\/p>","protected":false},"excerpt":{"rendered":"<p>Sorry, this entry is only available in Portugu\u00eas.Investimento Municipal em Habita\u00e7\u00e3o Social traduz-se em 141 habita\u00e7\u00f5es atribu\u00eddas, 1.23 Milh\u00f5es em obras de reabilita\u00e7\u00e3o, 1.54 Milh\u00f5es em candidaturas e 63 Milh\u00f5es provisionais garantidos para combater os problemas habitacionais no concelho. \u00a0Entre 2013 e 2020, a Hab\u00e9vora, empresa municipal que tem como objeto social a promo\u00e7\u00e3o e [&hellip;]<\/p>\n","protected":false},"author":46,"featured_media":20889,"comment_status":"closed","ping_status":"closed","sticky":false,"template":"","format":"standard","meta":{"_acf_changed":false,"footnotes":""},"categories":[2110],"tags":[],"class_list":["post-20888","post","type-post","status-publish","format-standard","has-post-thumbnail","hentry","category-noticias"],"acf":{"imagens":"","destaq_image":20889,"titulo_docs_seccao":"","documentos":""},"_links":{"self":[{"href":"https:\/\/www.cm-evora.pt\/en\/wp-json\/wp\/v2\/posts\/20888","targetHints":{"allow":["GET"]}}],"collection":[{"href":"https:\/\/www.cm-evora.pt\/en\/wp-json\/wp\/v2\/posts"}],"about":[{"href":"https:\/\/www.cm-evora.pt\/en\/wp-json\/wp\/v2\/types\/post"}],"author":[{"embeddable":true,"href":"https:\/\/www.cm-evora.pt\/en\/wp-json\/wp\/v2\/users\/46"}],"replies":[{"embeddable":true,"href":"https:\/\/www.cm-evora.pt\/en\/wp-json\/wp\/v2\/comments?post=20888"}],"version-history":[{"count":2,"href":"https:\/\/www.cm-evora.pt\/en\/wp-json\/wp\/v2\/posts\/20888\/revisions"}],"predecessor-version":[{"id":20891,"href":"https:\/\/www.cm-evora.pt\/en\/wp-json\/wp\/v2\/posts\/20888\/revisions\/20891"}],"wp:featuredmedia":[{"embeddable":true,"href":"https:\/\/www.cm-evora.pt\/en\/wp-json\/wp\/v2\/media\/20889"}],"wp:attachment":[{"href":"https:\/\/www.cm-evora.pt\/en\/wp-json\/wp\/v2\/media?parent=20888"}],"wp:term":[{"taxonomy":"category","embeddable":true,"href":"https:\/\/www.cm-evora.pt\/en\/wp-json\/wp\/v2\/categories?post=20888"},{"taxonomy":"post_tag","embeddable":true,"href":"https:\/\/www.cm-evora.pt\/en\/wp-json\/wp\/v2\/tags?post=20888"}],"curies":[{"name":"wp","href":"https:\/\/api.w.org\/{rel}","templated":true}]}}