{"id":21033,"date":"2021-02-19T09:39:14","date_gmt":"2021-02-19T09:39:14","guid":{"rendered":"https:\/\/www.cm-evora.pt\/?p=21033"},"modified":"2021-07-06T13:50:36","modified_gmt":"2021-07-06T12:50:36","slug":"sessao-da-assembleia-municipal-de-evora-realiza-se-por-video-conferencia","status":"publish","type":"post","link":"https:\/\/www.cm-evora.pt\/en\/sessao-da-assembleia-municipal-de-evora-realiza-se-por-video-conferencia\/","title":{"rendered":"(Portugu\u00eas) Sess\u00e3o da Assembleia Municipal de \u00c9vora realiza-se por v\u00eddeo-confer\u00eancia"},"content":{"rendered":"<p class=\"qtranxs-available-languages-message qtranxs-available-languages-message-en\">Sorry, this entry is only available in <a href=\"https:\/\/www.cm-evora.pt\/pt\/wp-json\/wp\/v2\/posts\/21033\" class=\"qtranxs-available-language-link qtranxs-available-language-link-pt\" title=\"Portugu\u00eas\">Portugu\u00eas<\/a>.<\/p><p><strong>A Assembleia Municipal de \u00c9vora realiza a sua primeira sess\u00e3o ordin\u00e1ria de 2021 no dia 26 de Fevereiro, a partir das 20 horas, por v\u00eddeo-confer\u00eancia. <\/strong><\/p>\n<p><strong><em>Solicita-se a todos os cidad\u00e3os que pretendam intervir na sess\u00e3o a inscri\u00e7\u00e3o pr\u00e9via, atrav\u00e9s do telefone 266 777 000, at\u00e9 \u00e0s 16 horas do dia 22 de Fevereiro de 2021, sendo-lhes enviado por correio electr\u00f3nico uma liga\u00e7\u00e3o de acesso. Todos os mun\u00edcipes poder\u00e3o acompanhar a sess\u00e3o atrav\u00e9s do Youtube em <\/em><\/strong><strong><a href=\"https:\/\/youtu.be\/Oi3aEuMvAMI\">https:\/\/youtu.be\/Oi3aEuMvAMI<\/a><\/strong><\/p>\n<p>Os pontos da tratar na Ordem do Dia ser\u00e3o os seguintes:<\/p>\n<ol>\n<li>9\u00ba Relat\u00f3rio Semestral do plano de Saneamento Financeiro \/ dezembro de 2020<\/li>\n<li>Aprova\u00e7\u00e3o do Mapa de Fluxos de Caixa e Proposta de Altera\u00e7\u00e3o Or\u00e7amental Modificativa aos Documentos Provisionais \/ integra\u00e7\u00e3o do Saldo de Ger\u00eancia<\/li>\n<li>Proposta de altera\u00e7\u00e3o ao Regulamento Municipal das Zonas de Estacionamento<\/li>\n<li>Lei dos Compromissos e dos Pagamentos em Atraso (LCPA) \u2013 Envio de declara\u00e7\u00f5es (para conhecimento)<\/li>\n<\/ol>\n<p>05. Informa\u00e7\u00e3o do Presidente da CME acerca da atividade do Munic\u00edpio, bem como da situa\u00e7\u00e3o financeira do mesmo (para conhecimento)<\/p>","protected":false},"excerpt":{"rendered":"<p>Sorry, this entry is only available in Portugu\u00eas.A Assembleia Municipal de \u00c9vora realiza a sua primeira sess\u00e3o ordin\u00e1ria de 2021 no dia 26 de Fevereiro, a partir das 20 horas, por v\u00eddeo-confer\u00eancia. Solicita-se a todos os cidad\u00e3os que pretendam intervir na sess\u00e3o a inscri\u00e7\u00e3o pr\u00e9via, atrav\u00e9s do telefone 266 777 000, at\u00e9 \u00e0s 16 horas [&hellip;]<\/p>\n","protected":false},"author":46,"featured_media":21034,"comment_status":"closed","ping_status":"closed","sticky":false,"template":"","format":"standard","meta":{"_acf_changed":false,"footnotes":""},"categories":[2110],"tags":[],"class_list":["post-21033","post","type-post","status-publish","format-standard","has-post-thumbnail","hentry","category-noticias"],"acf":{"imagens":"","destaq_image":21034,"titulo_docs_seccao":"","documentos":""},"_links":{"self":[{"href":"https:\/\/www.cm-evora.pt\/en\/wp-json\/wp\/v2\/posts\/21033","targetHints":{"allow":["GET"]}}],"collection":[{"href":"https:\/\/www.cm-evora.pt\/en\/wp-json\/wp\/v2\/posts"}],"about":[{"href":"https:\/\/www.cm-evora.pt\/en\/wp-json\/wp\/v2\/types\/post"}],"author":[{"embeddable":true,"href":"https:\/\/www.cm-evora.pt\/en\/wp-json\/wp\/v2\/users\/46"}],"replies":[{"embeddable":true,"href":"https:\/\/www.cm-evora.pt\/en\/wp-json\/wp\/v2\/comments?post=21033"}],"version-history":[{"count":1,"href":"https:\/\/www.cm-evora.pt\/en\/wp-json\/wp\/v2\/posts\/21033\/revisions"}],"predecessor-version":[{"id":21035,"href":"https:\/\/www.cm-evora.pt\/en\/wp-json\/wp\/v2\/posts\/21033\/revisions\/21035"}],"wp:featuredmedia":[{"embeddable":true,"href":"https:\/\/www.cm-evora.pt\/en\/wp-json\/wp\/v2\/media\/21034"}],"wp:attachment":[{"href":"https:\/\/www.cm-evora.pt\/en\/wp-json\/wp\/v2\/media?parent=21033"}],"wp:term":[{"taxonomy":"category","embeddable":true,"href":"https:\/\/www.cm-evora.pt\/en\/wp-json\/wp\/v2\/categories?post=21033"},{"taxonomy":"post_tag","embeddable":true,"href":"https:\/\/www.cm-evora.pt\/en\/wp-json\/wp\/v2\/tags?post=21033"}],"curies":[{"name":"wp","href":"https:\/\/api.w.org\/{rel}","templated":true}]}}