{"id":21120,"date":"2021-02-23T14:28:21","date_gmt":"2021-02-23T14:28:21","guid":{"rendered":"https:\/\/www.cm-evora.pt\/?p=21120"},"modified":"2021-07-06T13:51:33","modified_gmt":"2021-07-06T12:51:33","slug":"fase-municipal-do-concurso-nacional-de-leitura-reagendada-para-marco","status":"publish","type":"post","link":"https:\/\/www.cm-evora.pt\/en\/fase-municipal-do-concurso-nacional-de-leitura-reagendada-para-marco\/","title":{"rendered":"(Portugu\u00eas) Fase Municipal do Concurso Nacional de Leitura reagendada para Mar\u00e7o"},"content":{"rendered":"<p class=\"qtranxs-available-languages-message qtranxs-available-languages-message-en\">Sorry, this entry is only available in <a href=\"https:\/\/www.cm-evora.pt\/pt\/wp-json\/wp\/v2\/posts\/21120\" class=\"qtranxs-available-language-link qtranxs-available-language-link-pt\" title=\"Portugu\u00eas\">Portugu\u00eas<\/a>.<\/p><p><strong>A Fase Municipal do 14\u00ba Concurso Nacional de Leitura foi reagendada para o dia 2 de Mar\u00e7o de 2021, a partir das 10:30 horas. <\/strong>Uma decis\u00e3o motivada pela pandemia e, posteriormente, pela pausa nas atividades letivas.<\/p>\n<p>Refira-se que o concurso dirige-se aos alunos do 2\u00ba e 3\u00ba ciclos do ensino b\u00e1sico do concelho de \u00c9vora, os quais foram apurados na fase de Escola. A Fase Municipal, em que participam 12 alunos, visa apurar os\u00a0melhores (3 de cada n\u00edvel de ensino) para representar o concelho na fase intermunicipal em Portel.<\/p>\n<p>Este ano, os alunos receber\u00e3o a prova por correio eletr\u00f3nico e realizam-na todos em simult\u00e2neo, entre as 10:30 e as 10:55 horas, remetendo-a depois ao j\u00fari que far\u00e1 a avalia\u00e7\u00e3o e dar\u00e1 os resultados por videoconfer\u00eancia.<\/p>\n<p>O Concurso Nacional de Leitura de 2020\/2021 tem como objetivo central estimular o gosto e o prazer da leitura para melhorar o dom\u00ednio da l\u00edngua portuguesa, a compreens\u00e3o e os h\u00e1bitos de leitura.<\/p>\n<p>A fase municipal \u00e9 organizada pela C\u00e2mara Municipal de \u00c9vora em parceria com os Agrupamentos de Escolas Manuel Ferreira Patr\u00edcio, Gabriel Pereira, Severim de Faria, Andr\u00e9 de Gouveia e a Rede Interconcelhia de Bibliotecas Escolares. Tanto o Munic\u00edpio como os Agrupamentos de Escolas de \u00c9vora pretendem, deste modo, motivar e incentivar os seus alunos \u00e0 leitura.<\/p>","protected":false},"excerpt":{"rendered":"<p>Sorry, this entry is only available in Portugu\u00eas.A Fase Municipal do 14\u00ba Concurso Nacional de Leitura foi reagendada para o dia 2 de Mar\u00e7o de 2021, a partir das 10:30 horas. Uma decis\u00e3o motivada pela pandemia e, posteriormente, pela pausa nas atividades letivas. Refira-se que o concurso dirige-se aos alunos do 2\u00ba e 3\u00ba ciclos [&hellip;]<\/p>\n","protected":false},"author":46,"featured_media":21122,"comment_status":"closed","ping_status":"closed","sticky":false,"template":"","format":"standard","meta":{"_acf_changed":false,"footnotes":""},"categories":[2110],"tags":[],"class_list":["post-21120","post","type-post","status-publish","format-standard","has-post-thumbnail","hentry","category-noticias"],"acf":{"imagens":"","destaq_image":21122,"titulo_docs_seccao":"","documentos":""},"_links":{"self":[{"href":"https:\/\/www.cm-evora.pt\/en\/wp-json\/wp\/v2\/posts\/21120","targetHints":{"allow":["GET"]}}],"collection":[{"href":"https:\/\/www.cm-evora.pt\/en\/wp-json\/wp\/v2\/posts"}],"about":[{"href":"https:\/\/www.cm-evora.pt\/en\/wp-json\/wp\/v2\/types\/post"}],"author":[{"embeddable":true,"href":"https:\/\/www.cm-evora.pt\/en\/wp-json\/wp\/v2\/users\/46"}],"replies":[{"embeddable":true,"href":"https:\/\/www.cm-evora.pt\/en\/wp-json\/wp\/v2\/comments?post=21120"}],"version-history":[{"count":1,"href":"https:\/\/www.cm-evora.pt\/en\/wp-json\/wp\/v2\/posts\/21120\/revisions"}],"predecessor-version":[{"id":21123,"href":"https:\/\/www.cm-evora.pt\/en\/wp-json\/wp\/v2\/posts\/21120\/revisions\/21123"}],"wp:featuredmedia":[{"embeddable":true,"href":"https:\/\/www.cm-evora.pt\/en\/wp-json\/wp\/v2\/media\/21122"}],"wp:attachment":[{"href":"https:\/\/www.cm-evora.pt\/en\/wp-json\/wp\/v2\/media?parent=21120"}],"wp:term":[{"taxonomy":"category","embeddable":true,"href":"https:\/\/www.cm-evora.pt\/en\/wp-json\/wp\/v2\/categories?post=21120"},{"taxonomy":"post_tag","embeddable":true,"href":"https:\/\/www.cm-evora.pt\/en\/wp-json\/wp\/v2\/tags?post=21120"}],"curies":[{"name":"wp","href":"https:\/\/api.w.org\/{rel}","templated":true}]}}