{"id":21244,"date":"2021-02-26T16:23:31","date_gmt":"2021-02-26T16:23:31","guid":{"rendered":"https:\/\/www.cm-evora.pt\/?p=21244"},"modified":"2021-07-06T13:54:39","modified_gmt":"2021-07-06T12:54:39","slug":"em-reuniao-publica-de-24-02-camara-saudou-a-reducao-do-custo-dos-passes-ferroviarios-entre-o-alentejo-central-e-a-area-metropolitana-de-lisboa","status":"publish","type":"post","link":"https:\/\/www.cm-evora.pt\/en\/em-reuniao-publica-de-24-02-camara-saudou-a-reducao-do-custo-dos-passes-ferroviarios-entre-o-alentejo-central-e-a-area-metropolitana-de-lisboa\/","title":{"rendered":"(Portugu\u00eas) Em reuni\u00e3o p\u00fablica de 24\/02 C\u00e2mara saudou a redu\u00e7\u00e3o do custo dos passes ferrovi\u00e1rios entre o Alentejo Central e a \u00c1rea Metropolitana de Lisboa"},"content":{"rendered":"<p class=\"qtranxs-available-languages-message qtranxs-available-languages-message-en\">Sorry, this entry is only available in <a href=\"https:\/\/www.cm-evora.pt\/pt\/wp-json\/wp\/v2\/posts\/21244\" class=\"qtranxs-available-language-link qtranxs-available-language-link-pt\" title=\"Portugu\u00eas\">Portugu\u00eas<\/a>.<\/p><p>O Presidente da C\u00e2mara Municipal de \u00c9vora, Carlos Pinto de S\u00e1, deu conhecimento do \u00eaxito que teve o conjunto de dilig\u00eancias feitas para que o custo dos passes ferrovi\u00e1rios baixasse nos concelhos servidos pela linha ferrovi\u00e1ria Lisboa\/\u00c9vora. Recorde-se que este desconto estava previsto somente para Vendas Novas, como indicava a proposta da CP &#8211; Comboios de Portugal dirigida \u00e0 CIMAC &#8211; Comunidade Intermunicipal do Alentejo Central, no \u00e2mbito do PART &#8211; Programa de Apoio \u00e0 Redu\u00e7\u00e3o Tarif\u00e1ria nos Transportes P\u00fablicos.<\/p>\n<p>Agora os utentes de \u00c9vora, Montemor-o-Novo, Viana do Alentejo e Vendas Novas poder\u00e3o vir a beneficiar de um desconto de 40% nos seus passes mensais. Uma medida considerada de significativa import\u00e2ncia para a mobilidade entre o Alentejo Central e a \u00c1rea Metropolitana de Lisboa.<\/p>\n<p>Nesta reuni\u00e3o, Carlos Pinto de S\u00e1 informou que, apesar da pandemia, se prev\u00eaem diversos investimentos de expans\u00e3o em \u00c9vora, com a cria\u00e7\u00e3o de dezenas de postos de trabalho, nomeadamente nas empresas Tyco Electronics e Mecachrome e, ainda, novos investimentos a ter lugar no Aer\u00f3dromo Municipal.<\/p>\n<p>O autarca fez tamb\u00e9m o ponto de situa\u00e7\u00e3o da pandemia, informando que o Concelho j\u00e1 est\u00e1 no risco moderado, contando ainda com 3 surtos, mas sem preocupa\u00e7\u00e3o acrescida. Informou que o Estado portugu\u00eas est\u00e1 a receber menos vacinas que as contratadas, pelo que o Plano Nacional de Vacina\u00e7\u00e3o sofre atrasos. Prev\u00ea-se que s\u00f3 em Setembro se atinja a imunidade de grupo, o que levar\u00e1 a que, entre outros eventos, a edi\u00e7\u00e3o de 2021 da Feira de S. Jo\u00e3o provavelmente n\u00e3o se possa realizar.<\/p>\n<p>A Arena de \u00c9vora foi cedida para Centro de Vacina\u00e7\u00e3o Concelhio, tendo o trabalho sido iniciado pela vacina\u00e7\u00e3o de bombeiros e for\u00e7as de seguran\u00e7a. Nos pr\u00f3ximos dias, come\u00e7ar\u00e1 a vacina\u00e7\u00e3o da popula\u00e7\u00e3o consoante as prioridades estabelecidas pelas autoridades sanit\u00e1rias.<\/p>\n<p>A Vereadora Sara Fernandes, em nome dos eleitos pela CDU, manifestou preocupa\u00e7\u00e3o pela abertura de apenas 3 lugares no concurso para recrutamento de enfermeiros lan\u00e7ado pela Administra\u00e7\u00e3o Regional de Sa\u00fade do Alentejo, quando h\u00e1, pelo menos, 22 enfermeiros a trabalhar em situa\u00e7\u00e3o prec\u00e1ria. Considerou que esta decis\u00e3o fica muito aqu\u00e9m das necessidades do Servi\u00e7o Nacional de Sa\u00fade e n\u00e3o se compreende quando h\u00e1 tanta falta de enfermeiros.<\/p>\n<p>A Vereadora Sara Dimas Fernandes felicitou os Professores da Universidade de \u00c9vora, Paulo Quaresma e Teresa Pinto Correia, pelos seus novos cargos nacionais de relev\u00e2ncia. Teresa Pinto Correia, Professora do Departamento de Paisagem, Ambiente e Ordenamento da Universidade de \u00c9vora e Diretora do Instituto Mediterr\u00e2neo para Agricultura, Ambiente e Desenvolvimento foi nomeada para membro do Conselho Nacional de Ci\u00eancia, Tecnologia e Inova\u00e7\u00e3o. Paulo Quaresma, Professor do Departamento de Inform\u00e1tica da Universidade de \u00c9vora assumiu, no dia 15 de Fevereiro, o cargo de vogal do Conselho Diretivo da Funda\u00e7\u00e3o para a Ci\u00eancia e a Tecnologia.<\/p>\n<p>O Vereador Ant\u00f3nio Costa da Silva deixou tamb\u00e9m uma nota de felicita\u00e7\u00e3o pela qualifica\u00e7\u00e3o do atleta eborense Jos\u00e9 Cabe\u00e7a na prova de esqui de fundo (10 quil\u00f3metros, estilo livre) no Campeonato do Mundo de Esqui N\u00f3rdico (Alemanha), classifica\u00e7\u00e3o que lhe abre portas para a representa\u00e7\u00e3o de Portugal nos Jogos Ol\u00edmpicos de Inverno.<\/p>\n<p>Foram aprovados, o Projeto de Requalifica\u00e7\u00e3o da Ludoteca (com a absten\u00e7\u00e3o dos Vereadores do PS), situada no Parque Infantil Almeida Margiochi e o Protocolo de Coopera\u00e7\u00e3o entre o Munic\u00edpio de \u00c9vora e o Grupo Pro-\u00c9vora (por unanimidade) tendo em vista a elabora\u00e7\u00e3o e execu\u00e7\u00e3o de projeto de arquitetura paisagista para o Cromeleque e o Menir dos Almendres bem como a sua envolvente.<\/p>","protected":false},"excerpt":{"rendered":"<p>Sorry, this entry is only available in Portugu\u00eas.O Presidente da C\u00e2mara Municipal de \u00c9vora, Carlos Pinto de S\u00e1, deu conhecimento do \u00eaxito que teve o conjunto de dilig\u00eancias feitas para que o custo dos passes ferrovi\u00e1rios baixasse nos concelhos servidos pela linha ferrovi\u00e1ria Lisboa\/\u00c9vora. Recorde-se que este desconto estava previsto somente para Vendas Novas, como [&hellip;]<\/p>\n","protected":false},"author":46,"featured_media":20708,"comment_status":"closed","ping_status":"closed","sticky":false,"template":"","format":"standard","meta":{"_acf_changed":false,"footnotes":""},"categories":[2110],"tags":[],"class_list":["post-21244","post","type-post","status-publish","format-standard","has-post-thumbnail","hentry","category-noticias"],"acf":{"imagens":"","destaq_image":20591,"titulo_docs_seccao":"","documentos":""},"_links":{"self":[{"href":"https:\/\/www.cm-evora.pt\/en\/wp-json\/wp\/v2\/posts\/21244","targetHints":{"allow":["GET"]}}],"collection":[{"href":"https:\/\/www.cm-evora.pt\/en\/wp-json\/wp\/v2\/posts"}],"about":[{"href":"https:\/\/www.cm-evora.pt\/en\/wp-json\/wp\/v2\/types\/post"}],"author":[{"embeddable":true,"href":"https:\/\/www.cm-evora.pt\/en\/wp-json\/wp\/v2\/users\/46"}],"replies":[{"embeddable":true,"href":"https:\/\/www.cm-evora.pt\/en\/wp-json\/wp\/v2\/comments?post=21244"}],"version-history":[{"count":1,"href":"https:\/\/www.cm-evora.pt\/en\/wp-json\/wp\/v2\/posts\/21244\/revisions"}],"predecessor-version":[{"id":21245,"href":"https:\/\/www.cm-evora.pt\/en\/wp-json\/wp\/v2\/posts\/21244\/revisions\/21245"}],"wp:featuredmedia":[{"embeddable":true,"href":"https:\/\/www.cm-evora.pt\/en\/wp-json\/wp\/v2\/media\/20708"}],"wp:attachment":[{"href":"https:\/\/www.cm-evora.pt\/en\/wp-json\/wp\/v2\/media?parent=21244"}],"wp:term":[{"taxonomy":"category","embeddable":true,"href":"https:\/\/www.cm-evora.pt\/en\/wp-json\/wp\/v2\/categories?post=21244"},{"taxonomy":"post_tag","embeddable":true,"href":"https:\/\/www.cm-evora.pt\/en\/wp-json\/wp\/v2\/tags?post=21244"}],"curies":[{"name":"wp","href":"https:\/\/api.w.org\/{rel}","templated":true}]}}