{"id":21508,"date":"2021-03-10T17:32:00","date_gmt":"2021-03-10T17:32:00","guid":{"rendered":"https:\/\/www.cm-evora.pt\/?p=21508"},"modified":"2021-07-06T14:30:13","modified_gmt":"2021-07-06T13:30:13","slug":"artes-a-rua-integra-o-culturas-360o-coletivo-de-9-festivais-de-paises-de-4-continentes","status":"publish","type":"post","link":"https:\/\/www.cm-evora.pt\/en\/artes-a-rua-integra-o-culturas-360o-coletivo-de-9-festivais-de-paises-de-4-continentes\/","title":{"rendered":"(Portugu\u00eas) Artes \u00e0 Rua integra o CULTURAS 360\u00ba &#8211; Coletivo de 9 Festivais de pa\u00edses de 4 continentes"},"content":{"rendered":"<p class=\"qtranxs-available-languages-message qtranxs-available-languages-message-en\">Sorry, this entry is only available in <a href=\"https:\/\/www.cm-evora.pt\/pt\/wp-json\/wp\/v2\/posts\/21508\" class=\"qtranxs-available-language-link qtranxs-available-language-link-pt\" title=\"Portugu\u00eas\">Portugu\u00eas<\/a>.<\/p><p>A primeira edi\u00e7\u00e3o do \u201cCulturas 360\u00ba &#8211; A m\u00fasica est\u00e1 em toda a parte\u201d acontece, em formato <em>online,<\/em> nos pr\u00f3ximos dias 27 e 28 de mar\u00e7o, com a transmiss\u00e3o de concertos ao vivo para todo o mundo de artistas de diversas proveni\u00eancias. A representa\u00e7\u00e3o portuguesa nesta celebra\u00e7\u00e3o virtual da m\u00fasica est\u00e1 a cargo do Di Vino Art Trio, que conta com o baixista e produtor eborense Carlos Menezes. Para assistir basta aceder a <strong><a href=\"http:\/\/www.culturas360.com\/pt\/\">www.culturas360.com\/pt\/<\/a><\/strong><\/p>\n<p>\u201cPorque juntos conseguimos sempre mais, o Festival Artes \u00e0 Rua integra, desde o in\u00edcio, um coletivo de 9 Festivais de pa\u00edses de 4 continentes, o CULTURAS 360\u00ba. Move-nos a promo\u00e7\u00e3o das m\u00fasicas dos povos do mundo, a democratiza\u00e7\u00e3o do acesso \u00e0 frui\u00e7\u00e3o e livre cria\u00e7\u00e3o, simultaneamente a cria\u00e7\u00e3o de um circuito para a internacionaliza\u00e7\u00e3o, n\u00e3o s\u00f3 das m\u00fasicas e dos artistas, mas tamb\u00e9m da esperan\u00e7a num mundo de paz, de toler\u00e2ncia, de alteridade com o outro, seja o outro de que cor for, professe os credos religiosos que professar, tenha a orienta\u00e7\u00e3o sexual que tiver, venha de que cultura vier. \u00c9 pelos encontros e di\u00e1logos transculturais, propiciados pelos v\u00e1rios Festivais, que a m\u00fasica e as artes convergem com o sonho gerando felicidade, resgatando as cores da utopia e contribuindo decisivamente para transformar o Mundo num lugar melhor.\u201d<\/p>\n<p>\u201c\u00c9vora Patrim\u00f3nio Mundial da UNESCO, cidade candidata a Capital Europeia da Cultura 2027, cumpre a sua voca\u00e7\u00e3o hist\u00f3rica como lugar de conflu\u00eancia de culturas, centro de cria\u00e7\u00e3o art\u00edstica e de produ\u00e7\u00e3o de pensamento cr\u00edtico, cidade de Cultura pela Paz (\u00c9vora faz parte do Movimento Munic\u00edpios pela Paz e integra a rede <em>Mayors for Peace<\/em>).\u201d<\/p>\n<p>Do Culturas 360.\u00ba fazem parte os seguintes festivais:<\/p>\n<p>Sunfest &#8211; London, Ontario, Canad\u00e1<\/p>\n<p>IndiEarth XChange &#8211; Chennai, India<\/p>\n<p>MMM Festival \u2013 Maputo, Mo\u00e7ambique<\/p>\n<p>MARE \u2013 Santiago de Compostela, Espanha<\/p>\n<p>Ollin Kan Festival \u2013 Cidade do M\u00e9xico, M\u00e9xico<\/p>\n<p>Kriol Jazz Festival \u2013 Praia, Cabo Verde<\/p>\n<p>Havana International Jazz Festival \u2013 Havana, Cuba<\/p>\n<p>WOMAD \u2013 Santiago, Chile<\/p>\n<p>Artes \u00e0 Rua Festival de Artes P\u00fablicas \u2013 \u00c9vora, Portugal<\/p>","protected":false},"excerpt":{"rendered":"<p>Sorry, this entry is only available in Portugu\u00eas.A primeira edi\u00e7\u00e3o do \u201cCulturas 360\u00ba &#8211; A m\u00fasica est\u00e1 em toda a parte\u201d acontece, em formato online, nos pr\u00f3ximos dias 27 e 28 de mar\u00e7o, com a transmiss\u00e3o de concertos ao vivo para todo o mundo de artistas de diversas proveni\u00eancias. A representa\u00e7\u00e3o portuguesa nesta celebra\u00e7\u00e3o virtual [&hellip;]<\/p>\n","protected":false},"author":46,"featured_media":21507,"comment_status":"closed","ping_status":"closed","sticky":false,"template":"","format":"standard","meta":{"_acf_changed":false,"footnotes":""},"categories":[2110],"tags":[],"class_list":["post-21508","post","type-post","status-publish","format-standard","has-post-thumbnail","hentry","category-noticias"],"acf":{"imagens":"","destaq_image":21507,"titulo_docs_seccao":"","documentos":""},"_links":{"self":[{"href":"https:\/\/www.cm-evora.pt\/en\/wp-json\/wp\/v2\/posts\/21508","targetHints":{"allow":["GET"]}}],"collection":[{"href":"https:\/\/www.cm-evora.pt\/en\/wp-json\/wp\/v2\/posts"}],"about":[{"href":"https:\/\/www.cm-evora.pt\/en\/wp-json\/wp\/v2\/types\/post"}],"author":[{"embeddable":true,"href":"https:\/\/www.cm-evora.pt\/en\/wp-json\/wp\/v2\/users\/46"}],"replies":[{"embeddable":true,"href":"https:\/\/www.cm-evora.pt\/en\/wp-json\/wp\/v2\/comments?post=21508"}],"version-history":[{"count":1,"href":"https:\/\/www.cm-evora.pt\/en\/wp-json\/wp\/v2\/posts\/21508\/revisions"}],"predecessor-version":[{"id":21509,"href":"https:\/\/www.cm-evora.pt\/en\/wp-json\/wp\/v2\/posts\/21508\/revisions\/21509"}],"wp:featuredmedia":[{"embeddable":true,"href":"https:\/\/www.cm-evora.pt\/en\/wp-json\/wp\/v2\/media\/21507"}],"wp:attachment":[{"href":"https:\/\/www.cm-evora.pt\/en\/wp-json\/wp\/v2\/media?parent=21508"}],"wp:term":[{"taxonomy":"category","embeddable":true,"href":"https:\/\/www.cm-evora.pt\/en\/wp-json\/wp\/v2\/categories?post=21508"},{"taxonomy":"post_tag","embeddable":true,"href":"https:\/\/www.cm-evora.pt\/en\/wp-json\/wp\/v2\/tags?post=21508"}],"curies":[{"name":"wp","href":"https:\/\/api.w.org\/{rel}","templated":true}]}}