{"id":21546,"date":"2021-03-12T09:46:44","date_gmt":"2021-03-12T09:46:44","guid":{"rendered":"https:\/\/www.cm-evora.pt\/?p=21546"},"modified":"2021-07-06T14:28:18","modified_gmt":"2021-07-06T13:28:18","slug":"em-reuniao-publica-de-10-de-marco-de-2021","status":"publish","type":"post","link":"https:\/\/www.cm-evora.pt\/en\/em-reuniao-publica-de-10-de-marco-de-2021\/","title":{"rendered":"(Portugu\u00eas) Em reuni\u00e3o p\u00fablica de 10 de Mar\u00e7o de 2021"},"content":{"rendered":"<p class=\"qtranxs-available-languages-message qtranxs-available-languages-message-en\">Sorry, this entry is only available in <a href=\"https:\/\/www.cm-evora.pt\/pt\/wp-json\/wp\/v2\/posts\/21546\" class=\"qtranxs-available-language-link qtranxs-available-language-link-pt\" title=\"Portugu\u00eas\">Portugu\u00eas<\/a>.<\/p><p><strong>C\u00e2mara de \u00c9vora aprovou mo\u00e7\u00e3o de Condena\u00e7\u00e3o e Alerta sobre potenciais A\u00e7\u00f5es de Extrema-Direita, Tentativas de Atacar a Democracia e hostilizar o Munic\u00edpio e \u00c9vora<\/strong><\/p>\n<p>&nbsp;<\/p>\n<p>A C\u00e2mara Municipal de \u00c9vora, reunida a 10\/3\/2021, aprovou por unanimidade uma mo\u00e7\u00e3o apresentada pelo Presidente Carlos Pinto de S\u00e1 na qual \u201ccondena e repudia as potenciais a\u00e7\u00f5es de extrema-direita de intoler\u00e2ncia e de \u00f3dio, inseridas numa campanha mais vasta, com particular express\u00e3o nas redes sociais, que tem como principal objectivo atacar a democracia, p\u00f4r em causa a Constitui\u00e7\u00e3o da Republica e tentar hostilizar o Munic\u00edpio e \u00c9vora.<\/p>\n<p>Vandalizar as placas de entrada da cidade de \u00c9vora patrim\u00f3nio da Humanidade, \u00e9 uma demonstra\u00e7\u00e3o de \u00f3dio \u00e0 sua terra, de \u00f3dio \u00e0s suas gentes. Merece total repugn\u00e2ncia!<\/p>\n<p>A C\u00e2mara Municipal de \u00c9vora continuar\u00e1, com serenidade e firmeza, a apoiar e a dinamizar as actividades e os valores humanistas que s\u00e3o essenciais \u00e0 nossa viv\u00eancia social e \u00e0 pr\u00f3pria democracia\u201d.<\/p>\n<p>O Vereador Eduardo Luciano apresentou uma sauda\u00e7\u00e3o ao PCP por altura do seu Centen\u00e1rio, tamb\u00e9m aprovada por unanimidade, com o seguinte teor: \u201cFundado a 6 de Mar\u00e7o de 1921, o Partido Comunista Portugu\u00eas \u00e9 o partido pol\u00edtico mais antigo em Portugal e o \u00fanico que ap\u00f3s a instaura\u00e7\u00e3o da ditadura em Maio de 1926, manteve nas duras condi\u00e7\u00f5es impostas pela sua ilegaliza\u00e7\u00e3o a actividade de resist\u00eancia e luta pela liberdade e pela democracia, que os seus militantes pagaram com a pris\u00e3o, a tortura e em muitos casos com a pr\u00f3pria vida.<\/p>\n<p>A C\u00e2mara Municipal de \u00c9vora sa\u00fada o Partido Comunista Portugu\u00eas no centen\u00e1rio da sua funda\u00e7\u00e3o como partido fundamental na resist\u00eancia ao fascismo e na funda\u00e7\u00e3o da democracia conquistada em 25 de abril de 1974 e for\u00e7a pol\u00edtica estruturante do quadro pol\u00edtico, econ\u00f3mico e social nascido da Constitui\u00e7\u00e3o de 1976\u201d.<\/p>\n<p>O Presidente da C\u00e2mara Municipal fez o ponto de situa\u00e7\u00e3o sobre a Pandemia no Concelho informando que t\u00eam estado em queda muito acentuada o n\u00famero de novos casos e de casos activos, contando \u00e0 data apenas 7 casos activos. Os 3 surtos est\u00e3o em resolu\u00e7\u00e3o e n\u00e3o apresentam grandes preocupa\u00e7\u00f5es. Uma diminui\u00e7\u00e3o que se deve tamb\u00e9m ao Plano de Vacina\u00e7\u00e3o j\u00e1 em marcha. Esta situa\u00e7\u00e3o permitiu uma retirada de press\u00e3o do Hospital do Esp\u00edrito Santo, aguardando-se agora que gradualmente termine o isolamento social e se retorne \u00e0 vida normal, ainda que com as habituais normas de prote\u00e7\u00e3o. A Autarquia explicou ainda que est\u00e1 em condi\u00e7\u00f5es de reabrir os espa\u00e7os p\u00fablicos de acordo com as exig\u00eancias sanit\u00e1rias que forem determinadas pela Dire\u00e7\u00e3o-Geral de Sa\u00fade.<\/p>\n<p>Nesta reuni\u00e3o foi aprovada por unanimidade a abertura de procedimento de contrata\u00e7\u00e3o p\u00fablica referente ao Concurso Publico para execu\u00e7\u00e3o da obra de Remodela\u00e7\u00e3o da Variante entre a Rotunda dos Dadores de Sangue e a Rotunda do PITE.<\/p>\n<p>O Projeto de requalifica\u00e7\u00e3o do espa\u00e7o exterior de recreio exterior do Jardim de Inf\u00e2ncia da Escola B\u00e1sica Manuel Ferreira Patr\u00edcio mereceu aprova\u00e7\u00e3o un\u00e2nime. Esta obra contempla o aumento do conforto das \u00e1reas pavimentadas e a sua adequa\u00e7\u00e3o \u00e0 utiliza\u00e7\u00e3o prevista, a integra\u00e7\u00e3o de novos equipamentos e estruturas de sombra, bem como o tratamento da zona de taludes com nova vegeta\u00e7\u00e3o. Estima-se que o valor da obra seja de 86 mil euros (acrescidos de IVA \u00e0 taxa legal em vigor). Nos trabalhos em curso nesta escola foi inclu\u00edda, para al\u00e9m desta melhoria, tamb\u00e9m a substitui\u00e7\u00e3o do sistema de aquecimento e a pintura global da escola no final da obra.<\/p>\n<p>O Projeto de amplia\u00e7\u00e3o do Cemit\u00e9rio de S\u00e3o Vicente do Pigeiro foi tamb\u00e9m aprovado por unanimidade, assim como o Projeto de Execu\u00e7\u00e3o para a consolida\u00e7\u00e3o e reabilita\u00e7\u00e3o estrutural do edif\u00edcio dos ex-Celeiros da EPAC.<\/p>\n<p>O Executivo Municipal aprovou por unanimidade a proposta de substitui\u00e7\u00e3o da representante da C\u00e2mara Municipal de Evora na Comiss\u00e3o de Prote\u00e7\u00e3o de Crian\u00e7as e Jovens de \u00c9vora, uma vez que esta j\u00e1 cumpriu os tr\u00eas mandatos consecutivos estabelecidos por Lei. Assim, L\u00e9nia Fragoso ser\u00e1 substitu\u00edda por Marta Carapinha, tamb\u00e9m T\u00e9cnica da Divis\u00e3o de Educa\u00e7\u00e3o e Interven\u00e7\u00e3o Social da Autarquia. A Vereadora Sara Dimas Fernandes fez um louvor a L\u00e9nia Fragoso pelo seu profissionalismo e abnega\u00e7\u00e3o com que realizou o trabalho ao longo destes 9 anos. Informou tamb\u00e9m que foi eleita a nova Presidente da Comiss\u00e3o, Ana Boto.<\/p>\n<p>Foi aprovada por unanimidade a abertura do Programa Casa Caiada 2021, sendo que o prazo para inscri\u00e7\u00f5es decorrer\u00e1 ap\u00f3s a publica\u00e7\u00e3o do Edital e at\u00e9 30 de Junho do presente ano.<\/p>\n<p>A Vereadora Sara Dimas Fernandes felicitou os atletas vencedores que conquistaram tr\u00eas medalhas de ouro nos Campeonatos da Europa de Pista Coberta 2021, no que foi seguida por todo o Executivo Municipal. Tratam-se dos atletas Auriol Dongmo (campe\u00e3 europeia de pista coberta no peso feminino), Patr\u00edcia Mamona (campe\u00e3 europeia de triplo salto em pista coberta); e Pedro Pablo Pichardo (conquistou a medalha de ouro no triplo salto). Sara Dimas Fernandes felicitou tamb\u00e9m a Professora da Universidade de \u00c9vora, Sandra Leandro, que \u00e9 a nova Directora do Museu Frei Manuel do Cen\u00e1culo, no que foi tamb\u00e9m acompanhada por todo o Executivo.<\/p>","protected":false},"excerpt":{"rendered":"<p>Sorry, this entry is only available in Portugu\u00eas.C\u00e2mara de \u00c9vora aprovou mo\u00e7\u00e3o de Condena\u00e7\u00e3o e Alerta sobre potenciais A\u00e7\u00f5es de Extrema-Direita, Tentativas de Atacar a Democracia e hostilizar o Munic\u00edpio e \u00c9vora &nbsp; A C\u00e2mara Municipal de \u00c9vora, reunida a 10\/3\/2021, aprovou por unanimidade uma mo\u00e7\u00e3o apresentada pelo Presidente Carlos Pinto de S\u00e1 na qual [&hellip;]<\/p>\n","protected":false},"author":45,"featured_media":21485,"comment_status":"closed","ping_status":"closed","sticky":false,"template":"","format":"standard","meta":{"_acf_changed":false,"footnotes":""},"categories":[2110],"tags":[],"class_list":["post-21546","post","type-post","status-publish","format-standard","has-post-thumbnail","hentry","category-noticias"],"acf":{"imagens":"","destaq_image":21485,"titulo_docs_seccao":"","documentos":""},"_links":{"self":[{"href":"https:\/\/www.cm-evora.pt\/en\/wp-json\/wp\/v2\/posts\/21546","targetHints":{"allow":["GET"]}}],"collection":[{"href":"https:\/\/www.cm-evora.pt\/en\/wp-json\/wp\/v2\/posts"}],"about":[{"href":"https:\/\/www.cm-evora.pt\/en\/wp-json\/wp\/v2\/types\/post"}],"author":[{"embeddable":true,"href":"https:\/\/www.cm-evora.pt\/en\/wp-json\/wp\/v2\/users\/45"}],"replies":[{"embeddable":true,"href":"https:\/\/www.cm-evora.pt\/en\/wp-json\/wp\/v2\/comments?post=21546"}],"version-history":[{"count":1,"href":"https:\/\/www.cm-evora.pt\/en\/wp-json\/wp\/v2\/posts\/21546\/revisions"}],"predecessor-version":[{"id":21547,"href":"https:\/\/www.cm-evora.pt\/en\/wp-json\/wp\/v2\/posts\/21546\/revisions\/21547"}],"wp:featuredmedia":[{"embeddable":true,"href":"https:\/\/www.cm-evora.pt\/en\/wp-json\/wp\/v2\/media\/21485"}],"wp:attachment":[{"href":"https:\/\/www.cm-evora.pt\/en\/wp-json\/wp\/v2\/media?parent=21546"}],"wp:term":[{"taxonomy":"category","embeddable":true,"href":"https:\/\/www.cm-evora.pt\/en\/wp-json\/wp\/v2\/categories?post=21546"},{"taxonomy":"post_tag","embeddable":true,"href":"https:\/\/www.cm-evora.pt\/en\/wp-json\/wp\/v2\/tags?post=21546"}],"curies":[{"name":"wp","href":"https:\/\/api.w.org\/{rel}","templated":true}]}}