{"id":21787,"date":"2021-03-22T10:05:29","date_gmt":"2021-03-22T10:05:29","guid":{"rendered":"https:\/\/www.cm-evora.pt\/?p=21787"},"modified":"2021-07-06T14:45:42","modified_gmt":"2021-07-06T13:45:42","slug":"no-dia-mundial-da-arvore-e-da-floresta-projeto-alem-risco-preve-plantar-50-mil-arvores-do-alentejo-central","status":"publish","type":"post","link":"https:\/\/www.cm-evora.pt\/en\/no-dia-mundial-da-arvore-e-da-floresta-projeto-alem-risco-preve-plantar-50-mil-arvores-do-alentejo-central\/","title":{"rendered":"(Portugu\u00eas) No Dia Mundial da \u00c1rvore e da Floresta, Projeto Al\u00e9m Risco prev\u00ea plantar 50 mil \u00e1rvores do Alentejo Central"},"content":{"rendered":"<p class=\"qtranxs-available-languages-message qtranxs-available-languages-message-en\">Sorry, this entry is only available in <a href=\"https:\/\/www.cm-evora.pt\/pt\/wp-json\/wp\/v2\/posts\/21787\" class=\"qtranxs-available-language-link qtranxs-available-language-link-pt\" title=\"Portugu\u00eas\">Portugu\u00eas<\/a>.<\/p><p>\u201cAl\u00e9m Risco\u201d \u00e9 a designa\u00e7\u00e3o de um projeto que pretende envolver as popula\u00e7\u00f5es dos 14 munic\u00edpios do Alentejo Central na planta\u00e7\u00e3o de 50 mil \u00e1rvores nos aglomerados urbanos, para refor\u00e7ar a sua adapta\u00e7\u00e3o face a ondas de calor.<\/p>\n<p>&nbsp;<\/p>\n<p>A iniciativa, promovida pela empresa Science Retreats, de Miguel Bastos Ara\u00fajo, professor e investigador da Universidade de \u00c9vora e galardoado em 2018 com o Pr\u00e9mio Pessoa, e pela Globalmoza \u2013 Partnerships for Humanity, foi hoje apresentada no Sal\u00e3o Nobre dos Pa\u00e7os do Concelho, coincidindo com o Dia Mundial da \u00c1rvore e da Floresta.<\/p>\n<p>&nbsp;<\/p>\n<p>Este evento, que contou com a presen\u00e7a do Ministro do Ambiente e da A\u00e7\u00e3o Clim\u00e1tica, Jo\u00e3o Pedro Matos Fernandes, constou da assinatura do contrato com a Comunidade Intermunicipal do Alentejo Central (CIMAC), representada pelo Presidente da C\u00e2mara Municipal de \u00c9vora, Carlos Pinto de S\u00e1, para a sua execu\u00e7\u00e3o.<\/p>\n<p>&nbsp;<\/p>\n<p>Com um horizonte de implementa\u00e7\u00e3o de dois anos, o \u201cAl\u00e9m Risco\u201d tem como objetivos, atrav\u00e9s da planta\u00e7\u00e3o das 50 mil \u00e1rvores nos 14 munic\u00edpios do distrito de \u00c9vora, integrados na CIMAC, \u201creduzir as \u2018ilhas de calor\u2019\u201d e as \u201ctaxas de morbilidade e mortalidade\u201d, de acordo com os promotores.<\/p>\n<p>&nbsp;<\/p>\n<p>A sensibiliza\u00e7\u00e3o da popula\u00e7\u00e3o e a promo\u00e7\u00e3o de \u201cuma reflex\u00e3o conjunta para a constru\u00e7\u00e3o de uma comunidade mais consciente e mais resiliente \u00e0s altera\u00e7\u00f5es clim\u00e1ticas\u201d s\u00e3o outros prop\u00f3sitos.<\/p>\n<p>&nbsp;<\/p>\n<p>\u201cOs modelos clim\u00e1ticos preveem o aumento da magnitude, frequ\u00eancia e dura\u00e7\u00e3o de ondas de calor por todo o pa\u00eds, com particular incid\u00eancia no Alentejo\u201d, e esta exposi\u00e7\u00e3o \u201cpode conduzir \u00e0 desidrata\u00e7\u00e3o, agravamento de doen\u00e7as cr\u00f3nicas, esgotamento, golpes de calor, inflama\u00e7\u00f5es respirat\u00f3rias e problemas card\u00edacos\u201d, alertou Miguel Bastos Ara\u00fajo.<\/p>\n<p>&nbsp;<\/p>\n<p>O que afeta sobretudo grupos sociais mais fragilizados e pode \u201cresultar em danos irrevers\u00edveis na sa\u00fade, \u201cinclusivamente\u201d havendo o risco de \u201cprovocar a morte\u201d.<\/p>\n<p>&nbsp;<\/p>\n<p>\u201cFace a este cen\u00e1rio, torna-se urgente a ado\u00e7\u00e3o de medidas de car\u00e1ter preventivo contra as ondas de calor\u201d, defende o bioge\u00f3grafo e especialista nos efeitos das altera\u00e7\u00f5es clim\u00e1ticas na biodiversidade.<\/p>\n<p>&nbsp;<\/p>\n<p>Os tr\u00eas eixos de atua\u00e7\u00e3o do projeto passam pela elabora\u00e7\u00e3o de um manual de boas pr\u00e1ticas, com \u201cdiretrizes t\u00e9cnicas sobre como criar uma estrutura verde de car\u00e1ter urbano\u201d capaz de ser eficaz na \u201credu\u00e7\u00e3o de temperaturas altas em per\u00edodos estivais\u201d, pela realiza\u00e7\u00e3o de \u201cuma extensa campanha de sensibiliza\u00e7\u00e3o e de constru\u00e7\u00e3o de parcerias\u201d para plantar as \u00e1rvores \u201cem todos os aglomerados urbanos da regi\u00e3o\u201d e, em terceiro lugar, no \u201cdesenvolvimento de laborat\u00f3rios vivos onde se plantar\u00e3o \u00e1rvores\u201d com as comunidades locais.<\/p>\n<p>&nbsp;<\/p>\n<p>\u201cOs principais indicadores de sucesso para o \u00faltimo eixo de interven\u00e7\u00e3o consistir\u00e3o no n\u00famero de laborat\u00f3rios vivos criados, bem como no n\u00famero de \u00e1rvores plantadas\u201d, refere.<\/p>\n<p>&nbsp;<\/p>\n<p>O projeto, al\u00e9m de envolver a CIMAC, \u00e9 apoiado por diversas entidades, como as funda\u00e7\u00f5es Calouste Gulbenkian e Eug\u00e9nio de Almeida, Dire\u00e7\u00e3o Regional de Conserva\u00e7\u00e3o da Natureza e Florestas do Alentejo, Comiss\u00e3o Vitivin\u00edcola Regional Alentejana, Empresa de Desenvolvimento e Infraestruturas do Alqueva ou Cooperativa Herdade Freixo do Meio.<\/p>\n<p>&nbsp;<\/p>\n<p>\n\t\t<style type=\"text\/css\">\n\t\t\t#gallery-1 {\n\t\t\t\tmargin: auto;\n\t\t\t}\n\t\t\t#gallery-1 .gallery-item {\n\t\t\t\tfloat: left;\n\t\t\t\tmargin-top: 10px;\n\t\t\t\ttext-align: center;\n\t\t\t\twidth: 33%;\n\t\t\t}\n\t\t\t#gallery-1 img {\n\t\t\t\tborder: 2px solid #cfcfcf;\n\t\t\t}\n\t\t\t#gallery-1 .gallery-caption {\n\t\t\t\tmargin-left: 0;\n\t\t\t}\n\t\t\t\/* see gallery_shortcode() in wp-includes\/media.php *\/\n\t\t<\/style>\n\t\t<div id='gallery-1' class='gallery galleryid-21787 gallery-columns-3 gallery-size-full'><dl class='gallery-item'>\n\t\t\t<dt class='gallery-icon landscape'>\n\t\t\t\t<a href='https:\/\/www.cm-evora.pt\/wp-content\/uploads\/2021\/03\/DSC_1449-scaled.jpg'><img loading=\"lazy\" decoding=\"async\" width=\"2560\" height=\"1707\" src=\"https:\/\/www.cm-evora.pt\/wp-content\/uploads\/2021\/03\/DSC_1449-scaled.jpg\" class=\"attachment-full size-full\" alt=\"\" srcset=\"https:\/\/www.cm-evora.pt\/wp-content\/uploads\/2021\/03\/DSC_1449-scaled.jpg 2560w, https:\/\/www.cm-evora.pt\/wp-content\/uploads\/2021\/03\/DSC_1449-300x200.jpg 300w, https:\/\/www.cm-evora.pt\/wp-content\/uploads\/2021\/03\/DSC_1449-1024x683.jpg 1024w, https:\/\/www.cm-evora.pt\/wp-content\/uploads\/2021\/03\/DSC_1449-768x512.jpg 768w, https:\/\/www.cm-evora.pt\/wp-content\/uploads\/2021\/03\/DSC_1449-1536x1024.jpg 1536w, https:\/\/www.cm-evora.pt\/wp-content\/uploads\/2021\/03\/DSC_1449-2048x1365.jpg 2048w, https:\/\/www.cm-evora.pt\/wp-content\/uploads\/2021\/03\/DSC_1449-1320x880.jpg 1320w\" sizes=\"auto, (max-width: 2560px) 100vw, 2560px\" \/><\/a>\n\t\t\t<\/dt><\/dl><dl class='gallery-item'>\n\t\t\t<dt class='gallery-icon landscape'>\n\t\t\t\t<a href='https:\/\/www.cm-evora.pt\/wp-content\/uploads\/2021\/03\/DSC_1493-scaled.jpg'><img loading=\"lazy\" decoding=\"async\" width=\"2560\" height=\"1707\" src=\"https:\/\/www.cm-evora.pt\/wp-content\/uploads\/2021\/03\/DSC_1493-scaled.jpg\" class=\"attachment-full size-full\" alt=\"\" srcset=\"https:\/\/www.cm-evora.pt\/wp-content\/uploads\/2021\/03\/DSC_1493-scaled.jpg 2560w, https:\/\/www.cm-evora.pt\/wp-content\/uploads\/2021\/03\/DSC_1493-300x200.jpg 300w, https:\/\/www.cm-evora.pt\/wp-content\/uploads\/2021\/03\/DSC_1493-1024x683.jpg 1024w, https:\/\/www.cm-evora.pt\/wp-content\/uploads\/2021\/03\/DSC_1493-768x512.jpg 768w, https:\/\/www.cm-evora.pt\/wp-content\/uploads\/2021\/03\/DSC_1493-1536x1024.jpg 1536w, https:\/\/www.cm-evora.pt\/wp-content\/uploads\/2021\/03\/DSC_1493-2048x1365.jpg 2048w, https:\/\/www.cm-evora.pt\/wp-content\/uploads\/2021\/03\/DSC_1493-1320x880.jpg 1320w\" sizes=\"auto, (max-width: 2560px) 100vw, 2560px\" \/><\/a>\n\t\t\t<\/dt><\/dl><dl class='gallery-item'>\n\t\t\t<dt class='gallery-icon landscape'>\n\t\t\t\t<a href='https:\/\/www.cm-evora.pt\/wp-content\/uploads\/2021\/03\/DSC_1495-scaled.jpg'><img loading=\"lazy\" decoding=\"async\" width=\"2560\" height=\"1638\" src=\"https:\/\/www.cm-evora.pt\/wp-content\/uploads\/2021\/03\/DSC_1495-scaled.jpg\" class=\"attachment-full size-full\" alt=\"\" srcset=\"https:\/\/www.cm-evora.pt\/wp-content\/uploads\/2021\/03\/DSC_1495-scaled.jpg 2560w, https:\/\/www.cm-evora.pt\/wp-content\/uploads\/2021\/03\/DSC_1495-300x192.jpg 300w, https:\/\/www.cm-evora.pt\/wp-content\/uploads\/2021\/03\/DSC_1495-1024x655.jpg 1024w, https:\/\/www.cm-evora.pt\/wp-content\/uploads\/2021\/03\/DSC_1495-768x491.jpg 768w, https:\/\/www.cm-evora.pt\/wp-content\/uploads\/2021\/03\/DSC_1495-1536x983.jpg 1536w, https:\/\/www.cm-evora.pt\/wp-content\/uploads\/2021\/03\/DSC_1495-2048x1311.jpg 2048w, https:\/\/www.cm-evora.pt\/wp-content\/uploads\/2021\/03\/DSC_1495-1320x845.jpg 1320w\" sizes=\"auto, (max-width: 2560px) 100vw, 2560px\" \/><\/a>\n\t\t\t<\/dt><\/dl><br style=\"clear: both\" \/><dl class='gallery-item'>\n\t\t\t<dt class='gallery-icon portrait'>\n\t\t\t\t<a href='https:\/\/www.cm-evora.pt\/wp-content\/uploads\/2021\/03\/DSC_1512-scaled.jpg'><img loading=\"lazy\" decoding=\"async\" width=\"2204\" height=\"2560\" src=\"https:\/\/www.cm-evora.pt\/wp-content\/uploads\/2021\/03\/DSC_1512-scaled.jpg\" class=\"attachment-full size-full\" alt=\"\" srcset=\"https:\/\/www.cm-evora.pt\/wp-content\/uploads\/2021\/03\/DSC_1512-scaled.jpg 2204w, https:\/\/www.cm-evora.pt\/wp-content\/uploads\/2021\/03\/DSC_1512-258x300.jpg 258w, https:\/\/www.cm-evora.pt\/wp-content\/uploads\/2021\/03\/DSC_1512-882x1024.jpg 882w, https:\/\/www.cm-evora.pt\/wp-content\/uploads\/2021\/03\/DSC_1512-768x892.jpg 768w, https:\/\/www.cm-evora.pt\/wp-content\/uploads\/2021\/03\/DSC_1512-1322x1536.jpg 1322w, https:\/\/www.cm-evora.pt\/wp-content\/uploads\/2021\/03\/DSC_1512-1763x2048.jpg 1763w, https:\/\/www.cm-evora.pt\/wp-content\/uploads\/2021\/03\/DSC_1512-1320x1533.jpg 1320w\" sizes=\"auto, (max-width: 2204px) 100vw, 2204px\" \/><\/a>\n\t\t\t<\/dt><\/dl><dl class='gallery-item'>\n\t\t\t<dt class='gallery-icon landscape'>\n\t\t\t\t<a href='https:\/\/www.cm-evora.pt\/wp-content\/uploads\/2021\/03\/DSC_1679-scaled.jpg'><img loading=\"lazy\" decoding=\"async\" width=\"2560\" height=\"1707\" src=\"https:\/\/www.cm-evora.pt\/wp-content\/uploads\/2021\/03\/DSC_1679-scaled.jpg\" class=\"attachment-full size-full\" alt=\"\" srcset=\"https:\/\/www.cm-evora.pt\/wp-content\/uploads\/2021\/03\/DSC_1679-scaled.jpg 2560w, https:\/\/www.cm-evora.pt\/wp-content\/uploads\/2021\/03\/DSC_1679-300x200.jpg 300w, https:\/\/www.cm-evora.pt\/wp-content\/uploads\/2021\/03\/DSC_1679-1024x683.jpg 1024w, https:\/\/www.cm-evora.pt\/wp-content\/uploads\/2021\/03\/DSC_1679-768x512.jpg 768w, https:\/\/www.cm-evora.pt\/wp-content\/uploads\/2021\/03\/DSC_1679-1536x1024.jpg 1536w, https:\/\/www.cm-evora.pt\/wp-content\/uploads\/2021\/03\/DSC_1679-2048x1365.jpg 2048w, https:\/\/www.cm-evora.pt\/wp-content\/uploads\/2021\/03\/DSC_1679-1320x880.jpg 1320w\" sizes=\"auto, (max-width: 2560px) 100vw, 2560px\" \/><\/a>\n\t\t\t<\/dt><\/dl>\n\t\t\t<br style='clear: both' \/>\n\t\t<\/div>\n<\/p>","protected":false},"excerpt":{"rendered":"<p>Sorry, this entry is only available in Portugu\u00eas.\u201cAl\u00e9m Risco\u201d \u00e9 a designa\u00e7\u00e3o de um projeto que pretende envolver as popula\u00e7\u00f5es dos 14 munic\u00edpios do Alentejo Central na planta\u00e7\u00e3o de 50 mil \u00e1rvores nos aglomerados urbanos, para refor\u00e7ar a sua adapta\u00e7\u00e3o face a ondas de calor. &nbsp; A iniciativa, promovida pela empresa Science Retreats, de Miguel [&hellip;]<\/p>\n","protected":false},"author":45,"featured_media":21834,"comment_status":"closed","ping_status":"closed","sticky":false,"template":"","format":"standard","meta":{"_acf_changed":false,"footnotes":""},"categories":[2110],"tags":[],"class_list":["post-21787","post","type-post","status-publish","format-standard","has-post-thumbnail","hentry","category-noticias"],"acf":{"imagens":"","destaq_image":21834,"titulo_docs_seccao":"","documentos":""},"_links":{"self":[{"href":"https:\/\/www.cm-evora.pt\/en\/wp-json\/wp\/v2\/posts\/21787","targetHints":{"allow":["GET"]}}],"collection":[{"href":"https:\/\/www.cm-evora.pt\/en\/wp-json\/wp\/v2\/posts"}],"about":[{"href":"https:\/\/www.cm-evora.pt\/en\/wp-json\/wp\/v2\/types\/post"}],"author":[{"embeddable":true,"href":"https:\/\/www.cm-evora.pt\/en\/wp-json\/wp\/v2\/users\/45"}],"replies":[{"embeddable":true,"href":"https:\/\/www.cm-evora.pt\/en\/wp-json\/wp\/v2\/comments?post=21787"}],"version-history":[{"count":3,"href":"https:\/\/www.cm-evora.pt\/en\/wp-json\/wp\/v2\/posts\/21787\/revisions"}],"predecessor-version":[{"id":21835,"href":"https:\/\/www.cm-evora.pt\/en\/wp-json\/wp\/v2\/posts\/21787\/revisions\/21835"}],"wp:featuredmedia":[{"embeddable":true,"href":"https:\/\/www.cm-evora.pt\/en\/wp-json\/wp\/v2\/media\/21834"}],"wp:attachment":[{"href":"https:\/\/www.cm-evora.pt\/en\/wp-json\/wp\/v2\/media?parent=21787"}],"wp:term":[{"taxonomy":"category","embeddable":true,"href":"https:\/\/www.cm-evora.pt\/en\/wp-json\/wp\/v2\/categories?post=21787"},{"taxonomy":"post_tag","embeddable":true,"href":"https:\/\/www.cm-evora.pt\/en\/wp-json\/wp\/v2\/tags?post=21787"}],"curies":[{"name":"wp","href":"https:\/\/api.w.org\/{rel}","templated":true}]}}