{"id":22367,"date":"2021-04-20T16:29:28","date_gmt":"2021-04-20T15:29:28","guid":{"rendered":"https:\/\/www.cm-evora.pt\/?p=22367"},"modified":"2021-07-06T15:10:48","modified_gmt":"2021-07-06T14:10:48","slug":"nem-em-casa-a-liberdade-se-confina-camara-municipal-de-evora-celebra-25-de-abril-na-radio-e-redes-sociais-com-concerto-de-jorge-palma","status":"publish","type":"post","link":"https:\/\/www.cm-evora.pt\/en\/nem-em-casa-a-liberdade-se-confina-camara-municipal-de-evora-celebra-25-de-abril-na-radio-e-redes-sociais-com-concerto-de-jorge-palma\/","title":{"rendered":"(Portugu\u00eas) NEM EM CASA A LIBERDADE SE CONFINA: C\u00c2MARA MUNICIPAL DE \u00c9VORA CELEBRA 25 DE ABRIL NA R\u00c1DIO E REDES SOCIAIS COM CONCERTO DE JORGE PALMA"},"content":{"rendered":"<p class=\"qtranxs-available-languages-message qtranxs-available-languages-message-en\">Sorry, this entry is only available in <a href=\"https:\/\/www.cm-evora.pt\/pt\/wp-json\/wp\/v2\/posts\/22367\" class=\"qtranxs-available-language-link qtranxs-available-language-link-pt\" title=\"Portugu\u00eas\">Portugu\u00eas<\/a>.<\/p><p><\/p>\n<p class=\"p2\"><span class=\"s1\"><span class=\"Apple-converted-space\">\u00a0<\/span><\/span><b>Com a pandemia provocada pelo Covid-19 ainda a condicionar a vida das popula\u00e7\u00f5es, a C\u00e2mara de \u00c9vora volta a comemorar, em 2021, os valores conquistados a 25 de abril de 1974 com uma programa\u00e7\u00e3o mista que integra, por um lado, duas emiss\u00f5es especiais com transmiss\u00e3o na r\u00e1dio e, em v\u00eddeo, nas redes sociais. Paralelamente, v\u00e3o acontecer iniciativas culturais e desportivas no espa\u00e7o p\u00fablico. Na manh\u00e3 de dia 25, domingo, \u00e0s 11h, o Audit\u00f3rio do Col\u00e9gio do Esp\u00edrito Santo, da Universidade de \u00c9vora, recebe a sess\u00e3o comemorativa do 47.\u00ba anivers\u00e1rio da Revolu\u00e7\u00e3o de Abril.<span class=\"Apple-converted-space\">\u00a0<\/span><\/b><\/p>\n<p class=\"p3\">\u201cR\u00e1dio 25 de Abril &#8211; Sintonize a Liberdade\u201d \u00e9 o nome dado \u00e0s emiss\u00f5es comemorativas atrav\u00e9s das quais a autarquia se associa \u00e0 Diana FM e \u00e0 R\u00e1dio Telefonia do Alentejo, as duas r\u00e1dios locais do concelho, para transmitir duas emiss\u00f5es especiais, nos dias 24 e 25 de abril, que podem ser ouvidas na frequ\u00eancia destas esta\u00e7\u00f5es emissoras, respetivamente em 94.1 e 103.2 FM; nos respetivos <i>sites<\/i>, em <a href=\"https:\/\/www.dianafm.com\/\" target=\"_blank\" rel=\"noopener\">www.dianafm.com<\/a> e <a href=\"http:\/\/www.radiotelefoniadoalentejo.com.pt\/\" target=\"_blank\" rel=\"noopener\">www.radiotelefoniadoalentejo.com.pt\/<\/a> e numa das redes sociais do munic\u00edpio: <a href=\"https:\/\/www.facebook.com\/EvoraNoticias\" target=\"_blank\" rel=\"noopener\">www.facebook.com\/evoranoticias<\/a>. As emiss\u00f5es podem tamb\u00e9m ser escutadas no Centro Hist\u00f3rico atrav\u00e9s de um sistema de som ambiente instalado especificamente para o efeito.<span class=\"Apple-converted-space\">\u00a0<\/span><\/p>\n<p class=\"p3\">Sob o mote \u201cNem em Casa a Liberdade se Confina\u201d, o destaque na noite de 24 vai para a m\u00fasica, com a transmiss\u00e3o do concerto de Jorge Palma, previamente gravado no Teatro Garcia de Resende. A emiss\u00e3o encerra \u00e0 meia-noite com a inevit\u00e1vel \u201cGr\u00e2ndola Vila Morena\u201d, de Zeca Afonso, interpretada em conjunto pelo Coral \u00c9vora, pelo Coro Polif\u00f3nico &#8220;Eborae Mvsica&#8221;, pelo CORU\u00c9 e, tamb\u00e9m, pelos Cantares De \u00c9vora.<span class=\"Apple-converted-space\">\u00a0<\/span><\/p>\n<p class=\"p3\">Na programa\u00e7\u00e3o de dia 25, que ir\u00e1 ser emitida entre as 10h00 e as 13h00, o foco vai para as entrevistas com ativistas pol\u00edticos, operacionais e antigos presos pol\u00edticos. Ant\u00f3nio Gavela, Ant\u00f3nio Murteira, Aurora Rodrigues, Eduardo Luciano, Jos\u00e9 Lu\u00eds Cardoso, Jos\u00e9 Pedro Soares e Jos\u00e9 Pinto de S\u00e1 trazem relatos sobre \u201cA vida no 24 e depois do 25\u201d. A emiss\u00e3o matinal incluir\u00e1 ainda contos e m\u00fasica ao vivo.<span class=\"Apple-converted-space\">\u00a0<\/span><\/p>\n<p class=\"p3\">Ainda na manh\u00e3 de dia 25, na Pra\u00e7a 1.\u00ba de Maio, ser\u00e1 iniciada a pintura de um Mural alusivo ao 25 de Abril e aos tempos de pandemia que vivemos, a cargo dos artistas pl\u00e1sticos Pedro Fazenda, Carlota Jardim, Joana Gancho, Oliveira Tavares, S\u00f3nia Godinho, Gon\u00e7alo Gouveia e Cl\u00e1udia Sofia.<span class=\"Apple-converted-space\">\u00a0<\/span><\/p>\n<p class=\"p3\">A programa\u00e7\u00e3o cultural e desportiva alusiva a estas comemora\u00e7\u00f5es integra outras iniciativas que merecem refer\u00eancia: entre os dias 22 e 25, os 16 grupos integrantes das Vozes de Abril v\u00e3o surpreender com miniconcertos n\u00e3o anunciados em v\u00e1rios locais de passagem, de chegada e de partida. Ainda na m\u00fasica, as bandas filarm\u00f3nicas de \u00c9vora v\u00e3o atuar em v\u00e1rias freguesias do concelho ao longo de todo o dia 25 de abril. Nota tamb\u00e9m para<span class=\"Apple-converted-space\">\u00a0<\/span><\/p>\n<p class=\"p3\">o cinema com a antestreia do filme PRAZER, CAMARADAS, de Jos\u00e9 Filipe Costa, cuja sess\u00e3o est\u00e1 agendada para as 10h30 de s\u00e1bado, dia 24, no Audit\u00f3rio Soror Mariana (R. Diogo C\u00e3o), com a presen\u00e7a do realizador.<span class=\"Apple-converted-space\">\u00a0<\/span><\/p>\n<p class=\"p3\">As atividades desportivas decorrem no dia 25, no Complexo Desportivo e no Circuito de Manuten\u00e7\u00e3o do Alto dos Cucos, com realce para as \u201c12 horas a correr pela Liberdade\u201d, organizadas pelos grupos Correr em \u00c9vora e <i>\u00c9voraRunners. <\/i>Ao longo do dia teremos tamb\u00e9m caminhadas, jogos tradicionais e torneios de v\u00e1rias modalidades.<span class=\"Apple-converted-space\">\u00a0<\/span><\/p>\n<p class=\"p3\">O programa de comemora\u00e7\u00f5es do 25 de Abril pode ser consultado em <a href=\"http:\/\/www.cm-evora.pt\/\" target=\"_blank\" rel=\"noopener\">www.cm-evora.pt<\/a>.<\/p>\n<p style=\"text-align: center\"><a href=\"https:\/\/www.cm-evora.pt\/wp-content\/uploads\/2021\/04\/25abril_cartazdigital.png\"><img loading=\"lazy\" decoding=\"async\" class=\"alignnone size-full wp-image-22369\" src=\"https:\/\/www.cm-evora.pt\/wp-content\/uploads\/2021\/04\/25abril_cartazdigital.png\" alt=\"\" width=\"1755\" height=\"2481\" srcset=\"https:\/\/www.cm-evora.pt\/wp-content\/uploads\/2021\/04\/25abril_cartazdigital.png 1755w, https:\/\/www.cm-evora.pt\/wp-content\/uploads\/2021\/04\/25abril_cartazdigital-212x300.png 212w, https:\/\/www.cm-evora.pt\/wp-content\/uploads\/2021\/04\/25abril_cartazdigital-724x1024.png 724w, https:\/\/www.cm-evora.pt\/wp-content\/uploads\/2021\/04\/25abril_cartazdigital-768x1086.png 768w, https:\/\/www.cm-evora.pt\/wp-content\/uploads\/2021\/04\/25abril_cartazdigital-1087x1536.png 1087w, https:\/\/www.cm-evora.pt\/wp-content\/uploads\/2021\/04\/25abril_cartazdigital-1449x2048.png 1449w, https:\/\/www.cm-evora.pt\/wp-content\/uploads\/2021\/04\/25abril_cartazdigital-1320x1866.png 1320w\" sizes=\"auto, (max-width: 1755px) 100vw, 1755px\" \/><\/a><\/p>\n<p><\/p>","protected":false},"excerpt":{"rendered":"<p>Sorry, this entry is only available in Portugu\u00eas. \u00a0Com a pandemia provocada pelo Covid-19 ainda a condicionar a vida das popula\u00e7\u00f5es, a C\u00e2mara de \u00c9vora volta a comemorar, em 2021, os valores conquistados a 25 de abril de 1974 com uma programa\u00e7\u00e3o mista que integra, por um lado, duas emiss\u00f5es especiais com transmiss\u00e3o na r\u00e1dio [&hellip;]<\/p>\n","protected":false},"author":45,"featured_media":22368,"comment_status":"closed","ping_status":"closed","sticky":false,"template":"","format":"standard","meta":{"_acf_changed":false,"footnotes":""},"categories":[2110],"tags":[],"class_list":["post-22367","post","type-post","status-publish","format-standard","has-post-thumbnail","hentry","category-noticias"],"acf":{"imagens":"","destaq_image":22371,"titulo_docs_seccao":"","documentos":""},"_links":{"self":[{"href":"https:\/\/www.cm-evora.pt\/en\/wp-json\/wp\/v2\/posts\/22367","targetHints":{"allow":["GET"]}}],"collection":[{"href":"https:\/\/www.cm-evora.pt\/en\/wp-json\/wp\/v2\/posts"}],"about":[{"href":"https:\/\/www.cm-evora.pt\/en\/wp-json\/wp\/v2\/types\/post"}],"author":[{"embeddable":true,"href":"https:\/\/www.cm-evora.pt\/en\/wp-json\/wp\/v2\/users\/45"}],"replies":[{"embeddable":true,"href":"https:\/\/www.cm-evora.pt\/en\/wp-json\/wp\/v2\/comments?post=22367"}],"version-history":[{"count":2,"href":"https:\/\/www.cm-evora.pt\/en\/wp-json\/wp\/v2\/posts\/22367\/revisions"}],"predecessor-version":[{"id":22372,"href":"https:\/\/www.cm-evora.pt\/en\/wp-json\/wp\/v2\/posts\/22367\/revisions\/22372"}],"wp:featuredmedia":[{"embeddable":true,"href":"https:\/\/www.cm-evora.pt\/en\/wp-json\/wp\/v2\/media\/22368"}],"wp:attachment":[{"href":"https:\/\/www.cm-evora.pt\/en\/wp-json\/wp\/v2\/media?parent=22367"}],"wp:term":[{"taxonomy":"category","embeddable":true,"href":"https:\/\/www.cm-evora.pt\/en\/wp-json\/wp\/v2\/categories?post=22367"},{"taxonomy":"post_tag","embeddable":true,"href":"https:\/\/www.cm-evora.pt\/en\/wp-json\/wp\/v2\/tags?post=22367"}],"curies":[{"name":"wp","href":"https:\/\/api.w.org\/{rel}","templated":true}]}}