{"id":22668,"date":"2021-05-06T10:39:38","date_gmt":"2021-05-06T09:39:38","guid":{"rendered":"https:\/\/www.cm-evora.pt\/?p=22668"},"modified":"2021-07-06T18:47:49","modified_gmt":"2021-07-06T17:47:49","slug":"projeto-territorio-eurobird-disponibiliza-plano-de-formacao-para-empresas-na-area-da-ornitologia","status":"publish","type":"post","link":"https:\/\/www.cm-evora.pt\/en\/projeto-territorio-eurobird-disponibiliza-plano-de-formacao-para-empresas-na-area-da-ornitologia\/","title":{"rendered":"(Portugu\u00eas) Projeto \u201cTerrit\u00f3rio EUROBIRD\u201d disponibiliza plano de forma\u00e7\u00e3o para empresas na \u00e1rea da ornitologia"},"content":{"rendered":"<p class=\"qtranxs-available-languages-message qtranxs-available-languages-message-en\">Sorry, this entry is only available in <a href=\"https:\/\/www.cm-evora.pt\/pt\/wp-json\/wp\/v2\/posts\/22668\" class=\"qtranxs-available-language-link qtranxs-available-language-link-pt\" title=\"Portugu\u00eas\">Portugu\u00eas<\/a>.<\/p><p>No \u00e2mbito do projeto \u201cTerritorio EUROBIRD\u201d, que visa a conserva\u00e7\u00e3o do patrim\u00f3nio natural e a promo\u00e7\u00e3o do turismo ornitol\u00f3gico no espa\u00e7o transfronteiri\u00e7o de Espanha e Portugal, ser\u00e1 disponibilizado um vasto plano de forma\u00e7\u00e3o para empresas.<\/p>\n<p>Esta linha de apoio, gratuita, possibilitar\u00e1 a capacita\u00e7\u00e3o de empresas para o turismo de natureza na \u00e1rea da ornitologia, permitindo, entre outras tem\u00e1ticas de relevo, conhecer melhor a avifauna regional, o papel do guia de natureza, os diferentes perfis dos clientes que procuram esta atividade e as necessidades espec\u00edficas da regi\u00e3o.<\/p>\n<p>A primeira jornada formativa ser\u00e1 promovida pela C\u00e2mara de Com\u00e9rcio de C\u00e1ceres e ter\u00e1 lugar no pr\u00f3ximo dia 10 de maio, das 16:00 \u00e0s 19:00, na plataforma zoom, abordando a quest\u00e3o dos pontos de informa\u00e7\u00e3o tur\u00edstica, alojamentos e hot\u00e9is rurais e a oferta local de guias de natureza.<\/p>\n<p>Poder\u00e1 inscrever-se atrav\u00e9s do endere\u00e7o:<\/p>\n<p><a href=\"https:\/\/www.camaracaceres.com\/inscripcion-jornadas-formativas-eurobird\/\">https:\/\/www.camaracaceres.com\/inscripcion-jornadas-formativas-eurobird\/<\/a><\/p>\n<p>e obter mais informa\u00e7\u00e3o sobre as pr\u00f3ximas jornadas em:<\/p>\n<p><a href=\"http:\/\/www.eurobird.org\/pt\/inicio-pt\/\">http:\/\/www.eurobird.org\/pt\/inicio-pt\/<\/a><\/p>\n<p><a href=\"https:\/\/www.camaracaceres.com\/formaciones-eurobird\/\">https:\/\/www.camaracaceres.com\/formaciones-eurobird\/<\/a><\/p>\n<p><a href=\"https:\/\/www.camarabadajoz.es\/escuela-negocios\/talleres-jornadas\">https:\/\/www.camarabadajoz.es\/escuela-negocios\/talleres-jornadas<\/a><\/p>\n<p>S\u00e3o benefici\u00e1rios deste projeto, para al\u00e9m da C\u00e2mara Municipal de \u00c9vora, os munic\u00edpios de Elvas, Castelo Branco e Campo Maior, a Diputaci\u00f3n Provincial de Badajoz, o ayuntamiento de Badajoz, as C\u00e1maras Oficiales de Comercio, Industria y Servicios de Badajoz e C\u00e1ceres, a Direcci\u00f3n General de Turismo, Conserjer\u00eda de Econom\u00eda e Infraestructuras, Junta de Extremadura e a empresa RANNA Consultor\u00eda.<\/p>\n<p><a href=\"https:\/\/www.cm-evora.pt\/wp-content\/uploads\/2021\/05\/Identidade-Eurobird.png\"><img loading=\"lazy\" decoding=\"async\" class=\"alignnone wp-image-22669 size-full\" src=\"https:\/\/www.cm-evora.pt\/wp-content\/uploads\/2021\/05\/Identidade-Eurobird.png\" alt=\"\" width=\"1527\" height=\"831\" srcset=\"https:\/\/www.cm-evora.pt\/wp-content\/uploads\/2021\/05\/Identidade-Eurobird.png 1527w, https:\/\/www.cm-evora.pt\/wp-content\/uploads\/2021\/05\/Identidade-Eurobird-300x163.png 300w, https:\/\/www.cm-evora.pt\/wp-content\/uploads\/2021\/05\/Identidade-Eurobird-1024x557.png 1024w, https:\/\/www.cm-evora.pt\/wp-content\/uploads\/2021\/05\/Identidade-Eurobird-768x418.png 768w, https:\/\/www.cm-evora.pt\/wp-content\/uploads\/2021\/05\/Identidade-Eurobird-1320x718.png 1320w\" sizes=\"auto, (max-width: 1527px) 100vw, 1527px\" \/><\/a><\/p>","protected":false},"excerpt":{"rendered":"<p>Sorry, this entry is only available in Portugu\u00eas.No \u00e2mbito do projeto \u201cTerritorio EUROBIRD\u201d, que visa a conserva\u00e7\u00e3o do patrim\u00f3nio natural e a promo\u00e7\u00e3o do turismo ornitol\u00f3gico no espa\u00e7o transfronteiri\u00e7o de Espanha e Portugal, ser\u00e1 disponibilizado um vasto plano de forma\u00e7\u00e3o para empresas. Esta linha de apoio, gratuita, possibilitar\u00e1 a capacita\u00e7\u00e3o de empresas para o turismo [&hellip;]<\/p>\n","protected":false},"author":37,"featured_media":22673,"comment_status":"closed","ping_status":"closed","sticky":false,"template":"","format":"standard","meta":{"_acf_changed":false,"footnotes":""},"categories":[2110],"tags":[],"class_list":["post-22668","post","type-post","status-publish","format-standard","has-post-thumbnail","hentry","category-noticias"],"acf":{"imagens":"","destaq_image":22673,"titulo_docs_seccao":"","documentos":""},"_links":{"self":[{"href":"https:\/\/www.cm-evora.pt\/en\/wp-json\/wp\/v2\/posts\/22668","targetHints":{"allow":["GET"]}}],"collection":[{"href":"https:\/\/www.cm-evora.pt\/en\/wp-json\/wp\/v2\/posts"}],"about":[{"href":"https:\/\/www.cm-evora.pt\/en\/wp-json\/wp\/v2\/types\/post"}],"author":[{"embeddable":true,"href":"https:\/\/www.cm-evora.pt\/en\/wp-json\/wp\/v2\/users\/37"}],"replies":[{"embeddable":true,"href":"https:\/\/www.cm-evora.pt\/en\/wp-json\/wp\/v2\/comments?post=22668"}],"version-history":[{"count":2,"href":"https:\/\/www.cm-evora.pt\/en\/wp-json\/wp\/v2\/posts\/22668\/revisions"}],"predecessor-version":[{"id":22706,"href":"https:\/\/www.cm-evora.pt\/en\/wp-json\/wp\/v2\/posts\/22668\/revisions\/22706"}],"wp:featuredmedia":[{"embeddable":true,"href":"https:\/\/www.cm-evora.pt\/en\/wp-json\/wp\/v2\/media\/22673"}],"wp:attachment":[{"href":"https:\/\/www.cm-evora.pt\/en\/wp-json\/wp\/v2\/media?parent=22668"}],"wp:term":[{"taxonomy":"category","embeddable":true,"href":"https:\/\/www.cm-evora.pt\/en\/wp-json\/wp\/v2\/categories?post=22668"},{"taxonomy":"post_tag","embeddable":true,"href":"https:\/\/www.cm-evora.pt\/en\/wp-json\/wp\/v2\/tags?post=22668"}],"curies":[{"name":"wp","href":"https:\/\/api.w.org\/{rel}","templated":true}]}}