{"id":22865,"date":"2021-05-12T18:35:18","date_gmt":"2021-05-12T17:35:18","guid":{"rendered":"https:\/\/www.cm-evora.pt\/?p=22865"},"modified":"2021-07-06T18:53:23","modified_gmt":"2021-07-06T17:53:23","slug":"dia-mundial-das-aves-migratorias-assinalado-em-evora","status":"publish","type":"post","link":"https:\/\/www.cm-evora.pt\/en\/dia-mundial-das-aves-migratorias-assinalado-em-evora\/","title":{"rendered":"(Portugu\u00eas) Dia Mundial das Aves Migrat\u00f3rias assinalado em \u00c9vora"},"content":{"rendered":"<p class=\"qtranxs-available-languages-message qtranxs-available-languages-message-en\">Sorry, this entry is only available in <a href=\"https:\/\/www.cm-evora.pt\/pt\/wp-json\/wp\/v2\/posts\/22865\" class=\"qtranxs-available-language-link qtranxs-available-language-link-pt\" title=\"Portugu\u00eas\">Portugu\u00eas<\/a>.<\/p><p>O Dia Mundial das Aves Migrat\u00f3rias, que ocorreu no passado 8 de maio, foi assinalado pela C\u00e2mara Municipal de \u00c9vora com atividades l\u00fadicas e pedag\u00f3gicas no N\u00facleo Museol\u00f3gico do Alto de S. Bento.<\/p>\n<p>Para al\u00e9m de terem tido a oportunidade de conhecer detalhes que caraterizam algumas das esp\u00e9cies de aves da nossa regi\u00e3o, bem como o seu comportamento no voo, tipos de ninhos, etc., os mais jovens puderam tamb\u00e9m aprender formas de observar e ajudar a preservar estas esp\u00e9cies de aves que, por percorrerem longas dist\u00e2ncias, se tornam muito especiais.<\/p>\n<p>As esp\u00e9cies de aves migrat\u00f3rias est\u00e3o particularmente amea\u00e7adas pois n\u00e3o dependem \u201capenas\u201d da preserva\u00e7\u00e3o do seu <em>habitat<\/em> natural num s\u00f3 local, mas sim da preserva\u00e7\u00e3o de uma grande variedade de locais situados na sua rota de migra\u00e7\u00e3o.<\/p>\n<p>Por percorrerem territ\u00f3rios pertencentes a diferentes pa\u00edses, a sua preserva\u00e7\u00e3o depende em grande medida da capacidade dos pa\u00edses adotarem medidas protetoras de \u00e2mbito internacional. Verifica-se que por vezes o interesse comum na ado\u00e7\u00e3o de medidas de prote\u00e7\u00e3o da natureza acaba por aproximar pa\u00edses, contribuindo para atenuar as diferen\u00e7as em benef\u00edcio da coexist\u00eancia pac\u00edfica.<\/p>\n<p>A iniciativa que decorreu no N\u00facleo Museol\u00f3gico do Alto de S. Bento enquadrou-se tamb\u00e9m no plano de atividades do projeto \u201cTerritorio EUROBIRD\u201d, que visa a conserva\u00e7\u00e3o do patrim\u00f3nio natural e a promo\u00e7\u00e3o do turismo ornitol\u00f3gico no espa\u00e7o transfronteiri\u00e7o de Espanha e Portugal, do qual a C\u00e2mara Municipal de \u00c9vora \u00e9 parceira.<\/p>","protected":false},"excerpt":{"rendered":"<p>Sorry, this entry is only available in Portugu\u00eas.O Dia Mundial das Aves Migrat\u00f3rias, que ocorreu no passado 8 de maio, foi assinalado pela C\u00e2mara Municipal de \u00c9vora com atividades l\u00fadicas e pedag\u00f3gicas no N\u00facleo Museol\u00f3gico do Alto de S. Bento. Para al\u00e9m de terem tido a oportunidade de conhecer detalhes que caraterizam algumas das esp\u00e9cies [&hellip;]<\/p>\n","protected":false},"author":37,"featured_media":22837,"comment_status":"closed","ping_status":"closed","sticky":false,"template":"","format":"standard","meta":{"_acf_changed":false,"footnotes":""},"categories":[2110],"tags":[],"class_list":["post-22865","post","type-post","status-publish","format-standard","has-post-thumbnail","hentry","category-noticias"],"acf":{"imagens":"","destaq_image":22837,"titulo_docs_seccao":"","documentos":""},"_links":{"self":[{"href":"https:\/\/www.cm-evora.pt\/en\/wp-json\/wp\/v2\/posts\/22865","targetHints":{"allow":["GET"]}}],"collection":[{"href":"https:\/\/www.cm-evora.pt\/en\/wp-json\/wp\/v2\/posts"}],"about":[{"href":"https:\/\/www.cm-evora.pt\/en\/wp-json\/wp\/v2\/types\/post"}],"author":[{"embeddable":true,"href":"https:\/\/www.cm-evora.pt\/en\/wp-json\/wp\/v2\/users\/37"}],"replies":[{"embeddable":true,"href":"https:\/\/www.cm-evora.pt\/en\/wp-json\/wp\/v2\/comments?post=22865"}],"version-history":[{"count":3,"href":"https:\/\/www.cm-evora.pt\/en\/wp-json\/wp\/v2\/posts\/22865\/revisions"}],"predecessor-version":[{"id":22869,"href":"https:\/\/www.cm-evora.pt\/en\/wp-json\/wp\/v2\/posts\/22865\/revisions\/22869"}],"wp:featuredmedia":[{"embeddable":true,"href":"https:\/\/www.cm-evora.pt\/en\/wp-json\/wp\/v2\/media\/22837"}],"wp:attachment":[{"href":"https:\/\/www.cm-evora.pt\/en\/wp-json\/wp\/v2\/media?parent=22865"}],"wp:term":[{"taxonomy":"category","embeddable":true,"href":"https:\/\/www.cm-evora.pt\/en\/wp-json\/wp\/v2\/categories?post=22865"},{"taxonomy":"post_tag","embeddable":true,"href":"https:\/\/www.cm-evora.pt\/en\/wp-json\/wp\/v2\/tags?post=22865"}],"curies":[{"name":"wp","href":"https:\/\/api.w.org\/{rel}","templated":true}]}}