{"id":23271,"date":"2021-05-27T16:23:05","date_gmt":"2021-05-27T15:23:05","guid":{"rendered":"https:\/\/www.cm-evora.pt\/?p=23271"},"modified":"2021-07-07T09:21:16","modified_gmt":"2021-07-07T08:21:16","slug":"associacao-de-moradores-do-bacelo-comemorou-40-anos-de-existencia","status":"publish","type":"post","link":"https:\/\/www.cm-evora.pt\/en\/associacao-de-moradores-do-bacelo-comemorou-40-anos-de-existencia\/","title":{"rendered":"(Portugu\u00eas) Associa\u00e7\u00e3o de Moradores do Bacelo comemorou 40 anos de exist\u00eancia"},"content":{"rendered":"<p class=\"qtranxs-available-languages-message qtranxs-available-languages-message-en\">Sorry, this entry is only available in <a href=\"https:\/\/www.cm-evora.pt\/pt\/wp-json\/wp\/v2\/posts\/23271\" class=\"qtranxs-available-language-link qtranxs-available-language-link-pt\" title=\"Portugu\u00eas\">Portugu\u00eas<\/a>.<\/p><p>A Associa\u00e7\u00e3o de Moradores do Bairro do Bacelo comemorou ontem, 26 de maio, o seu 40\u00ba anivers\u00e1rio. A data foi assinalada com uma sess\u00e3o solene seguida de lanche de confraterniza\u00e7\u00e3o.<\/p>\n<p>No evento estiveram presentes o Presidente da C\u00e2mara Municipal de \u00c9vora, Carlos Pinto de S\u00e1, a Vereadora Sara Dimas Fernandes, a Presidente da Uni\u00e3o de Freguesias do Bacelo e Sr\u00aa da Sa\u00fade, Gertrudes Pastor, para al\u00e9m de diversas outras associa\u00e7\u00f5es convidadas e da Pol\u00edcia de Seguran\u00e7a P\u00fablica de \u00c9vora.<\/p>\n<p>Na interven\u00e7\u00e3o que proferiu, o Presidente da C\u00e2mara congratulou a Associa\u00e7\u00e3o de Moradores pelos 40 anos ao servi\u00e7o da comunidade e particularmente da popula\u00e7\u00e3o do Bairro do Bacelo, o que tem prestigiado a Freguesia e o Concelho de \u00c9vora. O Presidente da C\u00e2mara manifestou ainda completa disponibilidade e abertura para manter um di\u00e1logo permanente no sentido de, no \u00e2mbito das compet\u00eancias e possibilidades do Munic\u00edpio, prestar apoio \u00e0 atividade desenvolvida pela associa\u00e7\u00e3o.<\/p>\n<p>\n\t\t<style type=\"text\/css\">\n\t\t\t#gallery-1 {\n\t\t\t\tmargin: auto;\n\t\t\t}\n\t\t\t#gallery-1 .gallery-item {\n\t\t\t\tfloat: left;\n\t\t\t\tmargin-top: 10px;\n\t\t\t\ttext-align: center;\n\t\t\t\twidth: 33%;\n\t\t\t}\n\t\t\t#gallery-1 img {\n\t\t\t\tborder: 2px solid #cfcfcf;\n\t\t\t}\n\t\t\t#gallery-1 .gallery-caption {\n\t\t\t\tmargin-left: 0;\n\t\t\t}\n\t\t\t\/* see gallery_shortcode() in wp-includes\/media.php *\/\n\t\t<\/style>\n\t\t<div id='gallery-1' class='gallery galleryid-23271 gallery-columns-3 gallery-size-full'><dl class='gallery-item'>\n\t\t\t<dt class='gallery-icon landscape'>\n\t\t\t\t<a href='https:\/\/www.cm-evora.pt\/wp-content\/uploads\/2021\/05\/2021_05_Bacelo-11.jpg'><img loading=\"lazy\" decoding=\"async\" width=\"1920\" height=\"1280\" src=\"https:\/\/www.cm-evora.pt\/wp-content\/uploads\/2021\/05\/2021_05_Bacelo-11.jpg\" class=\"attachment-full size-full\" alt=\"\" srcset=\"https:\/\/www.cm-evora.pt\/wp-content\/uploads\/2021\/05\/2021_05_Bacelo-11.jpg 1920w, https:\/\/www.cm-evora.pt\/wp-content\/uploads\/2021\/05\/2021_05_Bacelo-11-300x200.jpg 300w, https:\/\/www.cm-evora.pt\/wp-content\/uploads\/2021\/05\/2021_05_Bacelo-11-1024x683.jpg 1024w, https:\/\/www.cm-evora.pt\/wp-content\/uploads\/2021\/05\/2021_05_Bacelo-11-768x512.jpg 768w, https:\/\/www.cm-evora.pt\/wp-content\/uploads\/2021\/05\/2021_05_Bacelo-11-1536x1024.jpg 1536w, https:\/\/www.cm-evora.pt\/wp-content\/uploads\/2021\/05\/2021_05_Bacelo-11-1320x880.jpg 1320w\" sizes=\"auto, (max-width: 1920px) 100vw, 1920px\" \/><\/a>\n\t\t\t<\/dt><\/dl><dl class='gallery-item'>\n\t\t\t<dt class='gallery-icon landscape'>\n\t\t\t\t<a href='https:\/\/www.cm-evora.pt\/wp-content\/uploads\/2021\/05\/2021_05_Bacelo-10.jpg'><img loading=\"lazy\" decoding=\"async\" width=\"1920\" height=\"1200\" src=\"https:\/\/www.cm-evora.pt\/wp-content\/uploads\/2021\/05\/2021_05_Bacelo-10.jpg\" class=\"attachment-full size-full\" alt=\"\" srcset=\"https:\/\/www.cm-evora.pt\/wp-content\/uploads\/2021\/05\/2021_05_Bacelo-10.jpg 1920w, https:\/\/www.cm-evora.pt\/wp-content\/uploads\/2021\/05\/2021_05_Bacelo-10-300x188.jpg 300w, https:\/\/www.cm-evora.pt\/wp-content\/uploads\/2021\/05\/2021_05_Bacelo-10-1024x640.jpg 1024w, https:\/\/www.cm-evora.pt\/wp-content\/uploads\/2021\/05\/2021_05_Bacelo-10-768x480.jpg 768w, https:\/\/www.cm-evora.pt\/wp-content\/uploads\/2021\/05\/2021_05_Bacelo-10-1536x960.jpg 1536w, https:\/\/www.cm-evora.pt\/wp-content\/uploads\/2021\/05\/2021_05_Bacelo-10-1320x825.jpg 1320w\" sizes=\"auto, (max-width: 1920px) 100vw, 1920px\" \/><\/a>\n\t\t\t<\/dt><\/dl><dl class='gallery-item'>\n\t\t\t<dt class='gallery-icon landscape'>\n\t\t\t\t<a href='https:\/\/www.cm-evora.pt\/wp-content\/uploads\/2021\/05\/2021_05_Bacelo-12.jpg'><img loading=\"lazy\" decoding=\"async\" width=\"1920\" height=\"1366\" src=\"https:\/\/www.cm-evora.pt\/wp-content\/uploads\/2021\/05\/2021_05_Bacelo-12.jpg\" class=\"attachment-full size-full\" alt=\"\" srcset=\"https:\/\/www.cm-evora.pt\/wp-content\/uploads\/2021\/05\/2021_05_Bacelo-12.jpg 1920w, https:\/\/www.cm-evora.pt\/wp-content\/uploads\/2021\/05\/2021_05_Bacelo-12-300x213.jpg 300w, https:\/\/www.cm-evora.pt\/wp-content\/uploads\/2021\/05\/2021_05_Bacelo-12-1024x729.jpg 1024w, https:\/\/www.cm-evora.pt\/wp-content\/uploads\/2021\/05\/2021_05_Bacelo-12-768x546.jpg 768w, https:\/\/www.cm-evora.pt\/wp-content\/uploads\/2021\/05\/2021_05_Bacelo-12-1536x1093.jpg 1536w, https:\/\/www.cm-evora.pt\/wp-content\/uploads\/2021\/05\/2021_05_Bacelo-12-1320x939.jpg 1320w\" sizes=\"auto, (max-width: 1920px) 100vw, 1920px\" \/><\/a>\n\t\t\t<\/dt><\/dl><br style=\"clear: both\" \/><dl class='gallery-item'>\n\t\t\t<dt class='gallery-icon landscape'>\n\t\t\t\t<a href='https:\/\/www.cm-evora.pt\/wp-content\/uploads\/2021\/05\/2021_05_Bacelo-14.jpg'><img loading=\"lazy\" decoding=\"async\" width=\"1920\" height=\"1280\" src=\"https:\/\/www.cm-evora.pt\/wp-content\/uploads\/2021\/05\/2021_05_Bacelo-14.jpg\" class=\"attachment-full size-full\" alt=\"\" srcset=\"https:\/\/www.cm-evora.pt\/wp-content\/uploads\/2021\/05\/2021_05_Bacelo-14.jpg 1920w, https:\/\/www.cm-evora.pt\/wp-content\/uploads\/2021\/05\/2021_05_Bacelo-14-300x200.jpg 300w, https:\/\/www.cm-evora.pt\/wp-content\/uploads\/2021\/05\/2021_05_Bacelo-14-1024x683.jpg 1024w, https:\/\/www.cm-evora.pt\/wp-content\/uploads\/2021\/05\/2021_05_Bacelo-14-768x512.jpg 768w, https:\/\/www.cm-evora.pt\/wp-content\/uploads\/2021\/05\/2021_05_Bacelo-14-1536x1024.jpg 1536w, https:\/\/www.cm-evora.pt\/wp-content\/uploads\/2021\/05\/2021_05_Bacelo-14-1320x880.jpg 1320w\" sizes=\"auto, (max-width: 1920px) 100vw, 1920px\" \/><\/a>\n\t\t\t<\/dt><\/dl><dl class='gallery-item'>\n\t\t\t<dt class='gallery-icon landscape'>\n\t\t\t\t<a href='https:\/\/www.cm-evora.pt\/wp-content\/uploads\/2021\/05\/2021_05_Bacelo-6.jpg'><img loading=\"lazy\" decoding=\"async\" width=\"1920\" height=\"1280\" src=\"https:\/\/www.cm-evora.pt\/wp-content\/uploads\/2021\/05\/2021_05_Bacelo-6.jpg\" class=\"attachment-full size-full\" alt=\"\" srcset=\"https:\/\/www.cm-evora.pt\/wp-content\/uploads\/2021\/05\/2021_05_Bacelo-6.jpg 1920w, https:\/\/www.cm-evora.pt\/wp-content\/uploads\/2021\/05\/2021_05_Bacelo-6-300x200.jpg 300w, https:\/\/www.cm-evora.pt\/wp-content\/uploads\/2021\/05\/2021_05_Bacelo-6-1024x683.jpg 1024w, https:\/\/www.cm-evora.pt\/wp-content\/uploads\/2021\/05\/2021_05_Bacelo-6-768x512.jpg 768w, https:\/\/www.cm-evora.pt\/wp-content\/uploads\/2021\/05\/2021_05_Bacelo-6-1536x1024.jpg 1536w, https:\/\/www.cm-evora.pt\/wp-content\/uploads\/2021\/05\/2021_05_Bacelo-6-1320x880.jpg 1320w\" sizes=\"auto, (max-width: 1920px) 100vw, 1920px\" \/><\/a>\n\t\t\t<\/dt><\/dl><dl class='gallery-item'>\n\t\t\t<dt class='gallery-icon landscape'>\n\t\t\t\t<a href='https:\/\/www.cm-evora.pt\/wp-content\/uploads\/2021\/05\/2021_05_Bacelo-7.jpg'><img loading=\"lazy\" decoding=\"async\" width=\"1920\" height=\"1240\" src=\"https:\/\/www.cm-evora.pt\/wp-content\/uploads\/2021\/05\/2021_05_Bacelo-7.jpg\" class=\"attachment-full size-full\" alt=\"\" srcset=\"https:\/\/www.cm-evora.pt\/wp-content\/uploads\/2021\/05\/2021_05_Bacelo-7.jpg 1920w, https:\/\/www.cm-evora.pt\/wp-content\/uploads\/2021\/05\/2021_05_Bacelo-7-300x194.jpg 300w, https:\/\/www.cm-evora.pt\/wp-content\/uploads\/2021\/05\/2021_05_Bacelo-7-1024x661.jpg 1024w, https:\/\/www.cm-evora.pt\/wp-content\/uploads\/2021\/05\/2021_05_Bacelo-7-768x496.jpg 768w, https:\/\/www.cm-evora.pt\/wp-content\/uploads\/2021\/05\/2021_05_Bacelo-7-1536x992.jpg 1536w, https:\/\/www.cm-evora.pt\/wp-content\/uploads\/2021\/05\/2021_05_Bacelo-7-1320x853.jpg 1320w\" sizes=\"auto, (max-width: 1920px) 100vw, 1920px\" \/><\/a>\n\t\t\t<\/dt><\/dl><br style=\"clear: both\" \/><dl class='gallery-item'>\n\t\t\t<dt class='gallery-icon landscape'>\n\t\t\t\t<a href='https:\/\/www.cm-evora.pt\/wp-content\/uploads\/2021\/05\/2021_05_Bacelo-8.jpg'><img loading=\"lazy\" decoding=\"async\" width=\"1920\" height=\"1280\" src=\"https:\/\/www.cm-evora.pt\/wp-content\/uploads\/2021\/05\/2021_05_Bacelo-8.jpg\" class=\"attachment-full size-full\" alt=\"\" srcset=\"https:\/\/www.cm-evora.pt\/wp-content\/uploads\/2021\/05\/2021_05_Bacelo-8.jpg 1920w, https:\/\/www.cm-evora.pt\/wp-content\/uploads\/2021\/05\/2021_05_Bacelo-8-300x200.jpg 300w, https:\/\/www.cm-evora.pt\/wp-content\/uploads\/2021\/05\/2021_05_Bacelo-8-1024x683.jpg 1024w, https:\/\/www.cm-evora.pt\/wp-content\/uploads\/2021\/05\/2021_05_Bacelo-8-768x512.jpg 768w, https:\/\/www.cm-evora.pt\/wp-content\/uploads\/2021\/05\/2021_05_Bacelo-8-1536x1024.jpg 1536w, https:\/\/www.cm-evora.pt\/wp-content\/uploads\/2021\/05\/2021_05_Bacelo-8-1320x880.jpg 1320w\" sizes=\"auto, (max-width: 1920px) 100vw, 1920px\" \/><\/a>\n\t\t\t<\/dt><\/dl><dl class='gallery-item'>\n\t\t\t<dt class='gallery-icon landscape'>\n\t\t\t\t<a href='https:\/\/www.cm-evora.pt\/wp-content\/uploads\/2021\/05\/2021_05_Bacelo-9.jpg'><img loading=\"lazy\" decoding=\"async\" width=\"1920\" height=\"1317\" src=\"https:\/\/www.cm-evora.pt\/wp-content\/uploads\/2021\/05\/2021_05_Bacelo-9.jpg\" class=\"attachment-full size-full\" alt=\"\" srcset=\"https:\/\/www.cm-evora.pt\/wp-content\/uploads\/2021\/05\/2021_05_Bacelo-9.jpg 1920w, https:\/\/www.cm-evora.pt\/wp-content\/uploads\/2021\/05\/2021_05_Bacelo-9-300x206.jpg 300w, https:\/\/www.cm-evora.pt\/wp-content\/uploads\/2021\/05\/2021_05_Bacelo-9-1024x702.jpg 1024w, https:\/\/www.cm-evora.pt\/wp-content\/uploads\/2021\/05\/2021_05_Bacelo-9-768x527.jpg 768w, https:\/\/www.cm-evora.pt\/wp-content\/uploads\/2021\/05\/2021_05_Bacelo-9-1536x1054.jpg 1536w, https:\/\/www.cm-evora.pt\/wp-content\/uploads\/2021\/05\/2021_05_Bacelo-9-1320x905.jpg 1320w\" sizes=\"auto, (max-width: 1920px) 100vw, 1920px\" \/><\/a>\n\t\t\t<\/dt><\/dl><dl class='gallery-item'>\n\t\t\t<dt class='gallery-icon landscape'>\n\t\t\t\t<a href='https:\/\/www.cm-evora.pt\/wp-content\/uploads\/2021\/05\/2021_05_Bacelo-3.jpg'><img loading=\"lazy\" decoding=\"async\" width=\"1920\" height=\"1324\" src=\"https:\/\/www.cm-evora.pt\/wp-content\/uploads\/2021\/05\/2021_05_Bacelo-3.jpg\" class=\"attachment-full size-full\" alt=\"\" srcset=\"https:\/\/www.cm-evora.pt\/wp-content\/uploads\/2021\/05\/2021_05_Bacelo-3.jpg 1920w, https:\/\/www.cm-evora.pt\/wp-content\/uploads\/2021\/05\/2021_05_Bacelo-3-300x207.jpg 300w, https:\/\/www.cm-evora.pt\/wp-content\/uploads\/2021\/05\/2021_05_Bacelo-3-1024x706.jpg 1024w, https:\/\/www.cm-evora.pt\/wp-content\/uploads\/2021\/05\/2021_05_Bacelo-3-768x530.jpg 768w, https:\/\/www.cm-evora.pt\/wp-content\/uploads\/2021\/05\/2021_05_Bacelo-3-1536x1059.jpg 1536w, https:\/\/www.cm-evora.pt\/wp-content\/uploads\/2021\/05\/2021_05_Bacelo-3-1320x910.jpg 1320w\" sizes=\"auto, (max-width: 1920px) 100vw, 1920px\" \/><\/a>\n\t\t\t<\/dt><\/dl><br style=\"clear: both\" \/><dl class='gallery-item'>\n\t\t\t<dt class='gallery-icon landscape'>\n\t\t\t\t<a href='https:\/\/www.cm-evora.pt\/wp-content\/uploads\/2021\/05\/DSCF2943-scaled.jpg'><img loading=\"lazy\" decoding=\"async\" width=\"2560\" height=\"1707\" src=\"https:\/\/www.cm-evora.pt\/wp-content\/uploads\/2021\/05\/DSCF2943-scaled.jpg\" class=\"attachment-full size-full\" alt=\"\" srcset=\"https:\/\/www.cm-evora.pt\/wp-content\/uploads\/2021\/05\/DSCF2943-scaled.jpg 2560w, https:\/\/www.cm-evora.pt\/wp-content\/uploads\/2021\/05\/DSCF2943-300x200.jpg 300w, https:\/\/www.cm-evora.pt\/wp-content\/uploads\/2021\/05\/DSCF2943-1024x683.jpg 1024w, https:\/\/www.cm-evora.pt\/wp-content\/uploads\/2021\/05\/DSCF2943-768x512.jpg 768w, https:\/\/www.cm-evora.pt\/wp-content\/uploads\/2021\/05\/DSCF2943-1536x1024.jpg 1536w, https:\/\/www.cm-evora.pt\/wp-content\/uploads\/2021\/05\/DSCF2943-2048x1365.jpg 2048w, https:\/\/www.cm-evora.pt\/wp-content\/uploads\/2021\/05\/DSCF2943-1320x880.jpg 1320w\" sizes=\"auto, (max-width: 2560px) 100vw, 2560px\" \/><\/a>\n\t\t\t<\/dt><\/dl><dl class='gallery-item'>\n\t\t\t<dt class='gallery-icon landscape'>\n\t\t\t\t<a href='https:\/\/www.cm-evora.pt\/wp-content\/uploads\/2021\/05\/2021_05_Bacelo-4.jpg'><img loading=\"lazy\" decoding=\"async\" width=\"1920\" height=\"1280\" src=\"https:\/\/www.cm-evora.pt\/wp-content\/uploads\/2021\/05\/2021_05_Bacelo-4.jpg\" class=\"attachment-full size-full\" alt=\"\" srcset=\"https:\/\/www.cm-evora.pt\/wp-content\/uploads\/2021\/05\/2021_05_Bacelo-4.jpg 1920w, https:\/\/www.cm-evora.pt\/wp-content\/uploads\/2021\/05\/2021_05_Bacelo-4-300x200.jpg 300w, https:\/\/www.cm-evora.pt\/wp-content\/uploads\/2021\/05\/2021_05_Bacelo-4-1024x683.jpg 1024w, https:\/\/www.cm-evora.pt\/wp-content\/uploads\/2021\/05\/2021_05_Bacelo-4-768x512.jpg 768w, https:\/\/www.cm-evora.pt\/wp-content\/uploads\/2021\/05\/2021_05_Bacelo-4-1536x1024.jpg 1536w, https:\/\/www.cm-evora.pt\/wp-content\/uploads\/2021\/05\/2021_05_Bacelo-4-1320x880.jpg 1320w\" sizes=\"auto, (max-width: 1920px) 100vw, 1920px\" \/><\/a>\n\t\t\t<\/dt><\/dl><dl class='gallery-item'>\n\t\t\t<dt class='gallery-icon landscape'>\n\t\t\t\t<a href='https:\/\/www.cm-evora.pt\/wp-content\/uploads\/2021\/05\/2021_05_Bacelo-5.jpg'><img loading=\"lazy\" decoding=\"async\" width=\"1920\" height=\"1280\" src=\"https:\/\/www.cm-evora.pt\/wp-content\/uploads\/2021\/05\/2021_05_Bacelo-5.jpg\" class=\"attachment-full size-full\" alt=\"\" srcset=\"https:\/\/www.cm-evora.pt\/wp-content\/uploads\/2021\/05\/2021_05_Bacelo-5.jpg 1920w, https:\/\/www.cm-evora.pt\/wp-content\/uploads\/2021\/05\/2021_05_Bacelo-5-300x200.jpg 300w, https:\/\/www.cm-evora.pt\/wp-content\/uploads\/2021\/05\/2021_05_Bacelo-5-1024x683.jpg 1024w, https:\/\/www.cm-evora.pt\/wp-content\/uploads\/2021\/05\/2021_05_Bacelo-5-768x512.jpg 768w, https:\/\/www.cm-evora.pt\/wp-content\/uploads\/2021\/05\/2021_05_Bacelo-5-1536x1024.jpg 1536w, https:\/\/www.cm-evora.pt\/wp-content\/uploads\/2021\/05\/2021_05_Bacelo-5-1320x880.jpg 1320w\" sizes=\"auto, (max-width: 1920px) 100vw, 1920px\" \/><\/a>\n\t\t\t<\/dt><\/dl><br style=\"clear: both\" \/>\n\t\t<\/div>\n<\/p>","protected":false},"excerpt":{"rendered":"<p>Sorry, this entry is only available in Portugu\u00eas.A Associa\u00e7\u00e3o de Moradores do Bairro do Bacelo comemorou ontem, 26 de maio, o seu 40\u00ba anivers\u00e1rio. A data foi assinalada com uma sess\u00e3o solene seguida de lanche de confraterniza\u00e7\u00e3o. No evento estiveram presentes o Presidente da C\u00e2mara Municipal de \u00c9vora, Carlos Pinto de S\u00e1, a Vereadora Sara [&hellip;]<\/p>\n","protected":false},"author":37,"featured_media":23282,"comment_status":"closed","ping_status":"closed","sticky":false,"template":"","format":"standard","meta":{"_acf_changed":false,"footnotes":""},"categories":[2110],"tags":[],"class_list":["post-23271","post","type-post","status-publish","format-standard","has-post-thumbnail","hentry","category-noticias"],"acf":{"imagens":"","destaq_image":23288,"titulo_docs_seccao":"","documentos":""},"_links":{"self":[{"href":"https:\/\/www.cm-evora.pt\/en\/wp-json\/wp\/v2\/posts\/23271","targetHints":{"allow":["GET"]}}],"collection":[{"href":"https:\/\/www.cm-evora.pt\/en\/wp-json\/wp\/v2\/posts"}],"about":[{"href":"https:\/\/www.cm-evora.pt\/en\/wp-json\/wp\/v2\/types\/post"}],"author":[{"embeddable":true,"href":"https:\/\/www.cm-evora.pt\/en\/wp-json\/wp\/v2\/users\/37"}],"replies":[{"embeddable":true,"href":"https:\/\/www.cm-evora.pt\/en\/wp-json\/wp\/v2\/comments?post=23271"}],"version-history":[{"count":6,"href":"https:\/\/www.cm-evora.pt\/en\/wp-json\/wp\/v2\/posts\/23271\/revisions"}],"predecessor-version":[{"id":23298,"href":"https:\/\/www.cm-evora.pt\/en\/wp-json\/wp\/v2\/posts\/23271\/revisions\/23298"}],"wp:featuredmedia":[{"embeddable":true,"href":"https:\/\/www.cm-evora.pt\/en\/wp-json\/wp\/v2\/media\/23282"}],"wp:attachment":[{"href":"https:\/\/www.cm-evora.pt\/en\/wp-json\/wp\/v2\/media?parent=23271"}],"wp:term":[{"taxonomy":"category","embeddable":true,"href":"https:\/\/www.cm-evora.pt\/en\/wp-json\/wp\/v2\/categories?post=23271"},{"taxonomy":"post_tag","embeddable":true,"href":"https:\/\/www.cm-evora.pt\/en\/wp-json\/wp\/v2\/tags?post=23271"}],"curies":[{"name":"wp","href":"https:\/\/api.w.org\/{rel}","templated":true}]}}