{"id":23318,"date":"2021-05-28T15:17:49","date_gmt":"2021-05-28T14:17:49","guid":{"rendered":"https:\/\/www.cm-evora.pt\/?p=23318"},"modified":"2021-07-07T09:23:00","modified_gmt":"2021-07-07T08:23:00","slug":"dia-mundial-do-brincar-em-evora-festejado-por-miudos-e-graudos","status":"publish","type":"post","link":"https:\/\/www.cm-evora.pt\/en\/dia-mundial-do-brincar-em-evora-festejado-por-miudos-e-graudos\/","title":{"rendered":"(Portugu\u00eas) Dia Mundial do Brincar em \u00c9vora festejado por mi\u00fados e gra\u00fados"},"content":{"rendered":"<p class=\"qtranxs-available-languages-message qtranxs-available-languages-message-en\">Sorry, this entry is only available in <a href=\"https:\/\/www.cm-evora.pt\/pt\/wp-json\/wp\/v2\/posts\/23318\" class=\"qtranxs-available-language-link qtranxs-available-language-link-pt\" title=\"Portugu\u00eas\">Portugu\u00eas<\/a>.<\/p><p>O Dia Mundial do Brincar (28 de Maio) est\u00e1 a ser assinalado no concelho com v\u00e1rias iniciativas l\u00fadicas e did\u00e1cticas para os mais novos, integradas num vasto conjunto de actividades no \u00e2mbito do Dia Mundial da Crian\u00e7a. As actividades s\u00e3o dinamizadas pela C\u00e2mara Municipal de \u00c9vora e algumas contam com a parceria de outras entidades.<\/p>\n<p>Deste modo, a manh\u00e3 iniciou-se com um espect\u00e1culo com Toz\u00e9 e Pit\u00fa na EB\/JI de S. Sebasti\u00e3o da Giesteira e com uma sess\u00e3o de contos por Bru Jun\u00e7a no Jardim de Inf\u00e2ncia Cruz da Picada.<\/p>\n<p>No Parque Infantil de \u00c9vora, a Ludoteca dinamizou um concerto did\u00e1ctico com o Quinteto de Metais Alentejano (que deu a conhecer melhor \u00e0s crian\u00e7as os instrumentos atrav\u00e9s da imita\u00e7\u00e3o de sons de animais) repartido em duas sess\u00f5es, destinadas ao Pr\u00e9-escolar\/1\u00aa Ciclo.<\/p>\n<p>Durante a tarde, haver\u00e1 um ateli\u00ea de desmontagem de brinquedos, actividades do Projeto Municipal de Promo\u00e7\u00e3o do Sucesso Escolar &#8211; EducArte, jogos tradicionais, uma oficina de fantoches e gincana para pais e filhos.<\/p>\n<p>Teve ainda lugar uma manh\u00e3 de cinema de anima\u00e7\u00e3o no audit\u00f3rio Soror Mariana para o Pr\u00e9-Escolar\/1\u00ba Ciclo e um espect\u00e1culo com T\u00f3 Z\u00e9 e Pit\u00fa na EB\/ JI Valverde e JI \u00c1gua de Lupe.<\/p>\n<p>&nbsp;<\/p>\n<p>\n\t\t<style type=\"text\/css\">\n\t\t\t#gallery-1 {\n\t\t\t\tmargin: auto;\n\t\t\t}\n\t\t\t#gallery-1 .gallery-item {\n\t\t\t\tfloat: left;\n\t\t\t\tmargin-top: 10px;\n\t\t\t\ttext-align: center;\n\t\t\t\twidth: 33%;\n\t\t\t}\n\t\t\t#gallery-1 img {\n\t\t\t\tborder: 2px solid #cfcfcf;\n\t\t\t}\n\t\t\t#gallery-1 .gallery-caption {\n\t\t\t\tmargin-left: 0;\n\t\t\t}\n\t\t\t\/* see gallery_shortcode() in wp-includes\/media.php *\/\n\t\t<\/style>\n\t\t<div id='gallery-1' class='gallery galleryid-23318 gallery-columns-3 gallery-size-full'><dl class='gallery-item'>\n\t\t\t<dt class='gallery-icon landscape'>\n\t\t\t\t<a href='https:\/\/www.cm-evora.pt\/wp-content\/uploads\/2021\/05\/DB.jpg'><img loading=\"lazy\" decoding=\"async\" width=\"1920\" height=\"1224\" src=\"https:\/\/www.cm-evora.pt\/wp-content\/uploads\/2021\/05\/DB.jpg\" class=\"attachment-full size-full\" alt=\"\" srcset=\"https:\/\/www.cm-evora.pt\/wp-content\/uploads\/2021\/05\/DB.jpg 1920w, https:\/\/www.cm-evora.pt\/wp-content\/uploads\/2021\/05\/DB-300x191.jpg 300w, https:\/\/www.cm-evora.pt\/wp-content\/uploads\/2021\/05\/DB-1024x653.jpg 1024w, https:\/\/www.cm-evora.pt\/wp-content\/uploads\/2021\/05\/DB-768x490.jpg 768w, https:\/\/www.cm-evora.pt\/wp-content\/uploads\/2021\/05\/DB-1536x979.jpg 1536w, https:\/\/www.cm-evora.pt\/wp-content\/uploads\/2021\/05\/DB-1320x842.jpg 1320w\" sizes=\"auto, (max-width: 1920px) 100vw, 1920px\" \/><\/a>\n\t\t\t<\/dt><\/dl><dl class='gallery-item'>\n\t\t\t<dt class='gallery-icon landscape'>\n\t\t\t\t<a href='https:\/\/www.cm-evora.pt\/wp-content\/uploads\/2021\/05\/DB1.jpg'><img loading=\"lazy\" decoding=\"async\" width=\"1920\" height=\"1280\" src=\"https:\/\/www.cm-evora.pt\/wp-content\/uploads\/2021\/05\/DB1.jpg\" class=\"attachment-full size-full\" alt=\"\" srcset=\"https:\/\/www.cm-evora.pt\/wp-content\/uploads\/2021\/05\/DB1.jpg 1920w, https:\/\/www.cm-evora.pt\/wp-content\/uploads\/2021\/05\/DB1-300x200.jpg 300w, https:\/\/www.cm-evora.pt\/wp-content\/uploads\/2021\/05\/DB1-1024x683.jpg 1024w, https:\/\/www.cm-evora.pt\/wp-content\/uploads\/2021\/05\/DB1-768x512.jpg 768w, https:\/\/www.cm-evora.pt\/wp-content\/uploads\/2021\/05\/DB1-1536x1024.jpg 1536w, https:\/\/www.cm-evora.pt\/wp-content\/uploads\/2021\/05\/DB1-1320x880.jpg 1320w\" sizes=\"auto, (max-width: 1920px) 100vw, 1920px\" \/><\/a>\n\t\t\t<\/dt><\/dl><dl class='gallery-item'>\n\t\t\t<dt class='gallery-icon landscape'>\n\t\t\t\t<a href='https:\/\/www.cm-evora.pt\/wp-content\/uploads\/2021\/05\/DB2.jpg'><img loading=\"lazy\" decoding=\"async\" width=\"1920\" height=\"1280\" src=\"https:\/\/www.cm-evora.pt\/wp-content\/uploads\/2021\/05\/DB2.jpg\" class=\"attachment-full size-full\" alt=\"\" srcset=\"https:\/\/www.cm-evora.pt\/wp-content\/uploads\/2021\/05\/DB2.jpg 1920w, https:\/\/www.cm-evora.pt\/wp-content\/uploads\/2021\/05\/DB2-300x200.jpg 300w, https:\/\/www.cm-evora.pt\/wp-content\/uploads\/2021\/05\/DB2-1024x683.jpg 1024w, https:\/\/www.cm-evora.pt\/wp-content\/uploads\/2021\/05\/DB2-768x512.jpg 768w, https:\/\/www.cm-evora.pt\/wp-content\/uploads\/2021\/05\/DB2-1536x1024.jpg 1536w, https:\/\/www.cm-evora.pt\/wp-content\/uploads\/2021\/05\/DB2-1320x880.jpg 1320w\" sizes=\"auto, (max-width: 1920px) 100vw, 1920px\" \/><\/a>\n\t\t\t<\/dt><\/dl><br style=\"clear: both\" \/><dl class='gallery-item'>\n\t\t\t<dt class='gallery-icon landscape'>\n\t\t\t\t<a href='https:\/\/www.cm-evora.pt\/wp-content\/uploads\/2021\/05\/DB3.jpg'><img loading=\"lazy\" decoding=\"async\" width=\"1920\" height=\"1280\" src=\"https:\/\/www.cm-evora.pt\/wp-content\/uploads\/2021\/05\/DB3.jpg\" class=\"attachment-full size-full\" alt=\"\" srcset=\"https:\/\/www.cm-evora.pt\/wp-content\/uploads\/2021\/05\/DB3.jpg 1920w, https:\/\/www.cm-evora.pt\/wp-content\/uploads\/2021\/05\/DB3-300x200.jpg 300w, https:\/\/www.cm-evora.pt\/wp-content\/uploads\/2021\/05\/DB3-1024x683.jpg 1024w, https:\/\/www.cm-evora.pt\/wp-content\/uploads\/2021\/05\/DB3-768x512.jpg 768w, https:\/\/www.cm-evora.pt\/wp-content\/uploads\/2021\/05\/DB3-1536x1024.jpg 1536w, https:\/\/www.cm-evora.pt\/wp-content\/uploads\/2021\/05\/DB3-1320x880.jpg 1320w\" sizes=\"auto, (max-width: 1920px) 100vw, 1920px\" \/><\/a>\n\t\t\t<\/dt><\/dl><dl class='gallery-item'>\n\t\t\t<dt class='gallery-icon landscape'>\n\t\t\t\t<a href='https:\/\/www.cm-evora.pt\/wp-content\/uploads\/2021\/05\/DB4.jpg'><img loading=\"lazy\" decoding=\"async\" width=\"1920\" height=\"1280\" src=\"https:\/\/www.cm-evora.pt\/wp-content\/uploads\/2021\/05\/DB4.jpg\" class=\"attachment-full size-full\" alt=\"\" srcset=\"https:\/\/www.cm-evora.pt\/wp-content\/uploads\/2021\/05\/DB4.jpg 1920w, https:\/\/www.cm-evora.pt\/wp-content\/uploads\/2021\/05\/DB4-300x200.jpg 300w, https:\/\/www.cm-evora.pt\/wp-content\/uploads\/2021\/05\/DB4-1024x683.jpg 1024w, https:\/\/www.cm-evora.pt\/wp-content\/uploads\/2021\/05\/DB4-768x512.jpg 768w, https:\/\/www.cm-evora.pt\/wp-content\/uploads\/2021\/05\/DB4-1536x1024.jpg 1536w, https:\/\/www.cm-evora.pt\/wp-content\/uploads\/2021\/05\/DB4-1320x880.jpg 1320w\" sizes=\"auto, (max-width: 1920px) 100vw, 1920px\" \/><\/a>\n\t\t\t<\/dt><\/dl><dl class='gallery-item'>\n\t\t\t<dt class='gallery-icon landscape'>\n\t\t\t\t<a href='https:\/\/www.cm-evora.pt\/wp-content\/uploads\/2021\/05\/DB5.jpg'><img loading=\"lazy\" decoding=\"async\" width=\"1920\" height=\"1280\" src=\"https:\/\/www.cm-evora.pt\/wp-content\/uploads\/2021\/05\/DB5.jpg\" class=\"attachment-full size-full\" alt=\"\" srcset=\"https:\/\/www.cm-evora.pt\/wp-content\/uploads\/2021\/05\/DB5.jpg 1920w, https:\/\/www.cm-evora.pt\/wp-content\/uploads\/2021\/05\/DB5-300x200.jpg 300w, https:\/\/www.cm-evora.pt\/wp-content\/uploads\/2021\/05\/DB5-1024x683.jpg 1024w, https:\/\/www.cm-evora.pt\/wp-content\/uploads\/2021\/05\/DB5-768x512.jpg 768w, https:\/\/www.cm-evora.pt\/wp-content\/uploads\/2021\/05\/DB5-1536x1024.jpg 1536w, https:\/\/www.cm-evora.pt\/wp-content\/uploads\/2021\/05\/DB5-1320x880.jpg 1320w\" sizes=\"auto, (max-width: 1920px) 100vw, 1920px\" \/><\/a>\n\t\t\t<\/dt><\/dl><br style=\"clear: both\" \/><dl class='gallery-item'>\n\t\t\t<dt class='gallery-icon portrait'>\n\t\t\t\t<a href='https:\/\/www.cm-evora.pt\/wp-content\/uploads\/2021\/05\/DB6.jpg'><img loading=\"lazy\" decoding=\"async\" width=\"1338\" height=\"1920\" src=\"https:\/\/www.cm-evora.pt\/wp-content\/uploads\/2021\/05\/DB6.jpg\" class=\"attachment-full size-full\" alt=\"\" srcset=\"https:\/\/www.cm-evora.pt\/wp-content\/uploads\/2021\/05\/DB6.jpg 1338w, https:\/\/www.cm-evora.pt\/wp-content\/uploads\/2021\/05\/DB6-209x300.jpg 209w, https:\/\/www.cm-evora.pt\/wp-content\/uploads\/2021\/05\/DB6-714x1024.jpg 714w, https:\/\/www.cm-evora.pt\/wp-content\/uploads\/2021\/05\/DB6-768x1102.jpg 768w, https:\/\/www.cm-evora.pt\/wp-content\/uploads\/2021\/05\/DB6-1070x1536.jpg 1070w, https:\/\/www.cm-evora.pt\/wp-content\/uploads\/2021\/05\/DB6-1320x1894.jpg 1320w\" sizes=\"auto, (max-width: 1338px) 100vw, 1338px\" \/><\/a>\n\t\t\t<\/dt><\/dl><dl class='gallery-item'>\n\t\t\t<dt class='gallery-icon portrait'>\n\t\t\t\t<a href='https:\/\/www.cm-evora.pt\/wp-content\/uploads\/2021\/05\/DB7.jpg'><img loading=\"lazy\" decoding=\"async\" width=\"1427\" height=\"1920\" src=\"https:\/\/www.cm-evora.pt\/wp-content\/uploads\/2021\/05\/DB7.jpg\" class=\"attachment-full size-full\" alt=\"\" srcset=\"https:\/\/www.cm-evora.pt\/wp-content\/uploads\/2021\/05\/DB7.jpg 1427w, https:\/\/www.cm-evora.pt\/wp-content\/uploads\/2021\/05\/DB7-223x300.jpg 223w, https:\/\/www.cm-evora.pt\/wp-content\/uploads\/2021\/05\/DB7-761x1024.jpg 761w, https:\/\/www.cm-evora.pt\/wp-content\/uploads\/2021\/05\/DB7-768x1033.jpg 768w, https:\/\/www.cm-evora.pt\/wp-content\/uploads\/2021\/05\/DB7-1142x1536.jpg 1142w, https:\/\/www.cm-evora.pt\/wp-content\/uploads\/2021\/05\/DB7-1320x1776.jpg 1320w\" sizes=\"auto, (max-width: 1427px) 100vw, 1427px\" \/><\/a>\n\t\t\t<\/dt><\/dl><dl class='gallery-item'>\n\t\t\t<dt class='gallery-icon landscape'>\n\t\t\t\t<a href='https:\/\/www.cm-evora.pt\/wp-content\/uploads\/2021\/05\/DB8.jpg'><img loading=\"lazy\" decoding=\"async\" width=\"1920\" height=\"1280\" src=\"https:\/\/www.cm-evora.pt\/wp-content\/uploads\/2021\/05\/DB8.jpg\" class=\"attachment-full size-full\" alt=\"\" srcset=\"https:\/\/www.cm-evora.pt\/wp-content\/uploads\/2021\/05\/DB8.jpg 1920w, https:\/\/www.cm-evora.pt\/wp-content\/uploads\/2021\/05\/DB8-300x200.jpg 300w, https:\/\/www.cm-evora.pt\/wp-content\/uploads\/2021\/05\/DB8-1024x683.jpg 1024w, https:\/\/www.cm-evora.pt\/wp-content\/uploads\/2021\/05\/DB8-768x512.jpg 768w, https:\/\/www.cm-evora.pt\/wp-content\/uploads\/2021\/05\/DB8-1536x1024.jpg 1536w, https:\/\/www.cm-evora.pt\/wp-content\/uploads\/2021\/05\/DB8-1320x880.jpg 1320w\" sizes=\"auto, (max-width: 1920px) 100vw, 1920px\" \/><\/a>\n\t\t\t<\/dt><\/dl><br style=\"clear: both\" \/><dl class='gallery-item'>\n\t\t\t<dt class='gallery-icon portrait'>\n\t\t\t\t<a href='https:\/\/www.cm-evora.pt\/wp-content\/uploads\/2021\/05\/DB9.jpg'><img loading=\"lazy\" decoding=\"async\" width=\"1280\" height=\"1920\" src=\"https:\/\/www.cm-evora.pt\/wp-content\/uploads\/2021\/05\/DB9.jpg\" class=\"attachment-full size-full\" alt=\"\" srcset=\"https:\/\/www.cm-evora.pt\/wp-content\/uploads\/2021\/05\/DB9.jpg 1280w, https:\/\/www.cm-evora.pt\/wp-content\/uploads\/2021\/05\/DB9-200x300.jpg 200w, https:\/\/www.cm-evora.pt\/wp-content\/uploads\/2021\/05\/DB9-683x1024.jpg 683w, https:\/\/www.cm-evora.pt\/wp-content\/uploads\/2021\/05\/DB9-768x1152.jpg 768w, https:\/\/www.cm-evora.pt\/wp-content\/uploads\/2021\/05\/DB9-1024x1536.jpg 1024w\" sizes=\"auto, (max-width: 1280px) 100vw, 1280px\" \/><\/a>\n\t\t\t<\/dt><\/dl><dl class='gallery-item'>\n\t\t\t<dt class='gallery-icon portrait'>\n\t\t\t\t<a href='https:\/\/www.cm-evora.pt\/wp-content\/uploads\/2021\/05\/DB10.jpg'><img loading=\"lazy\" decoding=\"async\" width=\"1472\" height=\"1920\" src=\"https:\/\/www.cm-evora.pt\/wp-content\/uploads\/2021\/05\/DB10.jpg\" class=\"attachment-full size-full\" alt=\"\" srcset=\"https:\/\/www.cm-evora.pt\/wp-content\/uploads\/2021\/05\/DB10.jpg 1472w, https:\/\/www.cm-evora.pt\/wp-content\/uploads\/2021\/05\/DB10-230x300.jpg 230w, https:\/\/www.cm-evora.pt\/wp-content\/uploads\/2021\/05\/DB10-785x1024.jpg 785w, https:\/\/www.cm-evora.pt\/wp-content\/uploads\/2021\/05\/DB10-768x1002.jpg 768w, https:\/\/www.cm-evora.pt\/wp-content\/uploads\/2021\/05\/DB10-1178x1536.jpg 1178w, https:\/\/www.cm-evora.pt\/wp-content\/uploads\/2021\/05\/DB10-1320x1722.jpg 1320w\" sizes=\"auto, (max-width: 1472px) 100vw, 1472px\" \/><\/a>\n\t\t\t<\/dt><\/dl><dl class='gallery-item'>\n\t\t\t<dt class='gallery-icon portrait'>\n\t\t\t\t<a href='https:\/\/www.cm-evora.pt\/wp-content\/uploads\/2021\/05\/DB11.jpg'><img loading=\"lazy\" decoding=\"async\" width=\"1461\" height=\"1920\" src=\"https:\/\/www.cm-evora.pt\/wp-content\/uploads\/2021\/05\/DB11.jpg\" class=\"attachment-full size-full\" alt=\"\" srcset=\"https:\/\/www.cm-evora.pt\/wp-content\/uploads\/2021\/05\/DB11.jpg 1461w, https:\/\/www.cm-evora.pt\/wp-content\/uploads\/2021\/05\/DB11-228x300.jpg 228w, https:\/\/www.cm-evora.pt\/wp-content\/uploads\/2021\/05\/DB11-779x1024.jpg 779w, https:\/\/www.cm-evora.pt\/wp-content\/uploads\/2021\/05\/DB11-768x1009.jpg 768w, https:\/\/www.cm-evora.pt\/wp-content\/uploads\/2021\/05\/DB11-1169x1536.jpg 1169w, https:\/\/www.cm-evora.pt\/wp-content\/uploads\/2021\/05\/DB11-1320x1735.jpg 1320w\" sizes=\"auto, (max-width: 1461px) 100vw, 1461px\" \/><\/a>\n\t\t\t<\/dt><\/dl><br style=\"clear: both\" \/><dl class='gallery-item'>\n\t\t\t<dt class='gallery-icon landscape'>\n\t\t\t\t<a href='https:\/\/www.cm-evora.pt\/wp-content\/uploads\/2021\/05\/DB12.jpg'><img loading=\"lazy\" decoding=\"async\" width=\"1920\" height=\"1280\" src=\"https:\/\/www.cm-evora.pt\/wp-content\/uploads\/2021\/05\/DB12.jpg\" class=\"attachment-full size-full\" alt=\"\" srcset=\"https:\/\/www.cm-evora.pt\/wp-content\/uploads\/2021\/05\/DB12.jpg 1920w, https:\/\/www.cm-evora.pt\/wp-content\/uploads\/2021\/05\/DB12-300x200.jpg 300w, https:\/\/www.cm-evora.pt\/wp-content\/uploads\/2021\/05\/DB12-1024x683.jpg 1024w, https:\/\/www.cm-evora.pt\/wp-content\/uploads\/2021\/05\/DB12-768x512.jpg 768w, https:\/\/www.cm-evora.pt\/wp-content\/uploads\/2021\/05\/DB12-1536x1024.jpg 1536w, https:\/\/www.cm-evora.pt\/wp-content\/uploads\/2021\/05\/DB12-1320x880.jpg 1320w\" sizes=\"auto, (max-width: 1920px) 100vw, 1920px\" \/><\/a>\n\t\t\t<\/dt><\/dl><dl class='gallery-item'>\n\t\t\t<dt class='gallery-icon landscape'>\n\t\t\t\t<a href='https:\/\/www.cm-evora.pt\/wp-content\/uploads\/2021\/05\/DB13.jpg'><img loading=\"lazy\" decoding=\"async\" width=\"1920\" height=\"1280\" src=\"https:\/\/www.cm-evora.pt\/wp-content\/uploads\/2021\/05\/DB13.jpg\" class=\"attachment-full size-full\" alt=\"\" srcset=\"https:\/\/www.cm-evora.pt\/wp-content\/uploads\/2021\/05\/DB13.jpg 1920w, https:\/\/www.cm-evora.pt\/wp-content\/uploads\/2021\/05\/DB13-300x200.jpg 300w, https:\/\/www.cm-evora.pt\/wp-content\/uploads\/2021\/05\/DB13-1024x683.jpg 1024w, https:\/\/www.cm-evora.pt\/wp-content\/uploads\/2021\/05\/DB13-768x512.jpg 768w, https:\/\/www.cm-evora.pt\/wp-content\/uploads\/2021\/05\/DB13-1536x1024.jpg 1536w, https:\/\/www.cm-evora.pt\/wp-content\/uploads\/2021\/05\/DB13-1320x880.jpg 1320w\" sizes=\"auto, (max-width: 1920px) 100vw, 1920px\" \/><\/a>\n\t\t\t<\/dt><\/dl>\n\t\t\t<br style='clear: both' \/>\n\t\t<\/div>\n<\/p>","protected":false},"excerpt":{"rendered":"<p>Sorry, this entry is only available in Portugu\u00eas.O Dia Mundial do Brincar (28 de Maio) est\u00e1 a ser assinalado no concelho com v\u00e1rias iniciativas l\u00fadicas e did\u00e1cticas para os mais novos, integradas num vasto conjunto de actividades no \u00e2mbito do Dia Mundial da Crian\u00e7a. As actividades s\u00e3o dinamizadas pela C\u00e2mara Municipal de \u00c9vora e algumas [&hellip;]<\/p>\n","protected":false},"author":45,"featured_media":23324,"comment_status":"closed","ping_status":"closed","sticky":false,"template":"","format":"standard","meta":{"_acf_changed":false,"footnotes":""},"categories":[2110],"tags":[],"class_list":["post-23318","post","type-post","status-publish","format-standard","has-post-thumbnail","hentry","category-noticias"],"acf":{"imagens":"","destaq_image":23335,"titulo_docs_seccao":"","documentos":""},"_links":{"self":[{"href":"https:\/\/www.cm-evora.pt\/en\/wp-json\/wp\/v2\/posts\/23318","targetHints":{"allow":["GET"]}}],"collection":[{"href":"https:\/\/www.cm-evora.pt\/en\/wp-json\/wp\/v2\/posts"}],"about":[{"href":"https:\/\/www.cm-evora.pt\/en\/wp-json\/wp\/v2\/types\/post"}],"author":[{"embeddable":true,"href":"https:\/\/www.cm-evora.pt\/en\/wp-json\/wp\/v2\/users\/45"}],"replies":[{"embeddable":true,"href":"https:\/\/www.cm-evora.pt\/en\/wp-json\/wp\/v2\/comments?post=23318"}],"version-history":[{"count":2,"href":"https:\/\/www.cm-evora.pt\/en\/wp-json\/wp\/v2\/posts\/23318\/revisions"}],"predecessor-version":[{"id":23339,"href":"https:\/\/www.cm-evora.pt\/en\/wp-json\/wp\/v2\/posts\/23318\/revisions\/23339"}],"wp:featuredmedia":[{"embeddable":true,"href":"https:\/\/www.cm-evora.pt\/en\/wp-json\/wp\/v2\/media\/23324"}],"wp:attachment":[{"href":"https:\/\/www.cm-evora.pt\/en\/wp-json\/wp\/v2\/media?parent=23318"}],"wp:term":[{"taxonomy":"category","embeddable":true,"href":"https:\/\/www.cm-evora.pt\/en\/wp-json\/wp\/v2\/categories?post=23318"},{"taxonomy":"post_tag","embeddable":true,"href":"https:\/\/www.cm-evora.pt\/en\/wp-json\/wp\/v2\/tags?post=23318"}],"curies":[{"name":"wp","href":"https:\/\/api.w.org\/{rel}","templated":true}]}}