{"id":23427,"date":"2021-06-04T11:00:21","date_gmt":"2021-06-04T10:00:21","guid":{"rendered":"https:\/\/www.cm-evora.pt\/?p=23427"},"modified":"2021-07-07T09:23:57","modified_gmt":"2021-07-07T08:23:57","slug":"projeto-life-agua-da-prata-reativacao-do-aqueduto-e-instalacao-de-sistema-integrado-de-rega-vai-permitir-a-poupanca-de-120-000-m3-ano-de-agua-tratada","status":"publish","type":"post","link":"https:\/\/www.cm-evora.pt\/en\/projeto-life-agua-da-prata-reativacao-do-aqueduto-e-instalacao-de-sistema-integrado-de-rega-vai-permitir-a-poupanca-de-120-000-m3-ano-de-agua-tratada\/","title":{"rendered":"(Portugu\u00eas) Projeto \u201cLIFE \u00c1gua da Prata\u201d: redu\u00e7\u00e3o de 120.000 m3\/ano de \u00e1gua tratada"},"content":{"rendered":"<p class=\"qtranxs-available-languages-message qtranxs-available-languages-message-en\">Sorry, this entry is only available in <a href=\"https:\/\/www.cm-evora.pt\/pt\/wp-json\/wp\/v2\/posts\/23427\" class=\"qtranxs-available-language-link qtranxs-available-language-link-pt\" title=\"Portugu\u00eas\">Portugu\u00eas<\/a>.<\/p><p><strong>Reativa\u00e7\u00e3o do Aqueduto e instala\u00e7\u00e3o de sistema integrado de rega vai permitir a poupan\u00e7a de 120.000 m3\/ano de \u00e1gua tratada<\/strong><\/p>\n<p>O Projeto \u201cLIFE \u00c1gua da Prata\u201d foi apresentado no passado dia 27 de maio, no Sal\u00e3o Nobre dos Pa\u00e7os do Concelho. A Vice-Presidente Sara Dimas Fernandes fez a apresenta\u00e7\u00e3o geral com a colabora\u00e7\u00e3o do Vereador Alexandre Varela perante uma plateia de representantes de diversas institui\u00e7\u00f5es do Concelho ligadas \u00e0 educa\u00e7\u00e3o, cultura e ambiente. Os t\u00e9cnicos municipais explicaram detalhadamente as v\u00e1rias componentes do projeto, incluindo os objetivos, as necess\u00e1rias a\u00e7\u00f5es preparat\u00f3rias, a implementa\u00e7\u00e3o no terreno, e o posterior acompanhamento com monitoriza\u00e7\u00e3o dos resultados.<\/p>\n<p>O Projeto \u201cLIFE \u2013 \u00c1gua da Prata\u201d, cujos trabalhos dever\u00e3o ter in\u00edcio nos pr\u00f3ximos dias, resultou de uma iniciativa da C\u00e2mara Municipal de \u00c9vora que tem como objetivo substituir a \u00e1gua tratada usada na rega de grande parte dos espa\u00e7os verdes da cidade, por \u00e1gua proveniente de nascentes e capta\u00e7\u00f5es naturais, transportada atrav\u00e9s do aqueduto. Assim ser\u00e1 minimizado o impacto da utiliza\u00e7\u00e3o da \u00e1gua tratada da rede p\u00fablica, com os decorrentes benef\u00edcios ambientais e econ\u00f3micos. Para este efeito, o projeto prev\u00ea a realiza\u00e7\u00e3o de obras de conserva\u00e7\u00e3o no aqueduto, sendo garantido que o monumento n\u00e3o ser\u00e1 minimamente afetado na sua tra\u00e7a original. A \u00e1gua continuar\u00e1 a ser transportada por gravidade, respeitando os m\u00e9todos originais.<\/p>\n<p>A \u00e1gua a utilizar na rede de rega ser\u00e1 a que prov\u00e9m das nascentes e dos po\u00e7os da Gra\u00e7a do Divor, que atualmente n\u00e3o \u00e9 aproveitada, sendo para tal necess\u00e1rio proceder \u00e0 respetiva limpeza e reabilita\u00e7\u00e3o.<\/p>\n<p>Na cidade, ser\u00e1 constru\u00edda uma rede de condutas destinada exclusivamente a distribuir a \u00e1gua do aqueduto por grande parte dos jardins e espa\u00e7os verdes. O projeto prev\u00ea tamb\u00e9m a constru\u00e7\u00e3o de um reservat\u00f3rio de 1.000 m<sup>3<\/sup>, que ter\u00e1 como fun\u00e7\u00e3o regularizar o caudal e pressurizar a referida rede. Paralelamente, ir\u00e3o tamb\u00e9m funcionar dois pequenos sistemas de rega aut\u00f3nomos no jardim das Corunheiras e junto \u00e0 Av. de Lisboa. Nestes sistemas ir\u00e1 utilizar-se a \u00e1gua de po\u00e7os existentes nos jardins, em substitui\u00e7\u00e3o da \u00e1gua tratada da rede p\u00fablica, e tamb\u00e9m bombas de rega acionadas por energia solar.<\/p>\n<p>O projeto \u201cLIFE \u2013 \u00c1gua da Prata\u201d inclui ainda a\u00e7\u00f5es que visam adaptar estruturalmente alguns espa\u00e7os verdes da cidade, para melhor resistirem a ondas de calor e fen\u00f3menos de precipita\u00e7\u00e3o extrema. Os trabalhos incluem planta\u00e7\u00f5es de \u00e1rvores nos jardins para aumento do ensombramento, melhorando assim as condi\u00e7\u00f5es microclim\u00e1ticas dos jardins no ver\u00e3o, proporcionando um ambiente mais fresco e tamb\u00e9m menor necessidade de rega. Na ribeira da Torregela, que atravessa uma \u00e1rea urbana consider\u00e1vel, ser\u00e3o realizados trabalhos para melhoria da qualidade da \u00e1gua e refor\u00e7o das margens com solu\u00e7\u00f5es naturais: utiliza\u00e7\u00e3o de pedra para a respetiva sustenta\u00e7\u00e3o e adensamento de \u00e1rvores e arbustos. As planta\u00e7\u00f5es nos jardins e nas margens da ribeira ser\u00e3o feitas com esp\u00e9cies nativas, mais resistentes e melhor adaptadas ao clima da regi\u00e3o. Com estas a\u00e7\u00f5es, ser\u00e1 poss\u00edvel transformar gradualmente os jardins, tornando-os mais pr\u00f3ximos do estado natural, e ainda poupar \u00e1gua e promover o aumento da biodiversidade em meio urbano.<\/p>\n<p>Impactos positivos previstos:<\/p>\n<ul>\n<li>Poupan\u00e7a de \u00e1gua tratada e redu\u00e7\u00e3o da amea\u00e7a ao consumo humano: 120.000 m3\/ano;<\/li>\n<li>Redu\u00e7\u00e3o do consumo energ\u00e9tico em bombagem de \u00e1gua, j\u00e1 que 50% das \u00e1reas verdes ser\u00e3o abastecidas por gravidade: redu\u00e7\u00e3o de 2,16 ton\/ano de emiss\u00f5es CO<sub>2<\/sub>;<\/li>\n<li>Aumento de ensombramento e de condi\u00e7\u00f5es microclim\u00e1ticas positivas: 10.100 m2;<\/li>\n<li>Aumento da resili\u00eancia a inunda\u00e7\u00f5es abrangendo 45% dos espa\u00e7os verdes urbanos: 187.517 m<sup>2<\/sup>;<\/li>\n<li>Aumento da resili\u00eancia\/prote\u00e7\u00e3o de margens de ribeiros a fen\u00f3menos de precipita\u00e7\u00e3o extrema: 800 metros de linha de \u00e1gua urbana;<\/li>\n<li>Redu\u00e7\u00e3o adicional do consumo de \u00e1gua para rega com outras medidas de efici\u00eancia: 30.000 m3\/ano.<\/li>\n<\/ul>\n<p>A maior parte das condutas ser\u00e1 instalada em \u00e1reas verdes ou terrenos livres. Contudo, nalguns locais ser\u00e1 necess\u00e1ria a sua implanta\u00e7\u00e3o junto a rodovias, estando previsto a\u00e7\u00f5es pontuais de condicionamento do tr\u00e2nsito nalgumas zonas da cidade. Nestes casos a C\u00e2mara Municipal ir\u00e1 divulgar atempadamente avisos pelos meios habituais.<\/p>\n<p>O Projeto \u201cLIFE &#8211; \u00c1gua da Prata\u201d integra a estrat\u00e9gia global do Munic\u00edpio para tornar \u00c9vora uma cidade mais sustent\u00e1vel, amiga do ambiente, e melhor preparada para enfrentar os efeitos nocivos das altera\u00e7\u00f5es clim\u00e1ticas que cada vez mais se v\u00e3o fazendo sentir. Neste \u00e2mbito entrecruzam-se outros projetos ambientais em curso como o Pocityf\u00a0 \u2013 Positive Energy CITY Transformation Framework, o Laborat\u00f3rio Vivo para a Descarboniza\u00e7\u00e3o de \u00c9vora, as Eco Escolas, as Ementas Sazonais Mediterr\u00e2nicas, o Km0, o Plano Municipal de Mobilidade Urbana Sustent\u00e1vel, o Plano Municipal de Adapta\u00e7\u00e3o \u00e0s Altera\u00e7\u00f5es Clim\u00e1ticas ou a Refloresta\u00e7\u00e3o do Alto de S. Bento.<\/p>\n<p>Com um or\u00e7amento total de 1.354.352 \u20ac, este projeto foi candidatado pelo Munic\u00edpio de \u00c9vora aos apoios comunit\u00e1rios da Uni\u00e3o Europeia, tendo obtido cofinanciamento a 60% atrav\u00e9s do Programa LIFE da Uni\u00e3o Europeia.<\/p>\n<p>\n\t\t<style type=\"text\/css\">\n\t\t\t#gallery-1 {\n\t\t\t\tmargin: auto;\n\t\t\t}\n\t\t\t#gallery-1 .gallery-item {\n\t\t\t\tfloat: left;\n\t\t\t\tmargin-top: 10px;\n\t\t\t\ttext-align: center;\n\t\t\t\twidth: 50%;\n\t\t\t}\n\t\t\t#gallery-1 img {\n\t\t\t\tborder: 2px solid #cfcfcf;\n\t\t\t}\n\t\t\t#gallery-1 .gallery-caption {\n\t\t\t\tmargin-left: 0;\n\t\t\t}\n\t\t\t\/* see gallery_shortcode() in wp-includes\/media.php *\/\n\t\t<\/style>\n\t\t<div id='gallery-1' class='gallery galleryid-23427 gallery-columns-2 gallery-size-full'><dl class='gallery-item'>\n\t\t\t<dt class='gallery-icon landscape'>\n\t\t\t\t<a href='https:\/\/www.cm-evora.pt\/en\/projeto-life-agua-da-prata-reativacao-do-aqueduto-e-instalacao-de-sistema-integrado-de-rega-vai-permitir-a-poupanca-de-120-000-m3-ano-de-agua-tratada\/2021_05_apresentacao-life-agua-de-prata-3\/'><img loading=\"lazy\" decoding=\"async\" width=\"1920\" height=\"1197\" src=\"https:\/\/www.cm-evora.pt\/wp-content\/uploads\/2021\/06\/2021_05_Apresentacao-Life-Agua-de-Prata-3.jpg\" class=\"attachment-full size-full\" alt=\"\" srcset=\"https:\/\/www.cm-evora.pt\/wp-content\/uploads\/2021\/06\/2021_05_Apresentacao-Life-Agua-de-Prata-3.jpg 1920w, https:\/\/www.cm-evora.pt\/wp-content\/uploads\/2021\/06\/2021_05_Apresentacao-Life-Agua-de-Prata-3-300x187.jpg 300w, https:\/\/www.cm-evora.pt\/wp-content\/uploads\/2021\/06\/2021_05_Apresentacao-Life-Agua-de-Prata-3-1024x638.jpg 1024w, https:\/\/www.cm-evora.pt\/wp-content\/uploads\/2021\/06\/2021_05_Apresentacao-Life-Agua-de-Prata-3-768x479.jpg 768w, https:\/\/www.cm-evora.pt\/wp-content\/uploads\/2021\/06\/2021_05_Apresentacao-Life-Agua-de-Prata-3-1536x958.jpg 1536w, https:\/\/www.cm-evora.pt\/wp-content\/uploads\/2021\/06\/2021_05_Apresentacao-Life-Agua-de-Prata-3-1320x823.jpg 1320w\" sizes=\"auto, (max-width: 1920px) 100vw, 1920px\" \/><\/a>\n\t\t\t<\/dt><\/dl><dl class='gallery-item'>\n\t\t\t<dt class='gallery-icon landscape'>\n\t\t\t\t<a href='https:\/\/www.cm-evora.pt\/en\/projeto-life-agua-da-prata-reativacao-do-aqueduto-e-instalacao-de-sistema-integrado-de-rega-vai-permitir-a-poupanca-de-120-000-m3-ano-de-agua-tratada\/2021_05_apresentacao-life-agua-de-prata\/'><img loading=\"lazy\" decoding=\"async\" width=\"1920\" height=\"1280\" src=\"https:\/\/www.cm-evora.pt\/wp-content\/uploads\/2021\/06\/2021_05_Apresentacao-Life-Agua-de-Prata.jpg\" class=\"attachment-full size-full\" alt=\"\" srcset=\"https:\/\/www.cm-evora.pt\/wp-content\/uploads\/2021\/06\/2021_05_Apresentacao-Life-Agua-de-Prata.jpg 1920w, https:\/\/www.cm-evora.pt\/wp-content\/uploads\/2021\/06\/2021_05_Apresentacao-Life-Agua-de-Prata-300x200.jpg 300w, https:\/\/www.cm-evora.pt\/wp-content\/uploads\/2021\/06\/2021_05_Apresentacao-Life-Agua-de-Prata-1024x683.jpg 1024w, https:\/\/www.cm-evora.pt\/wp-content\/uploads\/2021\/06\/2021_05_Apresentacao-Life-Agua-de-Prata-768x512.jpg 768w, https:\/\/www.cm-evora.pt\/wp-content\/uploads\/2021\/06\/2021_05_Apresentacao-Life-Agua-de-Prata-1536x1024.jpg 1536w, https:\/\/www.cm-evora.pt\/wp-content\/uploads\/2021\/06\/2021_05_Apresentacao-Life-Agua-de-Prata-1320x880.jpg 1320w\" sizes=\"auto, (max-width: 1920px) 100vw, 1920px\" \/><\/a>\n\t\t\t<\/dt><\/dl><br style=\"clear: both\" \/><dl class='gallery-item'>\n\t\t\t<dt class='gallery-icon landscape'>\n\t\t\t\t<a href='https:\/\/www.cm-evora.pt\/en\/projeto-life-agua-da-prata-reativacao-do-aqueduto-e-instalacao-de-sistema-integrado-de-rega-vai-permitir-a-poupanca-de-120-000-m3-ano-de-agua-tratada\/2021_05_apresentacao-life-agua-de-prata-5\/'><img loading=\"lazy\" decoding=\"async\" width=\"1920\" height=\"1358\" src=\"https:\/\/www.cm-evora.pt\/wp-content\/uploads\/2021\/06\/2021_05_Apresentacao-Life-Agua-de-Prata-5.jpg\" class=\"attachment-full size-full\" alt=\"\" srcset=\"https:\/\/www.cm-evora.pt\/wp-content\/uploads\/2021\/06\/2021_05_Apresentacao-Life-Agua-de-Prata-5.jpg 1920w, https:\/\/www.cm-evora.pt\/wp-content\/uploads\/2021\/06\/2021_05_Apresentacao-Life-Agua-de-Prata-5-300x212.jpg 300w, https:\/\/www.cm-evora.pt\/wp-content\/uploads\/2021\/06\/2021_05_Apresentacao-Life-Agua-de-Prata-5-1024x724.jpg 1024w, https:\/\/www.cm-evora.pt\/wp-content\/uploads\/2021\/06\/2021_05_Apresentacao-Life-Agua-de-Prata-5-768x543.jpg 768w, https:\/\/www.cm-evora.pt\/wp-content\/uploads\/2021\/06\/2021_05_Apresentacao-Life-Agua-de-Prata-5-1536x1086.jpg 1536w, https:\/\/www.cm-evora.pt\/wp-content\/uploads\/2021\/06\/2021_05_Apresentacao-Life-Agua-de-Prata-5-1320x934.jpg 1320w\" sizes=\"auto, (max-width: 1920px) 100vw, 1920px\" \/><\/a>\n\t\t\t<\/dt><\/dl><dl class='gallery-item'>\n\t\t\t<dt class='gallery-icon landscape'>\n\t\t\t\t<a href='https:\/\/www.cm-evora.pt\/en\/projeto-life-agua-da-prata-reativacao-do-aqueduto-e-instalacao-de-sistema-integrado-de-rega-vai-permitir-a-poupanca-de-120-000-m3-ano-de-agua-tratada\/2021_05_apresentacao-life-agua-de-prata-4\/'><img loading=\"lazy\" decoding=\"async\" width=\"1920\" height=\"1280\" src=\"https:\/\/www.cm-evora.pt\/wp-content\/uploads\/2021\/06\/2021_05_Apresentacao-Life-Agua-de-Prata-4.jpg\" class=\"attachment-full size-full\" alt=\"\" srcset=\"https:\/\/www.cm-evora.pt\/wp-content\/uploads\/2021\/06\/2021_05_Apresentacao-Life-Agua-de-Prata-4.jpg 1920w, https:\/\/www.cm-evora.pt\/wp-content\/uploads\/2021\/06\/2021_05_Apresentacao-Life-Agua-de-Prata-4-300x200.jpg 300w, https:\/\/www.cm-evora.pt\/wp-content\/uploads\/2021\/06\/2021_05_Apresentacao-Life-Agua-de-Prata-4-1024x683.jpg 1024w, https:\/\/www.cm-evora.pt\/wp-content\/uploads\/2021\/06\/2021_05_Apresentacao-Life-Agua-de-Prata-4-768x512.jpg 768w, https:\/\/www.cm-evora.pt\/wp-content\/uploads\/2021\/06\/2021_05_Apresentacao-Life-Agua-de-Prata-4-1536x1024.jpg 1536w, https:\/\/www.cm-evora.pt\/wp-content\/uploads\/2021\/06\/2021_05_Apresentacao-Life-Agua-de-Prata-4-1320x880.jpg 1320w\" sizes=\"auto, (max-width: 1920px) 100vw, 1920px\" \/><\/a>\n\t\t\t<\/dt><\/dl><br style=\"clear: both\" \/>\n\t\t<\/div>\n<\/p>","protected":false},"excerpt":{"rendered":"<p>Sorry, this entry is only available in Portugu\u00eas.Reativa\u00e7\u00e3o do Aqueduto e instala\u00e7\u00e3o de sistema integrado de rega vai permitir a poupan\u00e7a de 120.000 m3\/ano de \u00e1gua tratada O Projeto \u201cLIFE \u00c1gua da Prata\u201d foi apresentado no passado dia 27 de maio, no Sal\u00e3o Nobre dos Pa\u00e7os do Concelho. A Vice-Presidente Sara Dimas Fernandes fez a [&hellip;]<\/p>\n","protected":false},"author":37,"featured_media":23429,"comment_status":"closed","ping_status":"closed","sticky":false,"template":"","format":"standard","meta":{"_acf_changed":false,"footnotes":""},"categories":[2110],"tags":[],"class_list":["post-23427","post","type-post","status-publish","format-standard","has-post-thumbnail","hentry","category-noticias"],"acf":{"imagens":"","destaq_image":23429,"titulo_docs_seccao":"","documentos":""},"_links":{"self":[{"href":"https:\/\/www.cm-evora.pt\/en\/wp-json\/wp\/v2\/posts\/23427","targetHints":{"allow":["GET"]}}],"collection":[{"href":"https:\/\/www.cm-evora.pt\/en\/wp-json\/wp\/v2\/posts"}],"about":[{"href":"https:\/\/www.cm-evora.pt\/en\/wp-json\/wp\/v2\/types\/post"}],"author":[{"embeddable":true,"href":"https:\/\/www.cm-evora.pt\/en\/wp-json\/wp\/v2\/users\/37"}],"replies":[{"embeddable":true,"href":"https:\/\/www.cm-evora.pt\/en\/wp-json\/wp\/v2\/comments?post=23427"}],"version-history":[{"count":3,"href":"https:\/\/www.cm-evora.pt\/en\/wp-json\/wp\/v2\/posts\/23427\/revisions"}],"predecessor-version":[{"id":23438,"href":"https:\/\/www.cm-evora.pt\/en\/wp-json\/wp\/v2\/posts\/23427\/revisions\/23438"}],"wp:featuredmedia":[{"embeddable":true,"href":"https:\/\/www.cm-evora.pt\/en\/wp-json\/wp\/v2\/media\/23429"}],"wp:attachment":[{"href":"https:\/\/www.cm-evora.pt\/en\/wp-json\/wp\/v2\/media?parent=23427"}],"wp:term":[{"taxonomy":"category","embeddable":true,"href":"https:\/\/www.cm-evora.pt\/en\/wp-json\/wp\/v2\/categories?post=23427"},{"taxonomy":"post_tag","embeddable":true,"href":"https:\/\/www.cm-evora.pt\/en\/wp-json\/wp\/v2\/tags?post=23427"}],"curies":[{"name":"wp","href":"https:\/\/api.w.org\/{rel}","templated":true}]}}