{"id":23706,"date":"2021-06-12T12:54:35","date_gmt":"2021-06-12T11:54:35","guid":{"rendered":"https:\/\/www.cm-evora.pt\/?p=23706"},"modified":"2021-07-07T09:35:30","modified_gmt":"2021-07-07T08:35:30","slug":"presidente-da-camara-visita-a-empresa-metalora-lda","status":"publish","type":"post","link":"https:\/\/www.cm-evora.pt\/en\/presidente-da-camara-visita-a-empresa-metalora-lda\/","title":{"rendered":"(Portugu\u00eas) Presidente da C\u00e2mara visita a empresa Metalora Ld\u00aa"},"content":{"rendered":"<p class=\"qtranxs-available-languages-message qtranxs-available-languages-message-en\">Sorry, this entry is only available in <a href=\"https:\/\/www.cm-evora.pt\/pt\/wp-json\/wp\/v2\/posts\/23706\" class=\"qtranxs-available-language-link qtranxs-available-language-link-pt\" title=\"Portugu\u00eas\">Portugu\u00eas<\/a>.<\/p><p><strong>As pequenas e m\u00e9dias empresas s\u00e3o um importante fator de desenvolvimento econ\u00f3mico. No Concelho de \u00c9vora existem bons exemplos de sucesso que \u00e9 importante apoiar, quer seja na cria\u00e7\u00e3o de condi\u00e7\u00f5es que incentivem a sua implanta\u00e7\u00e3o, quer seja no respetivo processo de consolida\u00e7\u00e3o e desenvolvimento.<\/strong><\/p>\n<p>No passado dia 11 de junho, o Presidente da C\u00e2mara, Carlos Pinto de S\u00e1, acompanhado pelo Vereador Alexandre Varela, visitaram as instala\u00e7\u00f5es da Metalora, Ld\u00aa. Esta \u00e9 uma empresa criada em \u00c9vora h\u00e1 cerca de tr\u00eas anos, por eborenses, e que centra a sua atividade no setor da metalomec\u00e2nica com consultadoria especializada e produ\u00e7\u00e3o de pe\u00e7as, ferramentas, estruturas, m\u00e1quinas e equipamento industrial. Atualmente com oito colaboradores, a Metalora tem consolidado o seu processo de desenvolvimento em produ\u00e7\u00e3o e volume de neg\u00f3cios, o que implicar\u00e1 a curto prazo a respetiva expans\u00e3o tanto em n\u00famero de efetivos como na dimens\u00e3o das instala\u00e7\u00f5es.<\/p>\n<p>A visita dos eleitos teve por objetivo o cumprimento da estrat\u00e9gia municipal de ouvir os empres\u00e1rios, inteirar-se sobre a respetiva atividade nos locais de produ\u00e7\u00e3o, mas tamb\u00e9m conhecer os seus anseios e preocupa\u00e7\u00f5es, no sentido de prestar todo o apoio poss\u00edvel no quadro das capacidades e compet\u00eancias do Munic\u00edpio.<\/p>\n<p>\n\t\t<style type=\"text\/css\">\n\t\t\t#gallery-1 {\n\t\t\t\tmargin: auto;\n\t\t\t}\n\t\t\t#gallery-1 .gallery-item {\n\t\t\t\tfloat: left;\n\t\t\t\tmargin-top: 10px;\n\t\t\t\ttext-align: center;\n\t\t\t\twidth: 50%;\n\t\t\t}\n\t\t\t#gallery-1 img {\n\t\t\t\tborder: 2px solid #cfcfcf;\n\t\t\t}\n\t\t\t#gallery-1 .gallery-caption {\n\t\t\t\tmargin-left: 0;\n\t\t\t}\n\t\t\t\/* see gallery_shortcode() in wp-includes\/media.php *\/\n\t\t<\/style>\n\t\t<div id='gallery-1' class='gallery galleryid-23706 gallery-columns-2 gallery-size-full'><dl class='gallery-item'>\n\t\t\t<dt class='gallery-icon landscape'>\n\t\t\t\t<a href='https:\/\/www.cm-evora.pt\/en\/presidente-da-camara-visita-a-empresa-metalora-lda\/2021_06_metalora-4\/'><img loading=\"lazy\" decoding=\"async\" width=\"1920\" height=\"1280\" src=\"https:\/\/www.cm-evora.pt\/wp-content\/uploads\/2021\/06\/2021_06_Metalora-4.jpg\" class=\"attachment-full size-full\" alt=\"\" srcset=\"https:\/\/www.cm-evora.pt\/wp-content\/uploads\/2021\/06\/2021_06_Metalora-4.jpg 1920w, https:\/\/www.cm-evora.pt\/wp-content\/uploads\/2021\/06\/2021_06_Metalora-4-300x200.jpg 300w, https:\/\/www.cm-evora.pt\/wp-content\/uploads\/2021\/06\/2021_06_Metalora-4-1024x683.jpg 1024w, https:\/\/www.cm-evora.pt\/wp-content\/uploads\/2021\/06\/2021_06_Metalora-4-768x512.jpg 768w, https:\/\/www.cm-evora.pt\/wp-content\/uploads\/2021\/06\/2021_06_Metalora-4-1536x1024.jpg 1536w, https:\/\/www.cm-evora.pt\/wp-content\/uploads\/2021\/06\/2021_06_Metalora-4-1320x880.jpg 1320w\" sizes=\"auto, (max-width: 1920px) 100vw, 1920px\" \/><\/a>\n\t\t\t<\/dt><\/dl><dl class='gallery-item'>\n\t\t\t<dt class='gallery-icon landscape'>\n\t\t\t\t<a href='https:\/\/www.cm-evora.pt\/en\/presidente-da-camara-visita-a-empresa-metalora-lda\/2021_06_metalora-3\/'><img loading=\"lazy\" decoding=\"async\" width=\"1920\" height=\"1280\" src=\"https:\/\/www.cm-evora.pt\/wp-content\/uploads\/2021\/06\/2021_06_Metalora-3.jpg\" class=\"attachment-full size-full\" alt=\"\" srcset=\"https:\/\/www.cm-evora.pt\/wp-content\/uploads\/2021\/06\/2021_06_Metalora-3.jpg 1920w, https:\/\/www.cm-evora.pt\/wp-content\/uploads\/2021\/06\/2021_06_Metalora-3-300x200.jpg 300w, https:\/\/www.cm-evora.pt\/wp-content\/uploads\/2021\/06\/2021_06_Metalora-3-1024x683.jpg 1024w, https:\/\/www.cm-evora.pt\/wp-content\/uploads\/2021\/06\/2021_06_Metalora-3-768x512.jpg 768w, https:\/\/www.cm-evora.pt\/wp-content\/uploads\/2021\/06\/2021_06_Metalora-3-1536x1024.jpg 1536w, https:\/\/www.cm-evora.pt\/wp-content\/uploads\/2021\/06\/2021_06_Metalora-3-1320x880.jpg 1320w\" sizes=\"auto, (max-width: 1920px) 100vw, 1920px\" \/><\/a>\n\t\t\t<\/dt><\/dl><br style=\"clear: both\" \/><dl class='gallery-item'>\n\t\t\t<dt class='gallery-icon landscape'>\n\t\t\t\t<a href='https:\/\/www.cm-evora.pt\/en\/presidente-da-camara-visita-a-empresa-metalora-lda\/2021_06_metalora-2\/'><img loading=\"lazy\" decoding=\"async\" width=\"1920\" height=\"1256\" src=\"https:\/\/www.cm-evora.pt\/wp-content\/uploads\/2021\/06\/2021_06_Metalora-2.jpg\" class=\"attachment-full size-full\" alt=\"\" srcset=\"https:\/\/www.cm-evora.pt\/wp-content\/uploads\/2021\/06\/2021_06_Metalora-2.jpg 1920w, https:\/\/www.cm-evora.pt\/wp-content\/uploads\/2021\/06\/2021_06_Metalora-2-300x196.jpg 300w, https:\/\/www.cm-evora.pt\/wp-content\/uploads\/2021\/06\/2021_06_Metalora-2-1024x670.jpg 1024w, https:\/\/www.cm-evora.pt\/wp-content\/uploads\/2021\/06\/2021_06_Metalora-2-768x502.jpg 768w, https:\/\/www.cm-evora.pt\/wp-content\/uploads\/2021\/06\/2021_06_Metalora-2-1536x1005.jpg 1536w, https:\/\/www.cm-evora.pt\/wp-content\/uploads\/2021\/06\/2021_06_Metalora-2-1320x864.jpg 1320w\" sizes=\"auto, (max-width: 1920px) 100vw, 1920px\" \/><\/a>\n\t\t\t<\/dt><\/dl><dl class='gallery-item'>\n\t\t\t<dt class='gallery-icon landscape'>\n\t\t\t\t<a href='https:\/\/www.cm-evora.pt\/en\/presidente-da-camara-visita-a-empresa-metalora-lda\/2021_06_metalora-5\/'><img loading=\"lazy\" decoding=\"async\" width=\"1920\" height=\"1006\" src=\"https:\/\/www.cm-evora.pt\/wp-content\/uploads\/2021\/06\/2021_06_Metalora-5.jpg\" class=\"attachment-full size-full\" alt=\"\" srcset=\"https:\/\/www.cm-evora.pt\/wp-content\/uploads\/2021\/06\/2021_06_Metalora-5.jpg 1920w, https:\/\/www.cm-evora.pt\/wp-content\/uploads\/2021\/06\/2021_06_Metalora-5-300x157.jpg 300w, https:\/\/www.cm-evora.pt\/wp-content\/uploads\/2021\/06\/2021_06_Metalora-5-1024x537.jpg 1024w, https:\/\/www.cm-evora.pt\/wp-content\/uploads\/2021\/06\/2021_06_Metalora-5-768x402.jpg 768w, https:\/\/www.cm-evora.pt\/wp-content\/uploads\/2021\/06\/2021_06_Metalora-5-1536x805.jpg 1536w, https:\/\/www.cm-evora.pt\/wp-content\/uploads\/2021\/06\/2021_06_Metalora-5-1320x692.jpg 1320w\" sizes=\"auto, (max-width: 1920px) 100vw, 1920px\" \/><\/a>\n\t\t\t<\/dt><\/dl><br style=\"clear: both\" \/><dl class='gallery-item'>\n\t\t\t<dt class='gallery-icon landscape'>\n\t\t\t\t<a href='https:\/\/www.cm-evora.pt\/en\/presidente-da-camara-visita-a-empresa-metalora-lda\/2021_06_metalora\/'><img loading=\"lazy\" decoding=\"async\" width=\"1920\" height=\"1280\" src=\"https:\/\/www.cm-evora.pt\/wp-content\/uploads\/2021\/06\/2021_06_Metalora.jpg\" class=\"attachment-full size-full\" alt=\"\" srcset=\"https:\/\/www.cm-evora.pt\/wp-content\/uploads\/2021\/06\/2021_06_Metalora.jpg 1920w, https:\/\/www.cm-evora.pt\/wp-content\/uploads\/2021\/06\/2021_06_Metalora-300x200.jpg 300w, https:\/\/www.cm-evora.pt\/wp-content\/uploads\/2021\/06\/2021_06_Metalora-1024x683.jpg 1024w, https:\/\/www.cm-evora.pt\/wp-content\/uploads\/2021\/06\/2021_06_Metalora-768x512.jpg 768w, https:\/\/www.cm-evora.pt\/wp-content\/uploads\/2021\/06\/2021_06_Metalora-1536x1024.jpg 1536w, https:\/\/www.cm-evora.pt\/wp-content\/uploads\/2021\/06\/2021_06_Metalora-1320x880.jpg 1320w\" sizes=\"auto, (max-width: 1920px) 100vw, 1920px\" \/><\/a>\n\t\t\t<\/dt><\/dl>\n\t\t\t<br style='clear: both' \/>\n\t\t<\/div>\n<\/p>","protected":false},"excerpt":{"rendered":"<p>Sorry, this entry is only available in Portugu\u00eas.As pequenas e m\u00e9dias empresas s\u00e3o um importante fator de desenvolvimento econ\u00f3mico. No Concelho de \u00c9vora existem bons exemplos de sucesso que \u00e9 importante apoiar, quer seja na cria\u00e7\u00e3o de condi\u00e7\u00f5es que incentivem a sua implanta\u00e7\u00e3o, quer seja no respetivo processo de consolida\u00e7\u00e3o e desenvolvimento. No passado dia [&hellip;]<\/p>\n","protected":false},"author":37,"featured_media":23711,"comment_status":"closed","ping_status":"closed","sticky":false,"template":"","format":"standard","meta":{"_acf_changed":false,"footnotes":""},"categories":[2110],"tags":[],"class_list":["post-23706","post","type-post","status-publish","format-standard","has-post-thumbnail","hentry","category-noticias"],"acf":{"imagens":"","destaq_image":23711,"titulo_docs_seccao":"","documentos":""},"_links":{"self":[{"href":"https:\/\/www.cm-evora.pt\/en\/wp-json\/wp\/v2\/posts\/23706","targetHints":{"allow":["GET"]}}],"collection":[{"href":"https:\/\/www.cm-evora.pt\/en\/wp-json\/wp\/v2\/posts"}],"about":[{"href":"https:\/\/www.cm-evora.pt\/en\/wp-json\/wp\/v2\/types\/post"}],"author":[{"embeddable":true,"href":"https:\/\/www.cm-evora.pt\/en\/wp-json\/wp\/v2\/users\/37"}],"replies":[{"embeddable":true,"href":"https:\/\/www.cm-evora.pt\/en\/wp-json\/wp\/v2\/comments?post=23706"}],"version-history":[{"count":1,"href":"https:\/\/www.cm-evora.pt\/en\/wp-json\/wp\/v2\/posts\/23706\/revisions"}],"predecessor-version":[{"id":23712,"href":"https:\/\/www.cm-evora.pt\/en\/wp-json\/wp\/v2\/posts\/23706\/revisions\/23712"}],"wp:featuredmedia":[{"embeddable":true,"href":"https:\/\/www.cm-evora.pt\/en\/wp-json\/wp\/v2\/media\/23711"}],"wp:attachment":[{"href":"https:\/\/www.cm-evora.pt\/en\/wp-json\/wp\/v2\/media?parent=23706"}],"wp:term":[{"taxonomy":"category","embeddable":true,"href":"https:\/\/www.cm-evora.pt\/en\/wp-json\/wp\/v2\/categories?post=23706"},{"taxonomy":"post_tag","embeddable":true,"href":"https:\/\/www.cm-evora.pt\/en\/wp-json\/wp\/v2\/tags?post=23706"}],"curies":[{"name":"wp","href":"https:\/\/api.w.org\/{rel}","templated":true}]}}