{"id":23726,"date":"2021-06-14T11:57:08","date_gmt":"2021-06-14T10:57:08","guid":{"rendered":"https:\/\/www.cm-evora.pt\/?p=23726"},"modified":"2021-07-07T09:41:02","modified_gmt":"2021-07-07T08:41:02","slug":"portadores-de-arte-projeto-de-mediacao-artistica-e-de-comunidade","status":"publish","type":"post","link":"https:\/\/www.cm-evora.pt\/en\/portadores-de-arte-projeto-de-mediacao-artistica-e-de-comunidade\/","title":{"rendered":"(Portugu\u00eas) PORTADORES DE ARTE [Projeto de media\u00e7\u00e3o art\u00edstica e de comunidade]"},"content":{"rendered":"<p class=\"qtranxs-available-languages-message qtranxs-available-languages-message-en\">Sorry, this entry is only available in <a href=\"https:\/\/www.cm-evora.pt\/pt\/wp-json\/wp\/v2\/posts\/23726\" class=\"qtranxs-available-language-link qtranxs-available-language-link-pt\" title=\"Portugu\u00eas\">Portugu\u00eas<\/a>.<\/p><p><\/p>\n<div dir=\"auto\">Portadores de Arte \u00e9 um projeto de media\u00e7\u00e3o art\u00edstica e de comunidade coorganizado pela C\u00e2mara Municipal de \u00c9vora e Capote \u2013 Associa\u00e7\u00e3o Cultural, vocacionado para as diferentes freguesias do concelho de \u00c9vora, que atrav\u00e9s da pr\u00e1tica art\u00edstica e cultural e, numa abordagem criativa e colaborativa, promove a participa\u00e7\u00e3o e o acesso \u00e0 arte de forma equitativa, inclusiva e regular.<\/div>\n<div dir=\"auto\">O projeto arrancou com o lan\u00e7amento da Bolsa de Media\u00e7\u00e3o Art\u00edstica em Mar\u00e7o deste ano, dirigida \u00e0 comunidade criativa e art\u00edstica do Concelho de \u00c9vora, onde foram selecionados 23 Portadores de Arte, entre mais de 60 inscritos. Nesta fase inicial, que decorre entre Junho e Agosto, o projeto desenvolve-se em simult\u00e2neo, em seis freguesias &#8211; Bacelo e Senhora da Sa\u00fade, Canaviais, Nossa Senhora da Gra\u00e7a do Divor, S\u00e3o Sebasti\u00e3o da Giesteira e Boa-F\u00e9, Nossa Senhora da Tourega e Nossa Senhora de Guadalupe e S\u00e3o Miguel de Machede.<\/div>\n<div dir=\"auto\">De momento, est\u00e3o sete equipas de Portadores das diversas \u00e1reas criativas e art\u00edstica em contacto com os diferentes territ\u00f3rios, agentes e entidades, num processo de ausculta\u00e7\u00e3o e conviv\u00eancia. Durante este per\u00edodo, ser\u00e3o desenvolvidos projetos e din\u00e2micas regulares com oficinas e interven\u00e7\u00f5es art\u00edsticas nas seis freguesias.<\/div>\n<div dir=\"auto\">A primeira Oficina Criativa arrancou a 12 de Junho na Freguesia do Bacelo com a Oficina de Desenho e Pintura, com novas datas a 19 e 26 de Junho (das 16h \u00e0s 20h), segue-se S\u00e3o Miguel de Machede tamb\u00e9m a 19 e 26 de Junho com a Oficina de Est\u00f3rias e Barro (das 10h \u00e0s 12h30 e 15h \u00e0s 18h) e um Encontro de M\u00fasica, Teatro e Artes Visuais na Freguesia de Guadalupe a 26 de Junho (as 17h30).<\/div>\n<div dir=\"auto\">As pr\u00e1ticas colaborativas nascem do e no encontro, da e na diferen\u00e7a, da e na pluralidade &#8211; mat\u00e9ria-prima da diversidade, e neste projeto \u201cCo-laborar\u201d \u00e9 inventar e transformar, a cada momento, formas de \u201cfazer com\u201d o outro.<\/div>\n<div dir=\"auto\">\n\n\t\t<style type=\"text\/css\">\n\t\t\t#gallery-1 {\n\t\t\t\tmargin: auto;\n\t\t\t}\n\t\t\t#gallery-1 .gallery-item {\n\t\t\t\tfloat: left;\n\t\t\t\tmargin-top: 10px;\n\t\t\t\ttext-align: center;\n\t\t\t\twidth: 33%;\n\t\t\t}\n\t\t\t#gallery-1 img {\n\t\t\t\tborder: 2px solid #cfcfcf;\n\t\t\t}\n\t\t\t#gallery-1 .gallery-caption {\n\t\t\t\tmargin-left: 0;\n\t\t\t}\n\t\t\t\/* see gallery_shortcode() in wp-includes\/media.php *\/\n\t\t<\/style>\n\t\t<div id='gallery-1' class='gallery galleryid-23726 gallery-columns-3 gallery-size-full'><dl class='gallery-item'>\n\t\t\t<dt class='gallery-icon landscape'>\n\t\t\t\t<a href='https:\/\/www.cm-evora.pt\/wp-content\/uploads\/2021\/06\/191348841_156471073169813_4197329145436979714_n.jpg'><img loading=\"lazy\" decoding=\"async\" width=\"960\" height=\"718\" src=\"https:\/\/www.cm-evora.pt\/wp-content\/uploads\/2021\/06\/191348841_156471073169813_4197329145436979714_n.jpg\" class=\"attachment-full size-full\" alt=\"\" srcset=\"https:\/\/www.cm-evora.pt\/wp-content\/uploads\/2021\/06\/191348841_156471073169813_4197329145436979714_n.jpg 960w, https:\/\/www.cm-evora.pt\/wp-content\/uploads\/2021\/06\/191348841_156471073169813_4197329145436979714_n-300x224.jpg 300w, https:\/\/www.cm-evora.pt\/wp-content\/uploads\/2021\/06\/191348841_156471073169813_4197329145436979714_n-768x574.jpg 768w\" sizes=\"auto, (max-width: 960px) 100vw, 960px\" \/><\/a>\n\t\t\t<\/dt><\/dl><dl class='gallery-item'>\n\t\t\t<dt class='gallery-icon landscape'>\n\t\t\t\t<a href='https:\/\/www.cm-evora.pt\/wp-content\/uploads\/2021\/06\/200163816_156470983169822_1432766322655621705_n-1.jpg'><img loading=\"lazy\" decoding=\"async\" width=\"960\" height=\"718\" src=\"https:\/\/www.cm-evora.pt\/wp-content\/uploads\/2021\/06\/200163816_156470983169822_1432766322655621705_n-1.jpg\" class=\"attachment-full size-full\" alt=\"\" srcset=\"https:\/\/www.cm-evora.pt\/wp-content\/uploads\/2021\/06\/200163816_156470983169822_1432766322655621705_n-1.jpg 960w, https:\/\/www.cm-evora.pt\/wp-content\/uploads\/2021\/06\/200163816_156470983169822_1432766322655621705_n-1-300x224.jpg 300w, https:\/\/www.cm-evora.pt\/wp-content\/uploads\/2021\/06\/200163816_156470983169822_1432766322655621705_n-1-768x574.jpg 768w\" sizes=\"auto, (max-width: 960px) 100vw, 960px\" \/><\/a>\n\t\t\t<\/dt><\/dl><dl class='gallery-item'>\n\t\t\t<dt class='gallery-icon landscape'>\n\t\t\t\t<a href='https:\/\/www.cm-evora.pt\/wp-content\/uploads\/2021\/06\/201236816_156471016503152_6940013200287176555_n.jpg'><img loading=\"lazy\" decoding=\"async\" width=\"960\" height=\"718\" src=\"https:\/\/www.cm-evora.pt\/wp-content\/uploads\/2021\/06\/201236816_156471016503152_6940013200287176555_n.jpg\" class=\"attachment-full size-full\" alt=\"\" srcset=\"https:\/\/www.cm-evora.pt\/wp-content\/uploads\/2021\/06\/201236816_156471016503152_6940013200287176555_n.jpg 960w, https:\/\/www.cm-evora.pt\/wp-content\/uploads\/2021\/06\/201236816_156471016503152_6940013200287176555_n-300x224.jpg 300w, https:\/\/www.cm-evora.pt\/wp-content\/uploads\/2021\/06\/201236816_156471016503152_6940013200287176555_n-768x574.jpg 768w\" sizes=\"auto, (max-width: 960px) 100vw, 960px\" \/><\/a>\n\t\t\t<\/dt><\/dl><br style=\"clear: both\" \/>\n\t\t<\/div>\n\n<\/div>\n<p><\/p>","protected":false},"excerpt":{"rendered":"<p>Sorry, this entry is only available in Portugu\u00eas. Portadores de Arte \u00e9 um projeto de media\u00e7\u00e3o art\u00edstica e de comunidade coorganizado pela C\u00e2mara Municipal de \u00c9vora e Capote \u2013 Associa\u00e7\u00e3o Cultural, vocacionado para as diferentes freguesias do concelho de \u00c9vora, que atrav\u00e9s da pr\u00e1tica art\u00edstica e cultural e, numa abordagem criativa e colaborativa, promove a [&hellip;]<\/p>\n","protected":false},"author":59,"featured_media":23731,"comment_status":"closed","ping_status":"closed","sticky":false,"template":"","format":"standard","meta":{"_acf_changed":false,"footnotes":""},"categories":[2110],"tags":[],"class_list":["post-23726","post","type-post","status-publish","format-standard","has-post-thumbnail","hentry","category-noticias"],"acf":{"imagens":"","destaq_image":23732,"titulo_docs_seccao":"","documentos":""},"_links":{"self":[{"href":"https:\/\/www.cm-evora.pt\/en\/wp-json\/wp\/v2\/posts\/23726","targetHints":{"allow":["GET"]}}],"collection":[{"href":"https:\/\/www.cm-evora.pt\/en\/wp-json\/wp\/v2\/posts"}],"about":[{"href":"https:\/\/www.cm-evora.pt\/en\/wp-json\/wp\/v2\/types\/post"}],"author":[{"embeddable":true,"href":"https:\/\/www.cm-evora.pt\/en\/wp-json\/wp\/v2\/users\/59"}],"replies":[{"embeddable":true,"href":"https:\/\/www.cm-evora.pt\/en\/wp-json\/wp\/v2\/comments?post=23726"}],"version-history":[{"count":1,"href":"https:\/\/www.cm-evora.pt\/en\/wp-json\/wp\/v2\/posts\/23726\/revisions"}],"predecessor-version":[{"id":23733,"href":"https:\/\/www.cm-evora.pt\/en\/wp-json\/wp\/v2\/posts\/23726\/revisions\/23733"}],"wp:featuredmedia":[{"embeddable":true,"href":"https:\/\/www.cm-evora.pt\/en\/wp-json\/wp\/v2\/media\/23731"}],"wp:attachment":[{"href":"https:\/\/www.cm-evora.pt\/en\/wp-json\/wp\/v2\/media?parent=23726"}],"wp:term":[{"taxonomy":"category","embeddable":true,"href":"https:\/\/www.cm-evora.pt\/en\/wp-json\/wp\/v2\/categories?post=23726"},{"taxonomy":"post_tag","embeddable":true,"href":"https:\/\/www.cm-evora.pt\/en\/wp-json\/wp\/v2\/tags?post=23726"}],"curies":[{"name":"wp","href":"https:\/\/api.w.org\/{rel}","templated":true}]}}