{"id":23804,"date":"2021-06-16T17:34:29","date_gmt":"2021-06-16T16:34:29","guid":{"rendered":"https:\/\/www.cm-evora.pt\/?p=23804"},"modified":"2021-07-07T09:42:27","modified_gmt":"2021-07-07T08:42:27","slug":"moinhos-do-alto-de-sao-bento-pintados","status":"publish","type":"post","link":"https:\/\/www.cm-evora.pt\/en\/moinhos-do-alto-de-sao-bento-pintados\/","title":{"rendered":"(Portugu\u00eas) Moinhos do Alto de S\u00e3o Bento pintados"},"content":{"rendered":"<p class=\"qtranxs-available-languages-message qtranxs-available-languages-message-en\">Sorry, this entry is only available in <a href=\"https:\/\/www.cm-evora.pt\/pt\/wp-json\/wp\/v2\/posts\/23804\" class=\"qtranxs-available-language-link qtranxs-available-language-link-pt\" title=\"Portugu\u00eas\">Portugu\u00eas<\/a>.<\/p><p>No \u00e2mbito do Programa Municipal de Preserva\u00e7\u00e3o e Valoriza\u00e7\u00e3o do Patrim\u00f3nio, prossegue a pintura de espa\u00e7o p\u00fablico, desta feita no Alto de S\u00e3o Bento.<\/p>\n<p>Em paralelo com a recupera\u00e7\u00e3o de um dos moinhos de vento para a fun\u00e7\u00e3o tradicional da moagem de cereal, que decorre a bom ritmo, foram pintados dois dos moinhos do n\u00facleo molinol\u00f3gico j\u00e1 recuperados e onde se desenvolvem atividades nas \u00e1reas das ci\u00eancias naturais e ambiente, cidadania, hist\u00f3ria e patrim\u00f3nio.<\/p>\n<p>\n\t\t<style type=\"text\/css\">\n\t\t\t#gallery-1 {\n\t\t\t\tmargin: auto;\n\t\t\t}\n\t\t\t#gallery-1 .gallery-item {\n\t\t\t\tfloat: left;\n\t\t\t\tmargin-top: 10px;\n\t\t\t\ttext-align: center;\n\t\t\t\twidth: 50%;\n\t\t\t}\n\t\t\t#gallery-1 img {\n\t\t\t\tborder: 2px solid #cfcfcf;\n\t\t\t}\n\t\t\t#gallery-1 .gallery-caption {\n\t\t\t\tmargin-left: 0;\n\t\t\t}\n\t\t\t\/* see gallery_shortcode() in wp-includes\/media.php *\/\n\t\t<\/style>\n\t\t<div id='gallery-1' class='gallery galleryid-23804 gallery-columns-2 gallery-size-full'><dl class='gallery-item'>\n\t\t\t<dt class='gallery-icon landscape'>\n\t\t\t\t<a href='https:\/\/www.cm-evora.pt\/wp-content\/uploads\/2021\/06\/2_red.jpg'><img loading=\"lazy\" decoding=\"async\" width=\"1920\" height=\"1280\" src=\"https:\/\/www.cm-evora.pt\/wp-content\/uploads\/2021\/06\/2_red.jpg\" class=\"attachment-full size-full\" alt=\"\" srcset=\"https:\/\/www.cm-evora.pt\/wp-content\/uploads\/2021\/06\/2_red.jpg 1920w, https:\/\/www.cm-evora.pt\/wp-content\/uploads\/2021\/06\/2_red-300x200.jpg 300w, https:\/\/www.cm-evora.pt\/wp-content\/uploads\/2021\/06\/2_red-1024x683.jpg 1024w, https:\/\/www.cm-evora.pt\/wp-content\/uploads\/2021\/06\/2_red-768x512.jpg 768w, https:\/\/www.cm-evora.pt\/wp-content\/uploads\/2021\/06\/2_red-1536x1024.jpg 1536w, https:\/\/www.cm-evora.pt\/wp-content\/uploads\/2021\/06\/2_red-1320x880.jpg 1320w\" sizes=\"auto, (max-width: 1920px) 100vw, 1920px\" \/><\/a>\n\t\t\t<\/dt><\/dl><dl class='gallery-item'>\n\t\t\t<dt class='gallery-icon portrait'>\n\t\t\t\t<a href='https:\/\/www.cm-evora.pt\/wp-content\/uploads\/2021\/06\/5_red-scaled.jpg'><img loading=\"lazy\" decoding=\"async\" width=\"1707\" height=\"2560\" src=\"https:\/\/www.cm-evora.pt\/wp-content\/uploads\/2021\/06\/5_red-scaled.jpg\" class=\"attachment-full size-full\" alt=\"\" srcset=\"https:\/\/www.cm-evora.pt\/wp-content\/uploads\/2021\/06\/5_red-scaled.jpg 1707w, https:\/\/www.cm-evora.pt\/wp-content\/uploads\/2021\/06\/5_red-200x300.jpg 200w, https:\/\/www.cm-evora.pt\/wp-content\/uploads\/2021\/06\/5_red-683x1024.jpg 683w, https:\/\/www.cm-evora.pt\/wp-content\/uploads\/2021\/06\/5_red-768x1152.jpg 768w, https:\/\/www.cm-evora.pt\/wp-content\/uploads\/2021\/06\/5_red-1024x1536.jpg 1024w, https:\/\/www.cm-evora.pt\/wp-content\/uploads\/2021\/06\/5_red-1365x2048.jpg 1365w, https:\/\/www.cm-evora.pt\/wp-content\/uploads\/2021\/06\/5_red-1320x1980.jpg 1320w\" sizes=\"auto, (max-width: 1707px) 100vw, 1707px\" \/><\/a>\n\t\t\t<\/dt><\/dl><br style=\"clear: both\" \/><dl class='gallery-item'>\n\t\t\t<dt class='gallery-icon portrait'>\n\t\t\t\t<a href='https:\/\/www.cm-evora.pt\/wp-content\/uploads\/2021\/06\/3_red-scaled.jpg'><img loading=\"lazy\" decoding=\"async\" width=\"1707\" height=\"2560\" src=\"https:\/\/www.cm-evora.pt\/wp-content\/uploads\/2021\/06\/3_red-scaled.jpg\" class=\"attachment-full size-full\" alt=\"\" srcset=\"https:\/\/www.cm-evora.pt\/wp-content\/uploads\/2021\/06\/3_red-scaled.jpg 1707w, https:\/\/www.cm-evora.pt\/wp-content\/uploads\/2021\/06\/3_red-200x300.jpg 200w, https:\/\/www.cm-evora.pt\/wp-content\/uploads\/2021\/06\/3_red-683x1024.jpg 683w, https:\/\/www.cm-evora.pt\/wp-content\/uploads\/2021\/06\/3_red-768x1152.jpg 768w, https:\/\/www.cm-evora.pt\/wp-content\/uploads\/2021\/06\/3_red-1024x1536.jpg 1024w, https:\/\/www.cm-evora.pt\/wp-content\/uploads\/2021\/06\/3_red-1365x2048.jpg 1365w, https:\/\/www.cm-evora.pt\/wp-content\/uploads\/2021\/06\/3_red-1320x1980.jpg 1320w\" sizes=\"auto, (max-width: 1707px) 100vw, 1707px\" \/><\/a>\n\t\t\t<\/dt><\/dl><dl class='gallery-item'>\n\t\t\t<dt class='gallery-icon landscape'>\n\t\t\t\t<a href='https:\/\/www.cm-evora.pt\/wp-content\/uploads\/2021\/06\/4_red.jpg'><img loading=\"lazy\" decoding=\"async\" width=\"1920\" height=\"1280\" src=\"https:\/\/www.cm-evora.pt\/wp-content\/uploads\/2021\/06\/4_red.jpg\" class=\"attachment-full size-full\" alt=\"\" srcset=\"https:\/\/www.cm-evora.pt\/wp-content\/uploads\/2021\/06\/4_red.jpg 1920w, https:\/\/www.cm-evora.pt\/wp-content\/uploads\/2021\/06\/4_red-300x200.jpg 300w, https:\/\/www.cm-evora.pt\/wp-content\/uploads\/2021\/06\/4_red-1024x683.jpg 1024w, https:\/\/www.cm-evora.pt\/wp-content\/uploads\/2021\/06\/4_red-768x512.jpg 768w, https:\/\/www.cm-evora.pt\/wp-content\/uploads\/2021\/06\/4_red-1536x1024.jpg 1536w, https:\/\/www.cm-evora.pt\/wp-content\/uploads\/2021\/06\/4_red-1320x880.jpg 1320w\" sizes=\"auto, (max-width: 1920px) 100vw, 1920px\" \/><\/a>\n\t\t\t<\/dt><\/dl><br style=\"clear: both\" \/>\n\t\t<\/div>\n<\/p>","protected":false},"excerpt":{"rendered":"<p>Sorry, this entry is only available in Portugu\u00eas.No \u00e2mbito do Programa Municipal de Preserva\u00e7\u00e3o e Valoriza\u00e7\u00e3o do Patrim\u00f3nio, prossegue a pintura de espa\u00e7o p\u00fablico, desta feita no Alto de S\u00e3o Bento. Em paralelo com a recupera\u00e7\u00e3o de um dos moinhos de vento para a fun\u00e7\u00e3o tradicional da moagem de cereal, que decorre a bom ritmo, [&hellip;]<\/p>\n","protected":false},"author":37,"featured_media":23805,"comment_status":"closed","ping_status":"closed","sticky":false,"template":"","format":"standard","meta":{"_acf_changed":false,"footnotes":""},"categories":[2110],"tags":[],"class_list":["post-23804","post","type-post","status-publish","format-standard","has-post-thumbnail","hentry","category-noticias"],"acf":{"imagens":"","destaq_image":23805,"titulo_docs_seccao":"","documentos":""},"_links":{"self":[{"href":"https:\/\/www.cm-evora.pt\/en\/wp-json\/wp\/v2\/posts\/23804","targetHints":{"allow":["GET"]}}],"collection":[{"href":"https:\/\/www.cm-evora.pt\/en\/wp-json\/wp\/v2\/posts"}],"about":[{"href":"https:\/\/www.cm-evora.pt\/en\/wp-json\/wp\/v2\/types\/post"}],"author":[{"embeddable":true,"href":"https:\/\/www.cm-evora.pt\/en\/wp-json\/wp\/v2\/users\/37"}],"replies":[{"embeddable":true,"href":"https:\/\/www.cm-evora.pt\/en\/wp-json\/wp\/v2\/comments?post=23804"}],"version-history":[{"count":1,"href":"https:\/\/www.cm-evora.pt\/en\/wp-json\/wp\/v2\/posts\/23804\/revisions"}],"predecessor-version":[{"id":23810,"href":"https:\/\/www.cm-evora.pt\/en\/wp-json\/wp\/v2\/posts\/23804\/revisions\/23810"}],"wp:featuredmedia":[{"embeddable":true,"href":"https:\/\/www.cm-evora.pt\/en\/wp-json\/wp\/v2\/media\/23805"}],"wp:attachment":[{"href":"https:\/\/www.cm-evora.pt\/en\/wp-json\/wp\/v2\/media?parent=23804"}],"wp:term":[{"taxonomy":"category","embeddable":true,"href":"https:\/\/www.cm-evora.pt\/en\/wp-json\/wp\/v2\/categories?post=23804"},{"taxonomy":"post_tag","embeddable":true,"href":"https:\/\/www.cm-evora.pt\/en\/wp-json\/wp\/v2\/tags?post=23804"}],"curies":[{"name":"wp","href":"https:\/\/api.w.org\/{rel}","templated":true}]}}